{"id":91510,"date":"2025-11-20T00:49:24","date_gmt":"2025-11-20T00:49:24","guid":{"rendered":"https:\/\/www.europesays.com\/no\/91510\/"},"modified":"2025-11-20T00:49:24","modified_gmt":"2025-11-20T00:49:24","slug":"jon-blir-bonde-jon-almaas","status":"publish","type":"post","link":"https:\/\/www.europesays.com\/no\/91510\/","title":{"rendered":"Jon blir bonde, Jon Almaas"},"content":{"rendered":"\n<p>V\u00e5ren 2024 ble \u00abJon blir bonde\u00bb en gigantisk suksess for TVNorge, og til v\u00e5ren er andre sesong i gang. Jon Almaas og kona Ellen fortsetter kampen for \u00e5 drive l\u00f8nnsom g\u00e5rd, men utfordringene er fortsatt store.<\/p>\n<p>\u2013 Landbruket rister deg som en filledukke og n\u00e5 er vi i gang igjen. I fjor visste jeg jo ingenting om \u00e5 v\u00e6re bonde, s\u00e5 jeg f\u00f8ler meg mer som en bonde i \u00e5r, sier Jon Almaas i en pressemelding.<\/p>\n<p>  <a href=\"https:\/\/www.nationen.no\/5-148-817341\" class=\"related-teaser has-image default-story-teaser article--c-eRUmMG article--c-eRUmMG-jKCPdD-design-default\" rel=\"nofollow noopener\" target=\"_blank\"><\/p>\n<p>    <img decoding=\"async\" loading=\"lazy\"  src=\"https:\/\/www.europesays.com\/no\/wp-content\/uploads\/2025\/11\/1763599762_100_cueres_scp-mangler_navn_ro4EbkzsOEY.jpg\" alt=\"\" class=\"brick-c-cFOWSL\" style=\"\"\/><\/p>\n<p>\n            Les ogs\u00e5<\/p>\n<p>              Ingebrigtsen lover \u00e5 bytte ut luksusbolig med nykj\u00f8pt g\u00e5rd\n        <\/p>\n<p>  <\/a><\/p>\n<p>T\u00f8rke, ugress og \u00f8konomiske utfordringer preger hverdagen. Paret jobber hardt for \u00e5 f\u00e5 bedre kontroll p\u00e5 driften i sitt andre \u00e5r som b\u00f8nder.<\/p>\n<p>\u2013 Det vi har fors\u00f8kt p\u00e5 i \u00e5r, er \u00e5 snu hver stein for \u00e5 pr\u00f8ve \u00e5 f\u00e5 litt penger inn. Det renner mye penger ut, s\u00e5 man m\u00e5 pr\u00f8ve \u00e5 kutte kostnader. Det er mye enklere \u00e5 bruke penger enn \u00e5 tjene penger i landbruket, sier Almaas.<\/p>\n<p>  <a href=\"https:\/\/www.nationen.no\/5-148-814397\" class=\"related-teaser has-image default-opinion-teaser article--c-eRUmMG article--c-eRUmMG-jKCPdD-design-default\" rel=\"nofollow noopener\" target=\"_blank\"><\/p>\n<p>    <img decoding=\"async\" loading=\"lazy\"  src=\"https:\/\/www.europesays.com\/no\/wp-content\/uploads\/2025\/11\/45c8b2ce-699d-44fa-bb8e-02a3e6b45c86.jfif\" alt=\"\" class=\"brick-c-cFOWSL\" style=\"\"\/><\/p>\n<p>\n            Les ogs\u00e5<\/p>\n<p>              Hva er problemet?\n        <\/p>\n<p>  <\/a><\/p>\n<p>Programdirekt\u00f8r Magnus Vatn i Warner Bros. Discovery bekrefter at suksessen gjorde en ny sesong selvf\u00f8lgelig. Han mener programmet treffer en nerve hos seerne ved \u00e5 vise b\u00e5de Jon Almaas fra en ny side og gi innsikt i moderne landbruk.<\/p>\n<p>  <a href=\"https:\/\/www.nationen.no\/5-148-798267\" class=\"related-teaser has-image default-story-teaser article--c-eRUmMG article--c-eRUmMG-jKCPdD-design-default\" rel=\"nofollow noopener\" target=\"_blank\"><\/p>\n<p>    <img decoding=\"async\" loading=\"lazy\"  src=\"https:\/\/www.europesays.com\/no\/wp-content\/uploads\/2025\/11\/jon+og+traktor.jfif\" alt=\"\" class=\"brick-c-cFOWSL\" style=\"\"\/><\/p>\n<p>\n            Les ogs\u00e5<\/p>\n<p>              Ny satsning: \u2013 Denne gangen gikk det str\u00e5lende\n        <\/p>\n<p>  <\/a><\/p>\n","protected":false},"excerpt":{"rendered":"V\u00e5ren 2024 ble \u00abJon blir bonde\u00bb en gigantisk suksess for TVNorge, og til v\u00e5ren er andre sesong i&hellip;\n","protected":false},"author":2,"featured_media":91511,"comment_status":"","ping_status":"","sticky":false,"template":"","format":"standard","meta":{"footnotes":""},"categories":[58],"tags":[36,71,3753,3754,755,30,28,29,1510,11968,72],"class_list":{"0":"post-91510","1":"post","2":"type-post","3":"status-publish","4":"format-standard","5":"has-post-thumbnail","7":"category-underholdning","8":"tag-art","9":"tag-entertainment","10":"tag-jon-almaas","11":"tag-jon-blir-bonde","12":"tag-landbruk","13":"tag-no","14":"tag-norge","15":"tag-norway","16":"tag-story","17":"tag-tv-norge","18":"tag-underholdning"},"share_on_mastodon":{"url":"https:\/\/pubeurope.com\/@no\/115579280813177686","error":""},"_links":{"self":[{"href":"https:\/\/www.europesays.com\/no\/wp-json\/wp\/v2\/posts\/91510","targetHints":{"allow":["GET"]}}],"collection":[{"href":"https:\/\/www.europesays.com\/no\/wp-json\/wp\/v2\/posts"}],"about":[{"href":"https:\/\/www.europesays.com\/no\/wp-json\/wp\/v2\/types\/post"}],"author":[{"embeddable":true,"href":"https:\/\/www.europesays.com\/no\/wp-json\/wp\/v2\/users\/2"}],"replies":[{"embeddable":true,"href":"https:\/\/www.europesays.com\/no\/wp-json\/wp\/v2\/comments?post=91510"}],"version-history":[{"count":0,"href":"https:\/\/www.europesays.com\/no\/wp-json\/wp\/v2\/posts\/91510\/revisions"}],"wp:featuredmedia":[{"embeddable":true,"href":"https:\/\/www.europesays.com\/no\/wp-json\/wp\/v2\/media\/91511"}],"wp:attachment":[{"href":"https:\/\/www.europesays.com\/no\/wp-json\/wp\/v2\/media?parent=91510"}],"wp:term":[{"taxonomy":"category","embeddable":true,"href":"https:\/\/www.europesays.com\/no\/wp-json\/wp\/v2\/categories?post=91510"},{"taxonomy":"post_tag","embeddable":true,"href":"https:\/\/www.europesays.com\/no\/wp-json\/wp\/v2\/tags?post=91510"}],"curies":[{"name":"wp","href":"https:\/\/api.w.org\/{rel}","templated":true}]}}