{"id":91512,"date":"2025-11-20T00:55:10","date_gmt":"2025-11-20T00:55:10","guid":{"rendered":"https:\/\/www.europesays.com\/no\/91512\/"},"modified":"2025-11-20T00:55:10","modified_gmt":"2025-11-20T00:55:10","slug":"kultur-banana-airlines-banana-airlines-vokalist-kai-kiil-er-dod-en-positiv-og-familiekjaer-mann-som-tok-sa-godt-vare-pa-alle-rundt-seg","status":"publish","type":"post","link":"https:\/\/www.europesays.com\/no\/91512\/","title":{"rendered":"Kultur, Banana Airlines | Banana Airlines-vokalist Kai Kiil er d\u00f8d: \u2013 En positiv og familiekj\u00e6r mann som tok s\u00e5 godt vare p\u00e5 alle rundt seg"},"content":{"rendered":"\n<p>\u2013 Det er med stor sorg vi kan meddele at Kai Kiil sovnet inn p\u00e5 Stokmarknes, onsdag 19. november. V\u00e5r kaptein vil alltid v\u00e6re i v\u00e5re hjerter, skriver bandet p\u00e5 <a href=\"https:\/\/www.facebook.com\/bananaairlines\" rel=\"Follow nofollow noopener\" target=\"_blank\">Facebook <\/a>onsdag kveld.<\/p>\n<p>Kai Kiil var vokalisten og \u00abpiloten\u00bb i det velkjente bandet Banana Airlines, som ble dannet i Stokmarknes p\u00e5 starten av 80-tallet. Kiil var opprinnelig fra Finnmark, og startet \u00e5 spille musikk som 14-\u00e5ring.<\/p>\n<p>Banana Airlines slo for alvor gjennom i 1983 med sin versjon av \u00abEn glad calypso om v\u00e5ren\u00bb og er kjent for sine humoristiske tekster og l\u00e5ter som \u00abNordmenn er gale\u00bb og \u00abVads\u00f8\u00bb. I 1990 deltok Bandet i den norske Melodi Grand Prix-finalen med l\u00e5ten \u00abCallabero\u00bb, og de har ogs\u00e5 v\u00e6rt med i filmen \u00abKill Buljo\u00bb. Kiil har ogs\u00e5 figurert p\u00e5 TV-skjermen i NRK-serien \u00ab<a href=\"https:\/\/tv.nrk.no\/serie\/vaktmesteren\/sesong\/1\" rel=\"Follow nofollow noopener\" target=\"_blank\">Vaktmesteren<\/a>\u00bb, hvor han blant annet l\u00e6rte barn \u00e5 synge \u00abVi vil ha fri\u00bb.<\/p>\n<p>Bandet har v\u00e6rt sv\u00e6rt popul\u00e6re p\u00e5 den norske konsertscenen, til tross for kritiske musikkanmeldere. P\u00e5 sin egen nettside beskriver Banana Airlines seg som \u00abelsket av folket, og hatet av kritikere\u00bb.<\/p>\n<p>   <img decoding=\"async\" width=\"3977\" height=\"3203\" fetchpriority=\"low\"  loading=\"lazy\"  src=\"https:\/\/www.europesays.com\/no\/wp-content\/uploads\/2025\/11\/5_42_972928_Kai_Kiil_og_Thore_Hansen_p__Ranamessa_1990.jpg\" alt=\"Artistene Kai Kiil (Banana Airlines) og Tore Hansen p\u00e5 Ranamessa 1990. Hansen er mest kjent som vokalist i Unit Five som var et av Norges mest popul\u00e6re danseband p\u00e5 sytti- og \u00e5ttitallet. Ranamessa hadde sine oppturer og nedturer. 1990 trakk cirka 5000 publikummere og p\u00e5 Moheia var det handel og vandel, underholdning, fl\u00f8rting p\u00e5 tivoliet og folk bidro p\u00e5 dugnad for \u00e5 f\u00e5 arrangementet i havn. Har du minner fra Ranamessa p\u00e5 Moheia og i Ranahallen? Kommenter gjerne under bildene, ogs\u00e5 om du skulle se noe som ikke stemmer, ikke alle gamle bilder vi har er like godt merket.\" class=\"brick-c-cFOWSL\" style=\"--brick-image-ratio: 3977 \/ 3203;\"\/><\/p>\n<p>      Artistene Kai Kiil og Tore Hansen p\u00e5 Ranamessa 1990.<br \/>\n      Foto: Rana Blad\n    <\/p>\n<p>Til <a href=\"https:\/\/www.vg.no\/rampelys\/i\/zO5rQr\/banana-airlines-vokalist-kai-kiil-er-doed\" rel=\"Follow nofollow noopener\" target=\"_blank\">VG <\/a>bekrefter ogs\u00e5 datteren Iselin Kiil d\u00f8dsfallet.<\/p>\n<p>\u2013 Pappa var en virkelig positiv og familiekj\u00e6r mann som tok s\u00e5 godt vare p\u00e5 alle rundt seg. Han sang og plystret uansett hva han gjorde og alltid med et smil p\u00e5 lur. De siste \u00e5rene var han syk med diagnosen Lewy Body Demens. Den rammer b\u00e5de hodet og kroppen, og litt etter litt mistet vi han til sykdommen, skriver hun i en melding.<\/p>\n<p>Hun forteller at faren likevel h\u00f8rte p\u00e5 musikk helt til det siste, og at han fors\u00f8kte \u00e5 synge med selv om stemmen var borte.<\/p>\n<p>\u2013 Etter hans bortgang har det str\u00f8mmet p\u00e5 av meldinger fra folk over hele landet som sitter igjen med gode minner og takker oss for at vi delte han med dem, skriver datteren.<\/p>\n<p>Med sin lange fartstid har Banana Airlines flere ganger gjestet Rana og omegn. Da de feiret 30 \u00e5r som band i 2013, spilte de blant annet p\u00e5 Hemnesberget, og tidligere har de ogs\u00e5 spilt p\u00e5 Lavorock.<\/p>\n<p>   <img decoding=\"async\" width=\"2328\" height=\"1224\" fetchpriority=\"low\"  loading=\"lazy\"  src=\"https:\/\/www.europesays.com\/no\/wp-content\/uploads\/2025\/11\/27foflavvobanan2.jpg\" alt=\"Kai Kiil og banana airlines, lavorock *** Local Caption *** Kai Kiil og banana airlines, lavorock\" class=\"brick-c-cFOWSL\" style=\"--brick-image-ratio: 2328 \/ 1224;\"\/><\/p>\n<p>      Kai Kiil og Banana Airlines p\u00e5 Lavorock i 2007.<br \/>\n      Foto: Rana Blad\n    <\/p>\n<p>I tillegg til Norge har bandet ogs\u00e5 spilt flere andre steder i verden. I et intervju med iFinnmark fra 2020 fortalte Kiil at hans mest minneverdige spillejobb var i en by i Libanon, hvor de spilte for FN-styrken og ordf\u00f8reren.<\/p>\n<p>\u2013 Man ser utover ruiner og h\u00f8rer bombeflyet som gikk over i nydelig v\u00e6r. Det var s\u00e5nne kontraster at det glemmer man ikke, fortalte han.<\/p>\n<p>Rune Br\u00e6ck, som var turn\u00e9leder for Banana Airlines tidligere, sier at Kiil har betydd mye for folk i Nord-Norge.<\/p>\n<p>\u2013 Kanskje mer enn noen aner. Banana Airlines satt virkelig landsdelen p\u00e5 norgeskartet da den f\u00f8rste utgivelsen kom ut i 1983. Det var mange som turte \u00e5 \u00abkomme ut av skapet\u00bb som nordlending etter at BA ble popul\u00e6re i hele landet, skriver han i en melding til VG.<\/p>\n<p>Han minnes Kiil som en inkluderende mann.<\/p>\n<p>\u2013 Kai var ogs\u00e5 samfunnsengasjert og skrev ofte geniale tekstlinjer om det som r\u00f8rte seg i samfunnet.<\/p>\n","protected":false},"excerpt":{"rendered":"\u2013 Det er med stor sorg vi kan meddele at Kai Kiil sovnet inn p\u00e5 Stokmarknes, onsdag 19.&hellip;\n","protected":false},"author":2,"featured_media":91513,"comment_status":"","ping_status":"","sticky":false,"template":"","format":"standard","meta":{"footnotes":""},"categories":[5],"tags":[36,11967,20,21,24,25,15,19,11969,410,22,23,17,18,13,30,28,29,14,16,1510,26,27],"class_list":{"0":"post-91512","1":"post","2":"type-post","3":"status-publish","4":"format-standard","5":"has-post-thumbnail","7":"category-overskrifter","8":"tag-art","9":"tag-banana-airlines","10":"tag-breaking-news","11":"tag-breakingnews","12":"tag-featured-news","13":"tag-featurednews","14":"tag-headlines","15":"tag-hovedoppslag","16":"tag-kai-kiil","17":"tag-kultur","18":"tag-latest-news","19":"tag-latestnews","20":"tag-main-news","21":"tag-mainnews","22":"tag-news","23":"tag-no","24":"tag-norge","25":"tag-norway","26":"tag-nyheter","27":"tag-overskrifter","28":"tag-story","29":"tag-top-stories","30":"tag-topstories"},"share_on_mastodon":{"url":"https:\/\/pubeurope.com\/@no\/115579304347218445","error":""},"_links":{"self":[{"href":"https:\/\/www.europesays.com\/no\/wp-json\/wp\/v2\/posts\/91512","targetHints":{"allow":["GET"]}}],"collection":[{"href":"https:\/\/www.europesays.com\/no\/wp-json\/wp\/v2\/posts"}],"about":[{"href":"https:\/\/www.europesays.com\/no\/wp-json\/wp\/v2\/types\/post"}],"author":[{"embeddable":true,"href":"https:\/\/www.europesays.com\/no\/wp-json\/wp\/v2\/users\/2"}],"replies":[{"embeddable":true,"href":"https:\/\/www.europesays.com\/no\/wp-json\/wp\/v2\/comments?post=91512"}],"version-history":[{"count":0,"href":"https:\/\/www.europesays.com\/no\/wp-json\/wp\/v2\/posts\/91512\/revisions"}],"wp:featuredmedia":[{"embeddable":true,"href":"https:\/\/www.europesays.com\/no\/wp-json\/wp\/v2\/media\/91513"}],"wp:attachment":[{"href":"https:\/\/www.europesays.com\/no\/wp-json\/wp\/v2\/media?parent=91512"}],"wp:term":[{"taxonomy":"category","embeddable":true,"href":"https:\/\/www.europesays.com\/no\/wp-json\/wp\/v2\/categories?post=91512"},{"taxonomy":"post_tag","embeddable":true,"href":"https:\/\/www.europesays.com\/no\/wp-json\/wp\/v2\/tags?post=91512"}],"curies":[{"name":"wp","href":"https:\/\/api.w.org\/{rel}","templated":true}]}}