{"id":91515,"date":"2025-11-20T01:56:09","date_gmt":"2025-11-20T01:56:09","guid":{"rendered":"https:\/\/www.europesays.com\/no\/91515\/"},"modified":"2025-11-20T01:56:09","modified_gmt":"2025-11-20T01:56:09","slug":"trump-har-signert-vedtak-om-frigivelse-av-epstein-dokumenter","status":"publish","type":"post","link":"https:\/\/www.europesays.com\/no\/91515\/","title":{"rendered":"Trump har signert vedtak om frigivelse av Epstein-dokumenter"},"content":{"rendered":"\n<p class=\"_lead_o9xde_2 _lead_xtcu6_50 layout-component text-serif-m layout-normal text-serif-l layout-component layout-wide layout-padded _wide_17hqh_1 layout-padded\">President Donald Trump forteller at han har signert kongressvedtaket om \u00e5 frigi de resterende dokumentene knyttet til etterforskningen av Jeffrey Epstein.<\/p>\n<ul class=\"_gallery_1qa3s_23\" tabindex=\"0\">\n<li class=\"_item_1qa3s_37\" data-index=\"0\"><img fetchpriority=\"high\" decoding=\"async\" class=\"_image_foru8_23 _introGallery_foru8_43\" data-fullscreen- width=\"4393\" height=\"2929\" itemprop=\"image\" loading=\"eager\"  src=\"https:\/\/www.europesays.com\/no\/wp-content\/uploads\/2025\/11\/0bb9b333-2093-4f0f-9508-c3a5ba747f2b\"  style=\"object-position:50% 50%;aspect-ratio:var(--gallery-aspect-ratio, 16 \/ 9)\"\/>President Donald Trump undertegnet onsdag kongressvedtaket om at de resterende etterforskningsdokumentene i saken mot Jeffrey Epstein skal frigis.  Foto: AP \/ NTB<\/li>\n<li class=\"_item_1qa3s_37\" data-index=\"1\"><img decoding=\"async\" class=\"_image_foru8_23 _introGallery_foru8_43\" data-fullscreen- width=\"6726\" height=\"4484\" itemprop=\"image\" loading=\"lazy\"  src=\"https:\/\/www.europesays.com\/no\/wp-content\/uploads\/2025\/11\/899a16ba-08f8-4bf6-8e1a-a5c4031fb541\"  style=\"object-position:50% 50%;aspect-ratio:var(--gallery-aspect-ratio, 16 \/ 9)\"\/>Donald Trump og Jeffrey Epstein var tidligere gode venner, men den amerikanske presidenten omtaler n\u00e5 den avd\u00f8de milliard\u00e6ren som syk og pervers.  Foto: AP \/ NTB<\/li>\n<\/ul>\n<p>President Donald Trump undertegnet onsdag kongressvedtaket om at de resterende etterforskningsdokumentene i saken mot Jeffrey Epstein skal frigis.  Foto: AP \/ NTB<\/p>\n<ul aria-hidden=\"true\" class=\"_images_18f0k_111\">\n<li><a class=\"_link_18f0k_116\" href=\"https:\/\/www.vg.no\/forfatter\/ntb\" style=\"z-index:2\" title=\"NTB\" rel=\"nofollow noopener\" target=\"_blank\"><img alt=\"Bilde av NTB\" class=\"_image_18f0k_93\" fetchpriority=\"low\" loading=\"lazy\" decoding=\"async\" itemprop=\"image\"  src=\"https:\/\/www.europesays.com\/no\/wp-content\/uploads\/2025\/11\/1763603768_456_c33980b0-5d07-4027-84a1-813f90a7c8d6\"  width=\"480\"\/><\/a><\/li>\n<li><a class=\"_link_18f0k_116\" href=\"https:\/\/www.vg.no\/forfatter\/hege-varsi\" style=\"z-index:1\" title=\"Hege Varsi\" rel=\"nofollow noopener\" target=\"_blank\"><img alt=\"Bilde av Hege Varsi\" class=\"_image_18f0k_93\" fetchpriority=\"low\" loading=\"lazy\" decoding=\"async\" itemprop=\"image\"  src=\"https:\/\/www.europesays.com\/no\/wp-content\/uploads\/2025\/11\/1763603769_706_d48c09ee-ae08-4a71-8e5b-8db7c6b4f37d\"  width=\"480\"\/><\/a><\/li>\n<\/ul>\n<p> Oppdatert torsdag 20. november kl. 02:53     <\/p>\n<p class=\"_paragraph_o9xde_4 _paragraph_xtcu6_10 layout-component text-serif-m layout-normal text-serif-m layout-padded\">Det melder presidenten selv p\u00e5 sitt sosial medium, <a href=\"https:\/\/truthsocial.com\/@realDonaldTrump\/posts\/115579394833948106\" class=\"_link_o9xde_39\" rel=\"nofollow noopener\" target=\"_blank\">Truth Social<\/a>, natt til torsdag norsk tid. <\/p>\n<p class=\"_paragraph_o9xde_4 _paragraph_xtcu6_10 layout-component text-serif-m layout-normal text-serif-m layout-padded\">I det lange innlegget fokuserer Trump p\u00e5 at Epstein var demokrat, og ramser opp andre demokrater som hadde tilknytning til ham, og skriver at oppstyret rundt dokumentene kun har v\u00e6rt en avledningsman\u00f8ver for \u00e5 skade hans administrasjon.<\/p>\n<p class=\"_paragraph_o9xde_4 _paragraph_xtcu6_10 layout-component text-serif-m layout-normal text-serif-m layout-padded\">\u2013 Demokratene har brukt \u2018Epstein\u2019-saken, som rammer dem langt mer enn det republikanske partiet, for \u00e5 fors\u00f8ke \u00e5 avlede oppmerksomheten fra v\u00e5re FANTASTISKE seire, skriver han. <\/p>\n<p class=\"_paragraph_o9xde_4 _paragraph_xtcu6_10 layout-component text-serif-m layout-normal text-serif-m layout-padded\">\u2013 Kanskje sannheten om disse demokratene og deres forbindelser til <a href=\"https:\/\/www.vg.no\/tag\/jeffrey-epstein?utm_source=vg-article&amp;utm_medium=auto-tagger&amp;utm_campaign=0pj4M2\" class=\"_link_o9xde_39\" rel=\"nofollow noopener\" target=\"_blank\">Jeffrey Epstein<\/a> snart vil bli avsl\u00f8rt, fordi jeg har akkurat signert lovforslaget for \u00e5 frigi Epstein-dokumentene.<\/p>\n<p class=\"_paragraph_o9xde_4 _paragraph_xtcu6_10 layout-component text-serif-m layout-normal layout-padded\"><strong class=\"_strong_o9xde_25\">Les ogs\u00e5:<\/strong> <a href=\"https:\/\/www.vg.no\/i\/XjGGr7\" data-track-element-type=\"Link\" data-track-id=\"link:XjGGr7\" class=\"_link_o9xde_39\" rel=\"nofollow noopener\" target=\"_blank\">Epstein-offer til VG: \u2013 Trump kan ikke kjempe mot oss lenger<\/a><\/p>\n<p>Garanterer ikke full frigivelse<\/p>\n<p class=\"_paragraph_o9xde_4 _paragraph_xtcu6_10 layout-component text-serif-m layout-normal text-serif-m layout-padded\">Men Trumps signatur garanterer ikke at alle dokumentene vil bli offentliggjort. <\/p>\n<p class=\"_paragraph_o9xde_4 _paragraph_xtcu6_10 layout-component text-serif-m layout-normal text-serif-m layout-padded\">Lovforslaget inneholder flere viktige unntak, blant annet en bestemmelse som beskytter p\u00e5g\u00e5ende etterforskninger, noe som kan bety at mange dokumenter fortsatt vil forbli konfidensielle.<\/p>\n<p class=\"_paragraph_o9xde_4 _paragraph_xtcu6_10 layout-component text-serif-m layout-normal text-serif-m layout-padded\">Lovforslaget inneholder flere unntak som ligner p\u00e5 begrunnelsene justisminister Pam Bondi opprinnelig brukte for \u00e5 holde tilbake de fleste dokumentene.<\/p>\n<p class=\"_paragraph_o9xde_4 _paragraph_xtcu6_10 layout-component text-serif-m layout-normal text-serif-m layout-padded\">If\u00f8lge lovgivningen kan Trump-administrasjonen holde tilbake dokumenter som identifiserer ofre eller inneholder bilder av seksuelle overgrep mot barn, eller som ellers er klassifisert. <\/p>\n<p class=\"_paragraph_o9xde_4 _paragraph_xtcu6_10 layout-component text-serif-m layout-normal text-serif-m layout-padded\">Lovforslaget \u00e5pner ogs\u00e5 for at dokumenter kan holdes tilbake dersom offentliggj\u00f8ring vil sette en aktiv f\u00f8deral etterforskning i fare.<\/p>\n<p class=\"_paragraph_o9xde_4 _paragraph_xtcu6_10 layout-component text-serif-m layout-normal text-serif-m layout-padded\">Epstein tok sitt eget liv i et fengsel i 2019 mens han ventet p\u00e5 \u00e5 bli stilt for retten i en menneskehandelsak.<\/p>\n<p class=\"_paragraph_o9xde_4 _paragraph_xtcu6_10 layout-component text-serif-m layout-normal text-serif-m layout-padded\">Den 66 \u00e5r gamle milliard\u00e6ren hadde erkl\u00e6rt seg ikke skyldig, og saken ble henlagt etter hans d\u00f8d. Han var fra f\u00f8r d\u00f8mt for overgrep i en annen sak. <\/p>\n<p class=\"_paragraph_o9xde_4 _paragraph_xtcu6_10 layout-component text-serif-m layout-normal text-serif-m layout-padded\">Trump var tidligere en n\u00e6r venn av Epstein, men har nektet kjennskap til menneskehandelen og de seksuelle overgrepene milliard\u00e6ren var d\u00f8mt og anklaget for.<\/p>\n<p>   Mindre\u00e5rige jenter<\/p>\n<p class=\"_paragraph_o9xde_4 _paragraph_xtcu6_10 layout-component text-serif-m layout-normal text-serif-m layout-padded\">Epstein pleide omgang med en rekke kjente mennesker, og flere av dem anklages for overgrep mot unge og mindre\u00e5rige jenter som han og hans kollega Ghislaine Maxwell skaffet til veie.<\/p>\n<p class=\"_paragraph_o9xde_4 _paragraph_xtcu6_10 layout-component text-serif-m layout-normal text-serif-m layout-padded\">Blant dokumenter som tidligere er frigitt i saken, er det ogs\u00e5 funnet en epost der Epstein skriver at Trump \u00abvisste om jentene\u00bb, men det g\u00e5r ikke fram hva han helt konkret viste til.<\/p>\n<p class=\"_paragraph_o9xde_4 _paragraph_xtcu6_10 layout-component text-serif-m layout-normal text-serif-m layout-padded\">Trump nekter ogs\u00e5 for \u00e5 ha sendt et gratulasjonskort til Epstein med tegning av en kvinne og teksten \u00abgratulerer med dagen \u2013 og m\u00e5tte hver dag v\u00e6re enda en vidunderlig hemmelighet\u00bb.<\/p>\n<p>Helomvending<\/p>\n<p class=\"_paragraph_o9xde_4 _paragraph_xtcu6_10 layout-component text-serif-m layout-normal text-serif-m layout-padded\">Trump lovet i valgkampen i fjor \u00e5 frigi alle etterforskningsdokumentene i saken, men ombestemte seg da det ble stilt sp\u00f8rsm\u00e5l ved hans eget vennskap med Epstein. <\/p>\n<p class=\"_paragraph_o9xde_4 _paragraph_xtcu6_10 layout-component text-serif-m layout-normal text-serif-m layout-padded\">Dette skapte sterke reaksjoner, ogs\u00e5 blant flere av Trumps st\u00f8ttespillere p\u00e5 h\u00f8yresiden. <\/p>\n<p class=\"_paragraph_o9xde_4 _paragraph_xtcu6_10 layout-component text-serif-m layout-normal text-serif-m layout-padded\">I helgen gjorde Trump helomvending og ba Kongressen om \u00e5 frigi de resterende Epstein-dokumentene, noe han rett nok kunne ha beordret selv. <\/p>\n<p class=\"_paragraph_o9xde_4 _paragraph_xtcu6_10 layout-component text-serif-m layout-normal text-serif-m layout-padded\">Et overveldende flertall i Representantenes hus og Senatet ga gr\u00f8nt lys, og onsdag undertegnet Trump vedtaket. <\/p>\n<p>   Clinton-etterforskning<\/p>\n<p class=\"_paragraph_o9xde_4 _paragraph_xtcu6_10 layout-component text-serif-m layout-normal text-serif-m layout-padded\">I hvilken grad samtlige dokumenter n\u00e5 vil bli frigitt, gjenst\u00e5r \u00e5 se. Trump beordret tidligere i m\u00e5neden USAs justisminister Pam Bondi til \u00e5 etterforske forholdet mellom Epstein og tidligere president Bill Clinton. <\/p>\n<p class=\"_paragraph_o9xde_4 _paragraph_xtcu6_10 layout-component text-serif-m layout-normal text-serif-m layout-padded\">Dette kan f\u00f8re til at frigivelse av tidligere etterforskningsdokumenter i saken m\u00e5 vente. <\/p>\n<p class=\"_paragraph_o9xde_4 _paragraph_xtcu6_10 layout-component text-serif-m layout-normal text-serif-m layout-padded\">Clinton har nektet kjennskap til Epsteins overgrep, og ingen av ofrene som har st\u00e5tt fram, har heller implisert ham. <\/p>\n","protected":false},"excerpt":{"rendered":"President Donald Trump forteller at han har signert kongressvedtaket om \u00e5 frigi de resterende dokumentene knyttet til etterforskningen&hellip;\n","protected":false},"author":2,"featured_media":91516,"comment_status":"","ping_status":"","sticky":false,"template":"","format":"standard","meta":{"footnotes":""},"categories":[12],"tags":[20,21,55,24,25,15,1649,22,23,13,30,28,29,14,16,26,27,42,43,44,45],"class_list":{"0":"post-91515","1":"post","2":"type-post","3":"status-publish","4":"format-standard","5":"has-post-thumbnail","7":"category-verden","8":"tag-breaking-news","9":"tag-breakingnews","10":"tag-donald-trump","11":"tag-featured-news","12":"tag-featurednews","13":"tag-headlines","14":"tag-jeffrey-epstein","15":"tag-latest-news","16":"tag-latestnews","17":"tag-news","18":"tag-no","19":"tag-norge","20":"tag-norway","21":"tag-nyheter","22":"tag-overskrifter","23":"tag-top-stories","24":"tag-topstories","25":"tag-verden","26":"tag-world","27":"tag-world-news","28":"tag-worldnews"},"share_on_mastodon":{"url":"https:\/\/pubeurope.com\/@no\/115579544200466907","error":""},"_links":{"self":[{"href":"https:\/\/www.europesays.com\/no\/wp-json\/wp\/v2\/posts\/91515","targetHints":{"allow":["GET"]}}],"collection":[{"href":"https:\/\/www.europesays.com\/no\/wp-json\/wp\/v2\/posts"}],"about":[{"href":"https:\/\/www.europesays.com\/no\/wp-json\/wp\/v2\/types\/post"}],"author":[{"embeddable":true,"href":"https:\/\/www.europesays.com\/no\/wp-json\/wp\/v2\/users\/2"}],"replies":[{"embeddable":true,"href":"https:\/\/www.europesays.com\/no\/wp-json\/wp\/v2\/comments?post=91515"}],"version-history":[{"count":0,"href":"https:\/\/www.europesays.com\/no\/wp-json\/wp\/v2\/posts\/91515\/revisions"}],"wp:featuredmedia":[{"embeddable":true,"href":"https:\/\/www.europesays.com\/no\/wp-json\/wp\/v2\/media\/91516"}],"wp:attachment":[{"href":"https:\/\/www.europesays.com\/no\/wp-json\/wp\/v2\/media?parent=91515"}],"wp:term":[{"taxonomy":"category","embeddable":true,"href":"https:\/\/www.europesays.com\/no\/wp-json\/wp\/v2\/categories?post=91515"},{"taxonomy":"post_tag","embeddable":true,"href":"https:\/\/www.europesays.com\/no\/wp-json\/wp\/v2\/tags?post=91515"}],"curies":[{"name":"wp","href":"https:\/\/api.w.org\/{rel}","templated":true}]}}