{"id":91517,"date":"2025-11-20T02:03:28","date_gmt":"2025-11-20T02:03:28","guid":{"rendered":"https:\/\/www.europesays.com\/no\/91517\/"},"modified":"2025-11-20T02:03:28","modified_gmt":"2025-11-20T02:03:28","slug":"nyheter-arnes-disse-far-stotte-fra-naeringsfondet","status":"publish","type":"post","link":"https:\/\/www.europesays.com\/no\/91517\/","title":{"rendered":"Nyheter, \u00c5rnes | Disse f\u00e5r st\u00f8tte fra n\u00e6ringsfondet"},"content":{"rendered":"\n<p>Nes kommune har et eget n\u00e6ringsfond med en saldo p\u00e5 tre millioner kroner. Rammen for tildeling i \u00e5r er 1,5 millioner kroner, og det kan fordeles inntil 750 000 kroner i halv\u00e5ret.<\/p>\n<p>Utvalg for teknikk n\u00e6ring og milj\u00f8 skal i sitt m\u00f8te 25. november vedta tildelinger av midler fra fondet. Fordelt p\u00e5 to saker, skal utvalget fordele st\u00f8tte for f\u00f8rste fordeling 2026 og andre fordeling 2025.<\/p>\n<p>I f\u00f8rste fordeling i \u00e5r ble det fordelt 130 000 kroner. I tillegg har kommunedirekt\u00f8ren behandlet tre s\u00f8knader under delegert fullmakt, og det ble gitt ett avslag og innvilget to s\u00f8knader som til sammen fikk 57 000 kroner.<\/p>\n<p>  <a href=\"https:\/\/www.raumnes.no\/5-162-139210\" class=\"related-teaser has-image default-story-teaser article--c-eRUmMG article--c-eRUmMG-jKCPdD-design-default\" rel=\"nofollow noopener\" target=\"_blank\"><\/p>\n<p>    <img decoding=\"async\" loading=\"lazy\"  src=\"https:\/\/www.europesays.com\/no\/wp-content\/uploads\/2025\/11\/Nye+beholdere.jpg\" alt=\"\" class=\"brick-c-cFOWSL\" style=\"\"\/><\/p>\n<p>\n            Les ogs\u00e5<\/p>\n<p>              N\u00e5 kommer de: \u2013 6000 beholdere skal plasseres ut f\u00f8r vi er i m\u00e5l\n        <\/p>\n<p>  <\/a><\/p>\n<p>For \u00e5rets siste tildeling er det foresl\u00e5tt \u00e5 fordele 270 000 kroner. Ni s\u00f8knader er vurdert, men kommunedirekt\u00f8ren har anbefalt \u00e5 avsl\u00e5 tre av dem. I tillegg skal politikerne behandle tilskudd for f\u00f8rste fordeling i 2026. Kommunedirekt\u00f8ren innstiller p\u00e5 \u00e5 gi to s\u00f8kere 30 000 kroner hver.<\/p>\n<p>If\u00f8lge saksutredningen skal fondet brukes til n\u00e6ringsform\u00e5l i Nes for \u00e5 fremme etablering av n\u00e6ringsvirksomhet.<\/p>\n<p><b>Kommunedirekt\u00f8ren foresl\u00e5r \u00e5 gi f\u00f8lgende s\u00f8kere tilskudd fra n\u00e6ringsfondet:<\/b><\/p>\n<p>Martin Mroz tildeles 30 000 kroner for etablering av enkeltpersonforetak innen IT-konsulenttjenester og programvareutvikling.<\/p>\n<p>Solution Facility AS tildeles 30 000 kroner til et nyetablert vaktmester- og renholdsbedrift med s\u00e6rlig vekt p\u00e5 \u00e5 gi unge mennesker en god start p\u00e5 arbeidslivet.<\/p>\n<p>Senza Maresca tildeles 30 000 kroner til \u00e5 utvikle en glutenfri virksomhet.<\/p>\n<p>Erik R\u00f8seid Mediemaker tildeles 30 000 kroner til etablering av enkeltpersonforetak innenfor design og digital produksjon.<\/p>\n<p>Rolf Haugen Holding AS tildeles 50 000 kroner i st\u00f8tte til ferdigstillelse og testing av en teknologisk prototyp som skal forbedre kartleggingen av grunnforhold i byggeprosjekter.<\/p>\n<p>Aanerud Bakeri AS tildeles 100 000 (kr 75 000 tilskudd \/ kr 25 000 l\u00e5n) til utvikling og distribusjon av br\u00f8d til barnehager og institusjoner i Nes og n\u00e6rliggende kommuner.<\/p>\n<p>Vegar Sleire Hatlevik tildeles 30 000 kroner til etablering av en profesjonell, internasjonalt rettet nettbutikk med hovedmarked i USA.<\/p>\n<p>Fretheim, Gunhild \u2013 Haiko tildeles 30 000 kroner for \u00e5 utvikle et ledende norsk dronesenter med fokus p\u00e5 praktisk pilotoppl\u00e6ring, risikovurdering og teknologisk innovasjon.<\/p>\n<p>  <a href=\"https:\/\/www.raumnes.no\/5-162-139111\" class=\"related-teaser has-image default-story-teaser article--c-eRUmMG article--c-eRUmMG-jKCPdD-design-default\" rel=\"nofollow noopener\" target=\"_blank\"><\/p>\n<p>    <img decoding=\"async\" loading=\"lazy\"  src=\"https:\/\/www.europesays.com\/no\/wp-content\/uploads\/2025\/11\/30NYH03NYH120318TSN003.jpg\" alt=\"\" class=\"brick-c-cFOWSL\" style=\"\"\/><\/p>\n<p>\n            Les ogs\u00e5<\/p>\n<p>              Grovt tyveri p\u00e5 \u00c5rnes \u2013 derfor etterforsker ikke politiet saken\n        <\/p>\n<p>  <\/a><\/p>\n<p>  <a href=\"https:\/\/www.raumnes.no\/5-162-138797\" class=\"related-teaser has-image default-story-teaser article--c-eRUmMG article--c-eRUmMG-jKCPdD-design-default\" rel=\"nofollow noopener\" target=\"_blank\"><\/p>\n<p>    <img decoding=\"async\" loading=\"lazy\"  src=\"https:\/\/www.europesays.com\/no\/wp-content\/uploads\/2025\/11\/DSC_0074.JPG\" alt=\"\" class=\"brick-c-cFOWSL\" style=\"\"\/><\/p>\n<p>\n            Les ogs\u00e5<\/p>\n<p>              Skyter rosa for brystkreftsaken: \u2013 600 kvinner er 600 for mange\n        <\/p>\n<p>  <\/a><\/p>\n","protected":false},"excerpt":{"rendered":"Nes kommune har et eget n\u00e6ringsfond med en saldo p\u00e5 tre millioner kroner. Rammen for tildeling i \u00e5r&hellip;\n","protected":false},"author":2,"featured_media":91518,"comment_status":"","ping_status":"","sticky":false,"template":"","format":"standard","meta":{"footnotes":""},"categories":[12],"tags":[1105,36,20,21,24,25,15,22,23,3055,13,30,28,29,14,16,41,1510,26,27,42,43,44,45],"class_list":{"0":"post-91517","1":"post","2":"type-post","3":"status-publish","4":"format-standard","5":"has-post-thumbnail","7":"category-verden","8":"tag-arnes","9":"tag-art","10":"tag-breaking-news","11":"tag-breakingnews","12":"tag-featured-news","13":"tag-featurednews","14":"tag-headlines","15":"tag-latest-news","16":"tag-latestnews","17":"tag-naering","18":"tag-news","19":"tag-no","20":"tag-norge","21":"tag-norway","22":"tag-nyheter","23":"tag-overskrifter","24":"tag-politikk","25":"tag-story","26":"tag-top-stories","27":"tag-topstories","28":"tag-verden","29":"tag-world","30":"tag-world-news","31":"tag-worldnews"},"share_on_mastodon":{"url":"https:\/\/pubeurope.com\/@no\/115579571730113530","error":""},"_links":{"self":[{"href":"https:\/\/www.europesays.com\/no\/wp-json\/wp\/v2\/posts\/91517","targetHints":{"allow":["GET"]}}],"collection":[{"href":"https:\/\/www.europesays.com\/no\/wp-json\/wp\/v2\/posts"}],"about":[{"href":"https:\/\/www.europesays.com\/no\/wp-json\/wp\/v2\/types\/post"}],"author":[{"embeddable":true,"href":"https:\/\/www.europesays.com\/no\/wp-json\/wp\/v2\/users\/2"}],"replies":[{"embeddable":true,"href":"https:\/\/www.europesays.com\/no\/wp-json\/wp\/v2\/comments?post=91517"}],"version-history":[{"count":0,"href":"https:\/\/www.europesays.com\/no\/wp-json\/wp\/v2\/posts\/91517\/revisions"}],"wp:featuredmedia":[{"embeddable":true,"href":"https:\/\/www.europesays.com\/no\/wp-json\/wp\/v2\/media\/91518"}],"wp:attachment":[{"href":"https:\/\/www.europesays.com\/no\/wp-json\/wp\/v2\/media?parent=91517"}],"wp:term":[{"taxonomy":"category","embeddable":true,"href":"https:\/\/www.europesays.com\/no\/wp-json\/wp\/v2\/categories?post=91517"},{"taxonomy":"post_tag","embeddable":true,"href":"https:\/\/www.europesays.com\/no\/wp-json\/wp\/v2\/tags?post=91517"}],"curies":[{"name":"wp","href":"https:\/\/api.w.org\/{rel}","templated":true}]}}