{"id":91519,"date":"2025-11-20T02:10:09","date_gmt":"2025-11-20T02:10:09","guid":{"rendered":"https:\/\/www.europesays.com\/no\/91519\/"},"modified":"2025-11-20T02:10:09","modified_gmt":"2025-11-20T02:10:09","slug":"sjokk-i-retten-ren-udugelighet","status":"publish","type":"post","link":"https:\/\/www.europesays.com\/no\/91519\/","title":{"rendered":"Sjokk i retten: &#8211; Ren udugelighet"},"content":{"rendered":"<p>  Saken mot tidligere FBI-sjef James Comey er i ferd med \u00e5 rakne etter nye avsl\u00f8ringer i retten.<\/p>\n<p>\n    TILTALT: Tidligere FBI-sjef James Comey. Foto: Andrew Harnik\/AP\n  <\/p>\n<p>Saken mot tidligere FBI-sjef James Comey fortsetter \u00e5 skape hodebry for Justisdepartementet i USA.<\/p>\n<p>Tidligere denne uka kom dommeren i saken med skarp kritikk av p\u00e5talemyndigheten, og onsdag ble retten igjen rystet<\/p>\n<p>&#8211; Oppsiktsvekkende, sjokkerende \u2014 velg selv adjektivet du vil bruke. For det var det virkelig, sier NBC News\u2019 rettsreporter Gary Grumbach til kanalen etter onsdagens utvikling i saken.\u00a0<\/p>\n<p>I retten m\u00e5tte nemlig p\u00e5talemyndigheten innr\u00f8mme at hele storjuryen\u00a0aldri fikk se den endelige tiltalen mot Comey. Bare juryformannen og ett jurymedlem s\u00e5 den endelige versjonen.<\/p>\n<p>        Mandag 18. november var Saudi-prins Muhammed bin Salman p\u00e5 bes\u00f8k i Det hvite hus. Video: AP.<\/p>\n<p>Medlemmene i en s\u00e5kalt storjury m\u00e5 stemme over en tiltale for \u00e5 godkjenne den, men aktor fortalte dommeren i saken at det bare var juryens leder som formelt godkjente den reviderte tiltalen, skriver\u00a0<a href=\"https:\/\/www.nytimes.com\/2025\/11\/19\/us\/politics\/comey-vindictive-prosecution-trump.html\" rel=\"nofollow noopener\" target=\"_blank\">New York Times<\/a>.\u00a0<\/p>\n<p>    <a itemprop=\"url\" href=\"https:\/\/www.dagbladet.no\/nyheter\/tidligere-fbi-sjef-tiltalt\/83644665\" rel=\"nofollow noopener\" target=\"_blank\"><\/p>\n<p>      <img loading=\"lazy\" decoding=\"async\" src=\"https:\/\/www.europesays.com\/no\/wp-content\/uploads\/2025\/11\/83644671.webp\" width=\"980\" height=\"441\" title=\"Tidligere FBI-sjef tiltalt\" alt=\"\" class=\"lazyload\" style=\"--aspect-ratio-image: 2.22; \"\/><\/p>\n<p>        Tidligere FBI-sjef tiltalt<\/p>\n<p>    <\/a><\/p>\n<p>&#8211; Det er helt upassende. Det er tjenestefeil og ren udugelighet, fyrer Ty Cobb, tidligere advokat i Det hvite hus, til <a href=\"https:\/\/www.nbcnews.com\/meet-the-press\/video\/the-comey-case-is-dead-fmr-trump-wh-lawyer-says-after-legal-misstep-252393541530\" rel=\"nofollow noopener\" target=\"_blank\">ABC News<\/a>.\u00a0\u00a0<\/p>\n<p class=\"italic m-italic\" data-lab-italic=\"italic\">&#8211; Har du noen gang sett noe lignende i alle dine \u00e5r som advokat?<\/p>\n<p>&#8211; \u00c5, nei. Jeg tror ingen har. Dette er helt uten sidestykke, sier Cobb.\u00a0<\/p>\n<p>Han tror det vil f\u00f8re til at saken blir avvist.\u00a0<\/p>\n<p>&#8211; Det omfattende fors\u00f8ket p\u00e5 \u00e5 villede rettsvesenet i denne saken, som n\u00e5 kom til en slags konklusjon i dag, er rett og slett sjokkerende og burde egentlig f\u00f8re til at hele saken blir henlagt, sier Cobb.\u00a0<\/p>\n<p>          <img loading=\"lazy\" decoding=\"async\" src=\"https:\/\/www.europesays.com\/no\/wp-content\/uploads\/2025\/11\/83876113.webp\" width=\"980\" height=\"559\" title=\"DEN GANG DA: Donald Trump avbildet med Comey i 2017. Foto: REX\/NTB\" alt=\"\" class=\"\" style=\"--aspect-ratio-image: 1.75; \"\/><\/p>\n<p>\n          DEN GANG DA: Donald Trump avbildet med Comey i 2017. Foto: REX\/NTB\n      <\/p>\n<p>P\u00e5talemyndigheten hevder\u00a0Comey\u00a0l\u00f8y for Kongressen i 2020 da han nektet for \u00e5 ha gitt noen i FBI tillatelse til \u00e5 v\u00e6re en anonym kilde for mediene. Han er ogs\u00e5 tiltalt for \u00e5 ha hindret den tilh\u00f8rende kongressgranskingen.<\/p>\n<p> Blir han funnet skyldig, risikerer han flere \u00e5rs fengsel.<\/p>\n<p>Saken mot Comey ble imidlertid reist etter press fra USAs president Donald Trump, og mange har omtalt saken som politisk motivert. Comey har v\u00e6rt en av presidentens skarpeste kritikere.<\/p>\n<p>    <a itemprop=\"url\" href=\"https:\/\/www.dagbladet.no\/meninger\/totalitaert-skamlost\/83646765\" rel=\"nofollow noopener\" target=\"_blank\"><\/p>\n<p>      <img loading=\"lazy\" decoding=\"async\" src=\"https:\/\/www.europesays.com\/no\/wp-content\/uploads\/2025\/11\/83644671.webp\" width=\"980\" height=\"441\" title=\"Totalit\u00e6rt skaml\u00f8st\" alt=\"\" class=\"lazyload\" style=\"--aspect-ratio-image: 2.22; \"\/><\/p>\n<p>        Totalit\u00e6rt skaml\u00f8st<\/p>\n<p>    <\/a><\/p>\n<p>Den har ogs\u00e5 m\u00f8tt kraftig kritikk allerede.<\/p>\n<p>I en 24 sider lang dr\u00f8ftelse mandag kom dommer Fitzpatrick med ramsalt kritikk av p\u00e5talemyndigheten. Han mener \u00e5 ha funnet et \u00aburovekkende m\u00f8nster\u00bb av alvorlige etterforskningsfeil som potensielt ledet til en \u00abundergraving av integriteten til storjuryens behandling\u00bb.<\/p>\n","protected":false},"excerpt":{"rendered":"Saken mot tidligere FBI-sjef James Comey er i ferd med \u00e5 rakne etter nye avsl\u00f8ringer i retten. TILTALT:&hellip;\n","protected":false},"author":2,"featured_media":91520,"comment_status":"","ping_status":"","sticky":false,"template":"","format":"standard","meta":{"footnotes":""},"categories":[12],"tags":[20,21,24,25,15,7225,22,23,13,30,28,29,14,16,26,27,50,412,42,43,44,45],"class_list":{"0":"post-91519","1":"post","2":"type-post","3":"status-publish","4":"format-standard","5":"has-post-thumbnail","7":"category-verden","8":"tag-breaking-news","9":"tag-breakingnews","10":"tag-featured-news","11":"tag-featurednews","12":"tag-headlines","13":"tag-james-comey","14":"tag-latest-news","15":"tag-latestnews","16":"tag-news","17":"tag-no","18":"tag-norge","19":"tag-norway","20":"tag-nyheter","21":"tag-overskrifter","22":"tag-top-stories","23":"tag-topstories","24":"tag-usa","25":"tag-utenriks","26":"tag-verden","27":"tag-world","28":"tag-world-news","29":"tag-worldnews"},"share_on_mastodon":{"url":"https:\/\/pubeurope.com\/@no\/115579599436334169","error":""},"_links":{"self":[{"href":"https:\/\/www.europesays.com\/no\/wp-json\/wp\/v2\/posts\/91519","targetHints":{"allow":["GET"]}}],"collection":[{"href":"https:\/\/www.europesays.com\/no\/wp-json\/wp\/v2\/posts"}],"about":[{"href":"https:\/\/www.europesays.com\/no\/wp-json\/wp\/v2\/types\/post"}],"author":[{"embeddable":true,"href":"https:\/\/www.europesays.com\/no\/wp-json\/wp\/v2\/users\/2"}],"replies":[{"embeddable":true,"href":"https:\/\/www.europesays.com\/no\/wp-json\/wp\/v2\/comments?post=91519"}],"version-history":[{"count":0,"href":"https:\/\/www.europesays.com\/no\/wp-json\/wp\/v2\/posts\/91519\/revisions"}],"wp:featuredmedia":[{"embeddable":true,"href":"https:\/\/www.europesays.com\/no\/wp-json\/wp\/v2\/media\/91520"}],"wp:attachment":[{"href":"https:\/\/www.europesays.com\/no\/wp-json\/wp\/v2\/media?parent=91519"}],"wp:term":[{"taxonomy":"category","embeddable":true,"href":"https:\/\/www.europesays.com\/no\/wp-json\/wp\/v2\/categories?post=91519"},{"taxonomy":"post_tag","embeddable":true,"href":"https:\/\/www.europesays.com\/no\/wp-json\/wp\/v2\/tags?post=91519"}],"curies":[{"name":"wp","href":"https:\/\/api.w.org\/{rel}","templated":true}]}}