{"id":91521,"date":"2025-11-20T02:23:17","date_gmt":"2025-11-20T02:23:17","guid":{"rendered":"https:\/\/www.europesays.com\/no\/91521\/"},"modified":"2025-11-20T02:23:17","modified_gmt":"2025-11-20T02:23:17","slug":"nyheter-dagligvare-extra-kiwi-og-rema-ekstreme-freia-tall","status":"publish","type":"post","link":"https:\/\/www.europesays.com\/no\/91521\/","title":{"rendered":"Nyheter, Dagligvare | Extra, Kiwi og Rema: Ekstreme Freia-tall"},"content":{"rendered":"\n<p><a href=\"https:\/\/www.nettavisen.no\/okonomi\/tomme-hyller-hos-kiwi-extra-og-rema-1000-ekstreme-tall\/s\/5-95-2736454\" rel=\"Follow nofollow noopener\" target=\"_blank\">NETTAVISEN<\/a>: Vanvittige mengder pepperkaker og store sjokoladeplater fra Freia og Nidar har havnet i handlekurvene v\u00e5r de siste to ukene.<\/p>\n<p>Det skjer etter uvanlige store priskutt. Pepperkakeprisene har for eksempel ikke v\u00e6rt lavere p\u00e5 flere \u00e5r.<\/p>\n<p>\u2013 Siden vi var f\u00f8rst ut med \u00e5 kutte prisen p\u00e5 pepperkaker til 5 kr den 8. november har vi solgt 290.000 bokser, tilsvarende 36 millioner pepperkaker, sier kommunikasjonsdirekt\u00f8r Harald Kristiansen i Coop til Nettavisen.<\/p>\n<p>Pepperkakene har siden kostet 4,90 hos b\u00e5de Extra, Kiwi og Rema 1000.<\/p>\n<p>  <a href=\"https:\/\/www.rb.no\/5-43-2613804\" class=\"related-teaser has-image default-story-teaser article--c-eRUmMG article--c-eRUmMG-jKCPdD-design-default\" wp_automatic_readability=\"1\" rel=\"nofollow noopener\" target=\"_blank\"><\/p>\n<p>    <img decoding=\"async\" loading=\"lazy\"  src=\"https:\/\/www.europesays.com\/no\/wp-content\/uploads\/2025\/11\/bb60191a-7331-4277-97dd-c8cf860994d5+%281%29.jpg\" alt=\"\" class=\"brick-c-cFOWSL\" style=\"\"\/><\/p>\n<p>\n            Les ogs\u00e5<\/p>\n<p>  Ten\u00e5ringer skal ha sparket og sl\u00e5tt tigger<\/p>\n<p>  <\/a><br \/>\n  Gigantisk pepperkakebestilling<\/p>\n<p>I flere butikker Nettavisen har bes\u00f8kt har det v\u00e6rt tomt for pepperkaker. Men det skal bli fylt p\u00e5.<\/p>\n<p>\u2013 Vi har v\u00e6rt meget godt forberedt og bestilt opp 300.000 ekstra bokser med pepperkaker, sier Kristiansen.<\/p>\n<p>  <a href=\"https:\/\/www.rb.no\/5-43-2614017\" class=\"related-teaser has-image default-story-teaser article--c-eRUmMG article--c-eRUmMG-jKCPdD-design-default\" wp_automatic_readability=\"1\" rel=\"nofollow noopener\" target=\"_blank\"><\/p>\n<p>    <img decoding=\"async\" loading=\"lazy\"  src=\"https:\/\/www.europesays.com\/no\/wp-content\/uploads\/2025\/11\/1763605393_261_Rives+vekk%2C+sjokolade+og+marsipangriser.bin\" alt=\"\" class=\"brick-c-cFOWSL\" style=\"\"\/><\/p>\n<p>\n            Les ogs\u00e5<\/p>\n<p>  Nidar og Freia rives vekk: \u2013 Synes det er ille<\/p>\n<p>  <\/a><\/p>\n<p>\u2013 Samtidig innf\u00f8rte vi maksbegrensing p\u00e5 tre bokser per kunde. Dette gj\u00f8r vi for \u00e5 s\u00f8rge for at flest mulig kan f\u00e5 kj\u00f8pt, sier han.<\/p>\n<p>\u2013 Hvor lenge varer prisen p\u00e5 4,90? Er det helt fram til julaften?<\/p>\n<p>\u2013 Ja, sier Kristiansen.<\/p>\n<p>Holder p\u00e5 prisen<\/p>\n<p>Nettavisen har ogs\u00e5 spurt Kiwi om pepperkakeprisen og de kommer til \u00e5 bli fylt p\u00e5 der det er tomme hyller.<\/p>\n<p>\u2013 N\u00e5r det gjelder pepperkaker til 4,90, s\u00e5 varer denne prisen s\u00e5 lenge beholdningen rekker, sier kommunikasjonsdirekt\u00f8r Kristine Arvin i Kiwi.<\/p>\n<p>Pepperkakeprisen p\u00e5 4,90 gjelder helt fram til 31. desember hos Rema 1000, f\u00e5r Nettavisen opplyst.<\/p>\n<p>Laveste sjoko-pris p\u00e5 lenge<\/p>\n<p>Store sjokoladeplater har ogs\u00e5 f\u00e5tt seg kraftig priskutt denne uken. Nettavisen kunne fortelle at prisen p\u00e5 29,90 er det laveste p\u00e5 17 m\u00e5neder.<\/p>\n<p>   <img decoding=\"async\" width=\"4032\" height=\"3024\" fetchpriority=\"low\"  loading=\"lazy\"  src=\"https:\/\/www.europesays.com\/no\/wp-content\/uploads\/2025\/11\/Sjokoladeplatene+forsvinner+fort+fra+hyllene.bin\" alt=\"Sjokoladeplatene forsvinner fort fra hyllene\" class=\"brick-c-cFOWSL\" style=\"--brick-image-ratio: 4032 \/ 3024;\"\/><\/p>\n<p>      PRIS-KUTTET: Sjokoladeplatene forsvinner fort fra hyllene.<br \/>\n      Foto: Erik Molland (Nettavisen)\n    <\/p>\n<p>\u2013 Av store sjokoladeplater fra Freia har vi solgt 150.000 plater siden vi satte ned prisen, sier Harald Kristiansen.<\/p>\n<p>Han legger til at det er en dobling sammenlignet med lignende salg i fjor.<\/p>\n<p>  <a href=\"https:\/\/www.rb.no\/5-43-2614617\" class=\"related-teaser has-image default-story-teaser article--c-eRUmMG article--c-eRUmMG-jKCPdD-design-default\" wp_automatic_readability=\"1\" rel=\"nofollow noopener\" target=\"_blank\"><\/p>\n<p>    <img decoding=\"async\" loading=\"lazy\"  src=\"https:\/\/www.europesays.com\/no\/wp-content\/uploads\/2025\/11\/NTB__byvPHb1ukE.jpg\" alt=\"\" class=\"brick-c-cFOWSL\" style=\"\"\/><\/p>\n<p>\n            Les ogs\u00e5<\/p>\n<p>  Vurderer drastisk grep: Elever kan bli bortvist ut skole\u00e5ret <\/p>\n<p>  <\/a><br \/>\n  Doblet salget<\/p>\n<p>Ogs\u00e5 hos Kiwi og Rema har sjokoladeplatene f\u00e5tt bein \u00e5 g\u00e5 p\u00e5.<\/p>\n<p>\u2013 N\u00e5 koster b\u00e5de Nidar og Freia storplater kr 29,90, noe vi ser at kundene setter pris p\u00e5. Sist uke doblet salget seg mot uken f\u00f8r, sier markedsdirekt\u00f8r i Rema 1000, Pia Mellebye.<\/p>\n<p>Ogs\u00e5 andre julevarer er det store salgs\u00f8kninger p\u00e5.<\/p>\n<p>\u2013 Vi har sett en nesten en dobling i salget av sm\u00e5 julebrus og en 55 prosent \u00f8kning i salget av ribbe fra uke 45 til uke 46, sier Mellebye.<\/p>\n<p>  <a href=\"https:\/\/www.rb.no\/5-43-2614214\" class=\"related-teaser has-image default-story-teaser article--c-eRUmMG article--c-eRUmMG-jKCPdD-design-default\" wp_automatic_readability=\"1\" rel=\"nofollow noopener\" target=\"_blank\"><\/p>\n<p>    <img decoding=\"async\" loading=\"lazy\"  src=\"https:\/\/www.europesays.com\/no\/wp-content\/uploads\/2025\/11\/Drone__-3.jpg\" alt=\"\" class=\"brick-c-cFOWSL\" style=\"\"\/><\/p>\n<p>\n            Les ogs\u00e5<\/p>\n<p>  Har avdekket lekkasje \u2013 innbyggerne kan ha betalt 35 millioner kroner for mye<\/p>\n<p>  <\/a><br \/>\n  Sjokoladeprisen fortsetter<\/p>\n<p>Prisen p\u00e5 pepperkaker holder seg alts\u00e5 lave en god stund framover, i alle fall s\u00e5 lenge beholdningen rekker. Men hva med de store sjokoladeplatene?<\/p>\n<p>\u2013 Hvor lenge vil dere ha prisen p\u00e5 29,90?<\/p>\n<p>\u2013 Frem til 24. desember, sier Harald Kristiansen hos Extra.<\/p>\n<p>  <a href=\"https:\/\/www.rb.no\/5-43-2615600\" class=\"related-teaser has-image default-story-teaser article--c-eRUmMG article--c-eRUmMG-jKCPdD-design-default\" wp_automatic_readability=\"1\" rel=\"nofollow noopener\" target=\"_blank\"><\/p>\n<p>    <img decoding=\"async\" loading=\"lazy\"  src=\"https:\/\/www.europesays.com\/no\/wp-content\/uploads\/2025\/11\/soppel1.jpg\" alt=\"\" class=\"brick-c-cFOWSL\" style=\"\"\/><\/p>\n<p>\n            Les ogs\u00e5<\/p>\n<p>  Kommunene drar i bremsen \u2013 utsetter planer om ny avfallsbeholder<\/p>\n<p>  <\/a><br \/>\n  F\u00f8lger etter<\/p>\n<p>Rema har ikke opplyst hvor lenge sjokoladeprisen vil holde seg, utover det som er opplyst i kundeavisen. Der st\u00e5r det at prisen gjelder til 22. november.<\/p>\n<p>Kiwi svarer slik:<\/p>\n<p>\u2013 Vi kan ikke uttale oss om fremtidige priser, men vi skal selvsagt v\u00e6re billigst p\u00e5 disse ogs\u00e5 fremover, sier kommunikasjonsdirekt\u00f8r Kristine Arvin.<\/p>\n<p>Men hun legger til:<\/p>\n<p>\u2013 N\u00e5r lavpriskonkurrentene har tilbud, setter vi ned prisene tilsvarende eller mer, sier hun.<\/p>\n<p>  <a href=\"https:\/\/www.rb.no\/5-43-2613372\" class=\"related-teaser has-image default-review-teaser article--c-eRUmMG article--c-eRUmMG-jKCPdD-design-default article--c-eRUmMG-iYqjuU-model-review article--c-eRUmMG-hSXTTT-cv\" rel=\"nofollow noopener\" target=\"_blank\"><\/p>\n<p>    <img decoding=\"async\" loading=\"lazy\"  src=\"https:\/\/www.europesays.com\/no\/wp-content\/uploads\/2025\/11\/Pincho2.jpg\" alt=\"\" class=\"brick-c-cFOWSL\" style=\"\"\/><\/p>\n<p>            Les ogs\u00e5<\/p>\n<p>    Terningkast 5<\/p>\n<p>     Artig konsept. Langt mellom godbitene<\/p>\n<p>  <\/a><\/p>\n","protected":false},"excerpt":{"rendered":"NETTAVISEN: Vanvittige mengder pepperkaker og store sjokoladeplater fra Freia og Nidar har havnet i handlekurvene v\u00e5r de siste&hellip;\n","protected":false},"author":2,"featured_media":91522,"comment_status":"","ping_status":"","sticky":false,"template":"","format":"standard","meta":{"footnotes":""},"categories":[56],"tags":[36,60,824,61,62,30,28,29,14,572,1510],"class_list":{"0":"post-91521","1":"post","2":"type-post","3":"status-publish","4":"format-standard","5":"has-post-thumbnail","7":"category-naeringsliv","8":"tag-art","9":"tag-business","10":"tag-dagligvare","11":"tag-economy","12":"tag-naeringsliv","13":"tag-no","14":"tag-norge","15":"tag-norway","16":"tag-nyheter","17":"tag-okonomi","18":"tag-story"},"share_on_mastodon":{"url":"https:\/\/pubeurope.com\/@no\/115579650554278454","error":""},"_links":{"self":[{"href":"https:\/\/www.europesays.com\/no\/wp-json\/wp\/v2\/posts\/91521","targetHints":{"allow":["GET"]}}],"collection":[{"href":"https:\/\/www.europesays.com\/no\/wp-json\/wp\/v2\/posts"}],"about":[{"href":"https:\/\/www.europesays.com\/no\/wp-json\/wp\/v2\/types\/post"}],"author":[{"embeddable":true,"href":"https:\/\/www.europesays.com\/no\/wp-json\/wp\/v2\/users\/2"}],"replies":[{"embeddable":true,"href":"https:\/\/www.europesays.com\/no\/wp-json\/wp\/v2\/comments?post=91521"}],"version-history":[{"count":0,"href":"https:\/\/www.europesays.com\/no\/wp-json\/wp\/v2\/posts\/91521\/revisions"}],"wp:featuredmedia":[{"embeddable":true,"href":"https:\/\/www.europesays.com\/no\/wp-json\/wp\/v2\/media\/91522"}],"wp:attachment":[{"href":"https:\/\/www.europesays.com\/no\/wp-json\/wp\/v2\/media?parent=91521"}],"wp:term":[{"taxonomy":"category","embeddable":true,"href":"https:\/\/www.europesays.com\/no\/wp-json\/wp\/v2\/categories?post=91521"},{"taxonomy":"post_tag","embeddable":true,"href":"https:\/\/www.europesays.com\/no\/wp-json\/wp\/v2\/tags?post=91521"}],"curies":[{"name":"wp","href":"https:\/\/api.w.org\/{rel}","templated":true}]}}