{"id":91523,"date":"2025-11-20T02:27:48","date_gmt":"2025-11-20T02:27:48","guid":{"rendered":"https:\/\/www.europesays.com\/no\/91523\/"},"modified":"2025-11-20T02:27:48","modified_gmt":"2025-11-20T02:27:48","slug":"rekdal-har-fatt-kreft-vil-gjore-kjetil-stolt","status":"publish","type":"post","link":"https:\/\/www.europesays.com\/no\/91523\/","title":{"rendered":"Rekdal har f\u00e5tt kreft: \u2013 Vil gj\u00f8re Kjetil stolt"},"content":{"rendered":"<p>Det skriver AaFK i en pressemelding.<\/p>\n<p>\u2013 Han h\u00e5per \u00e5 v\u00e6re tilbake s\u00e5 fort som mulig, skriver klubben.<\/p>\n<p>AaFK-treneren ble diagnostisert med kreft p\u00e5 sensommeren, men har st\u00e5tt delvis i jobb i h\u00f8st.<\/p>\n<p>Rekdal ble nylig operert og prognosene er gode. Klubben skriver at han ikke har \u00f8nsket noe fokus p\u00e5 sykdommen for \u00e5 gi laget og seg selv best mulig arbeidsro og mulighet for gode prestasjoner.<\/p>\n<p><strong>\u2013 Vi savner Kjetil og h\u00e5per alt g\u00e5r bra med han. Vi gleder oss til han er tilbake, sier assistenttrener Geir Frig\u00e5rd til Sunnm\u00f8rsposten, som n\u00e5 leder AaFK sammen med klubblegende Tor Hogne Aar\u00f8y.<\/strong><\/p>\n<p><img decoding=\"async\" src=\"data:image\/gif;base64,R0lGODlhEAAJAIAAAP\/\/\/wAAACH5BAEAAAAALAAAAAAQAAkAAAIKhI+py+0Po5yUFQA7\" alt=\"\"\/><br \/>\n  Kjetil Rekdal har f\u00e5tt kreft.<br \/>\n  <strong>Foto:<\/strong> Kristian MoeKapteinen \u00f8nsker god bedring<\/p>\n<p>Spillerne har til en visst grad v\u00e6rt informert om situasjonen til h\u00f8st. Rekdal har ogs\u00e5 v\u00e6rt til stede p\u00e5 f\u00e6rre treninger enn normalt gjennom h\u00f8sten. Sykdommen har ogs\u00e5 satt ting i perspektiv for spillerne.<\/p>\n<p>\u2013 N\u00e5r en person s\u00e5 tett p\u00e5 blir syk g\u00e5r det opp for en hva som er viktig i livet, og det g\u00e5r ogs\u00e5 opp for en hvor dyrebart livet er. F\u00f8rst og fremst \u00f8nsker vi Kjetil god bedring, og vi er glade for at operasjonen gikk bra. Herfra og inn vet vi at det ikke er noe som vil gj\u00f8re han gladere enn om vi gj\u00f8r det godt i kvalifiseringen, sier kaptein Paul Ngongo til Sunnm\u00f8rsposten.<\/p>\n<p><img decoding=\"async\" src=\"data:image\/gif;base64,R0lGODlhEAAJAIAAAP\/\/\/wAAACH5BAEAAAAALAAAAAAQAAkAAAIKhI+py+0Po5yUFQA7\" alt=\"\"\/><br \/>\n  Geir Frig\u00e5rd leder AaFKs treninger sammen med Tor Hogne Aar\u00f8y for \u00f8yeblikket.<br \/>\n  <strong>Foto:<\/strong> Jon Forberg<\/p>\n<p>Aalesund m\u00f8ter onsdag i neste uke vinneren av Egersund \u2013 Ranheim i kvalifisering til eliteserien. Vinneren av dette oppgj\u00f8ret spiller noen dager senere borte mot Kongsvinger. Kvalifiseringen avsluttes med at vinneren det siste oppgj\u00f8ret m\u00f8ter 14.-plass i eliteserien.<\/p>\n<p>\u2013 Vi har v\u00e6rt en periode uten Kjetil p\u00e5 trening. Geir og Tor har gjort det riktig godt i hans frav\u00e6r, s\u00e5 vi er meget komfortabel med at de skal f\u00f8re oss inn i kvalifiseringen. Vi h\u00e5per \u00e5 gj\u00f8re det s\u00e5 godt vi kan, og gj\u00f8re Kjetil stolt i l\u00f8pet av de neste kampene, sier Ngongo.<\/p>\n<p>Ber om ro<\/p>\n<p>Rekdal ber om \u00e5 f\u00e5 ro til han er tilbake p\u00e5 jobb.<\/p>\n<p>\u2013 Alle i AaFK \u00f8nsker Kjetil god bedring, og vi gleder oss til \u00e5 se han tilbake p\u00e5 stadion s\u00e5 fort han f\u00f8ler seg klar, skriver AaFK.<\/p>\n<p><img decoding=\"async\" src=\"data:image\/gif;base64,R0lGODlhEAAJAIAAAP\/\/\/wAAACH5BAEAAAAALAAAAAAQAAkAAAIKhI+py+0Po5yUFQA7\" alt=\"\"\/><br \/>\n  Paul Ngongo er kaptein i AaFK.<br \/>\n  <strong>Foto:<\/strong> Kristian Moe<a href=\"https:\/\/www.smp.no\/sport\/i\/MnxMOR\/plutselig-hadde-sunnmoeringen-haaland-i-armkroken\" rel=\"nofollow noopener\" target=\"_blank\"> <img decoding=\"async\" src=\"data:image\/gif;base64,R0lGODlhEAAJAIAAAP\/\/\/wAAACH5BAEAAAAALAAAAAAQAAkAAAIKhI+py+0Po5yUFQA7\" alt=\"\"\/>   Plutselig hadde sunnm\u00f8ringen Haaland i armkroken  <\/a> <\/p>\n","protected":false},"excerpt":{"rendered":"Det skriver AaFK i en pressemelding. \u2013 Han h\u00e5per \u00e5 v\u00e6re tilbake s\u00e5 fort som mulig, skriver klubben.&hellip;\n","protected":false},"author":2,"featured_media":91524,"comment_status":"","ping_status":"","sticky":false,"template":"","format":"standard","meta":{"footnotes":""},"categories":[59],"tags":[11022,302,11061,2951,30,28,29,83,82,11970],"class_list":{"0":"post-91523","1":"post","2":"type-post","3":"status-publish","4":"format-standard","5":"has-post-thumbnail","7":"category-sport","8":"tag-aafk","9":"tag-aalesunds-fk","10":"tag-geir-frigard","11":"tag-kjetil-rekdal","12":"tag-no","13":"tag-norge","14":"tag-norway","15":"tag-sport","16":"tag-sports","17":"tag-tor-hogne-aaroy"},"share_on_mastodon":{"url":"https:\/\/pubeurope.com\/@no\/115579669940743892","error":""},"_links":{"self":[{"href":"https:\/\/www.europesays.com\/no\/wp-json\/wp\/v2\/posts\/91523","targetHints":{"allow":["GET"]}}],"collection":[{"href":"https:\/\/www.europesays.com\/no\/wp-json\/wp\/v2\/posts"}],"about":[{"href":"https:\/\/www.europesays.com\/no\/wp-json\/wp\/v2\/types\/post"}],"author":[{"embeddable":true,"href":"https:\/\/www.europesays.com\/no\/wp-json\/wp\/v2\/users\/2"}],"replies":[{"embeddable":true,"href":"https:\/\/www.europesays.com\/no\/wp-json\/wp\/v2\/comments?post=91523"}],"version-history":[{"count":0,"href":"https:\/\/www.europesays.com\/no\/wp-json\/wp\/v2\/posts\/91523\/revisions"}],"wp:featuredmedia":[{"embeddable":true,"href":"https:\/\/www.europesays.com\/no\/wp-json\/wp\/v2\/media\/91524"}],"wp:attachment":[{"href":"https:\/\/www.europesays.com\/no\/wp-json\/wp\/v2\/media?parent=91523"}],"wp:term":[{"taxonomy":"category","embeddable":true,"href":"https:\/\/www.europesays.com\/no\/wp-json\/wp\/v2\/categories?post=91523"},{"taxonomy":"post_tag","embeddable":true,"href":"https:\/\/www.europesays.com\/no\/wp-json\/wp\/v2\/tags?post=91523"}],"curies":[{"name":"wp","href":"https:\/\/api.w.org\/{rel}","templated":true}]}}