{"id":91525,"date":"2025-11-20T02:30:33","date_gmt":"2025-11-20T02:30:33","guid":{"rendered":"https:\/\/www.europesays.com\/no\/91525\/"},"modified":"2025-11-20T02:30:33","modified_gmt":"2025-11-20T02:30:33","slug":"per-danielsen-vil-bytte-navn-pa-firmaet-etter-vedtak-om-forvalteroppnevning","status":"publish","type":"post","link":"https:\/\/www.europesays.com\/no\/91525\/","title":{"rendered":"Per Danielsen vil bytte navn p\u00e5 firmaet etter vedtak om forvalteroppnevning"},"content":{"rendered":"<p>Fredag <a href=\"https:\/\/rett24.no\/articles\/per-danielsen-ikke-pensjonist-likevel--vil-gjenapne-firmaet\" rel=\"nofollow noopener\" target=\"_blank\">opplyste Per Danielsen<\/a> til Rett24 at han hadde overtatt eierskapet til sitt gamle firma, og n\u00e5 \u00f8nsket \u00e5 ansette en ny advokat, i tillegg til Steingrim Wolland. Nyheten kom i kj\u00f8lvannet av at Wolland, som firmaets eneste advokat, kort tid i forveien hadde meldt opph\u00f8r av virksomheten.<\/p>\n<p>Tilsynet opplyste til Rett24 at de ville f\u00f8lge opp informasjonen, og onsdag ble det kunngjort vedtak om \u00e5 sette virksomheten under forvaltning. Forvalter er\u00a0Audun Lillest\u00f8len fra Langseth.<\/p>\n<p>I vedtaket skriver tilsynet:<\/p>\n<blockquote>\n<p>\u00abAdvokattilsynet mener at forvalteroppnevnelse er n\u00f8dvendig for \u00e5 avverge skade eller tap for\u00a0virksomhetens klienter. Advokattilsynet viser her til at Danielsen, if\u00f8lge den nevnte artikkelen i Rett24, i\u00a0en stillingsutlysning nylig skal ha opplyst at firmaet \u00ab[s]v\u00f8mmer over av klienter og oppdrag\u00bb. Det\u00a0samme ble opplyst av Wolland i forbindelse med at han s\u00f8kte om ny advokatbevilling. Wolland har i e-post til Advokattilsynet 9. november 2025 opplyst at han vil forsikre seg om at ingen klienter vil lide tap i forbindelse med opph\u00f8ret av hans advokatvirksomhet. Slik saken fremst\u00e5r for Advokattilsynet n\u00e5, har\u00a0Wolland mistet kontroll med virksomheten, og har etter egne opplysninger ogs\u00e5 mistet tilgang til e-postkontoen sin i foretaket. Advokattilsynet kan derfor ikke v\u00e6re forsikret om at ingen klienter vil lide\u00a0tap.\u00bb<\/p>\n<\/blockquote>\n<p>                <a href=\"https:\/\/rett24.no\/jobs\/current-ads\/politiadvokat-ii-politiadvokat-politifullmektig-svp-2511\" class=\"target-internal\" data-track-content=\"\" data-content-piece=\"politiadvokat-ii-politiadvokat-politifullmektig-svp-2511\" data-content-name=\"article-job-ad-banner\" rel=\"nofollow noopener\" target=\"_blank\"><br \/>\n                    <\/a><br \/>\n                <img decoding=\"async\" class=\"card-background-image desktop fill\" width=\"700\" height=\"350\" loading=\"lazy\" src=\"https:\/\/www.europesays.com\/no\/wp-content\/uploads\/2025\/11\/1763605831_360_politiet-ad-image-2503-2.jpg\"\/><br \/>\n                <img decoding=\"async\" class=\"card-background-image tablet fill\" width=\"700\" height=\"350\" loading=\"lazy\" src=\"https:\/\/www.europesays.com\/no\/wp-content\/uploads\/2025\/11\/1763605831_360_politiet-ad-image-2503-2.jpg\"\/><br \/>\n                <img decoding=\"async\" class=\"card-background-image mobile fill\" width=\"360\" height=\"400\" loading=\"lazy\" src=\"https:\/\/www.europesays.com\/no\/wp-content\/uploads\/2025\/11\/1763605832_276_politiet-ad-image-2503-2.jpg\"\/><\/p>\n<p>                            <img decoding=\"async\" src=\"https:\/\/www.europesays.com\/no\/wp-content\/uploads\/2025\/11\/1763605833_452_politiet-logo.png\" alt=\"\"\/><\/p>\n<p>                        Politiadvokat II, politiadvokat, politifullmektig<\/p>\n<p>Ikke nok<\/p>\n<p>Wolland opplyste f\u00f8r helgen til Rett24 at han ikke s\u00e5 for seg \u00e5 fortsette i firmaet.\u00a0Danielsen opplyste selv at han kun skulle v\u00e6re styreleder, ikke seniorutreder, slik han har v\u00e6rt etter at bevillingen ble inndratt. Tilsynet mener dette ikke er tilstrekkelig, og skriver:<\/p>\n<blockquote>\n<p>\u00abFor at en advokatvirksomhet skal anses forsvarlig avviklet krever Advokattilsynet blant annet en\u00a0bekreftelse fra revisor om at klientmidler og klientansvar er bragt i kr. 0. Revisor for Advokatfirmaet Danielsen &amp; Co AS har som nevnt fratr\u00e5dt, og Advokattilsynet har mottatt melding fra Wolland om at\u00a0han ikke har lykkes med \u00e5 engasjere ny revisor.<\/p>\n<p>Advokattilsynet viser ogs\u00e5 til Per Danielsens pressemelding om at han skal ha overtatt som enestyre og overtatt aksjemajoriteten i Advokatfirmaet Danielsen &amp; Co AS. Danielsens advokatbevilling er\u00a0tilbakekalt, og en eventuell inntreden i styret eller som eier vil etter Advokattilsynets syn v\u00e6re i strid\u00a0med skikkethetskravet i advokatloven \u00a7 22 f\u00f8rste ledd.\u00bb<\/p>\n<\/blockquote>\n<p>Wolland tiltr\u00e5dte som styreleder og daglig leder i Danielsen &amp; Co s\u00e5 sent som i september, etter at forrige leder, Linn\u00e9a Karlberg, ble syk og avviklet sin virksomhet.<\/p>\n<p>\u2013 Naturlig og riktig<\/p>\n<p>Per Danielsen forteller at han uansett ikke akter \u00e5 drive firmaet videre som en advokatvirksomhet, og at han mener tilsynets vedtak er fornuftig.<\/p>\n<p>\u2013 Det er naturlig og riktig \u00e5 oppnevne forvalter for Wollands virksomhet.\u00a0Det er p\u00e5 tide at det blir ryddet opp etter ham, og vi samarbeider allerede godt med den oppnevnte forvalteren. Min posisjon er \u00e5 v\u00e6re styreleder for hele firmaet, som har drevet med forskjellige aktiviteter, b\u00e5de advokatvirksomhet, konsulentvirksomhet og annen virksomhet, De siste kategoriene har ingenting med advokatvirksomhet \u00e5 gj\u00f8re, og det er disse virksomhetene som skal videref\u00f8res, sier Danielsen.<\/p>\n<p>Han opplyser at firmaet vil bytte navn, for \u00e5 klargj\u00f8re denne forskjellen.<\/p>\n<p>\u2013 Det er riktig at jeg ikke kan v\u00e6re styreleder i en advokatvirksomhet, men vi har allerede\u00a0utarbeidet papirer som gj\u00f8r at dette blir klart i vedtektene v\u00e5re.\u00a0<\/p>\n<p>Danielsen opplyser at han ikke har fjernet Wollands tilgang til hans mailkonto.<\/p>\n<p>\u2013\u00a0Selvf\u00f8lgelig har vi ikke det. Det har v\u00e6rt i v\u00e5r interesse \u00e5 legge til rette for at han kan fungere best mulig i denne tiden med Wolland, sier Danielsen.<\/p>\n","protected":false},"excerpt":{"rendered":"Fredag opplyste Per Danielsen til Rett24 at han hadde overtatt eierskapet til sitt gamle firma, og n\u00e5 \u00f8nsket&hellip;\n","protected":false},"author":2,"featured_media":91526,"comment_status":"","ping_status":"","sticky":false,"template":"","format":"standard","meta":{"footnotes":""},"categories":[56],"tags":[60,61,62,30,28,29],"class_list":{"0":"post-91525","1":"post","2":"type-post","3":"status-publish","4":"format-standard","5":"has-post-thumbnail","7":"category-naeringsliv","8":"tag-business","9":"tag-economy","10":"tag-naeringsliv","11":"tag-no","12":"tag-norge","13":"tag-norway"},"share_on_mastodon":{"url":"https:\/\/pubeurope.com\/@no\/115579677866780121","error":""},"_links":{"self":[{"href":"https:\/\/www.europesays.com\/no\/wp-json\/wp\/v2\/posts\/91525","targetHints":{"allow":["GET"]}}],"collection":[{"href":"https:\/\/www.europesays.com\/no\/wp-json\/wp\/v2\/posts"}],"about":[{"href":"https:\/\/www.europesays.com\/no\/wp-json\/wp\/v2\/types\/post"}],"author":[{"embeddable":true,"href":"https:\/\/www.europesays.com\/no\/wp-json\/wp\/v2\/users\/2"}],"replies":[{"embeddable":true,"href":"https:\/\/www.europesays.com\/no\/wp-json\/wp\/v2\/comments?post=91525"}],"version-history":[{"count":0,"href":"https:\/\/www.europesays.com\/no\/wp-json\/wp\/v2\/posts\/91525\/revisions"}],"wp:featuredmedia":[{"embeddable":true,"href":"https:\/\/www.europesays.com\/no\/wp-json\/wp\/v2\/media\/91526"}],"wp:attachment":[{"href":"https:\/\/www.europesays.com\/no\/wp-json\/wp\/v2\/media?parent=91525"}],"wp:term":[{"taxonomy":"category","embeddable":true,"href":"https:\/\/www.europesays.com\/no\/wp-json\/wp\/v2\/categories?post=91525"},{"taxonomy":"post_tag","embeddable":true,"href":"https:\/\/www.europesays.com\/no\/wp-json\/wp\/v2\/tags?post=91525"}],"curies":[{"name":"wp","href":"https:\/\/api.w.org\/{rel}","templated":true}]}}