{"id":91538,"date":"2025-11-20T03:49:09","date_gmt":"2025-11-20T03:49:09","guid":{"rendered":"https:\/\/www.europesays.com\/no\/91538\/"},"modified":"2025-11-20T03:49:09","modified_gmt":"2025-11-20T03:49:09","slug":"facebook-og-instagram-fjerner-brukere-under-16-ar-i-australia","status":"publish","type":"post","link":"https:\/\/www.europesays.com\/no\/91538\/","title":{"rendered":"Facebook og Instagram fjerner brukere under 16 \u00e5r i Australia"},"content":{"rendered":"\n<p class=\"_lead_o9xde_2 _lead_xtcu6_50 layout-component text-serif-m layout-normal text-serif-l layout-component layout-wide layout-padded _wide_17hqh_1 layout-padded\">Om to uker blir alle Facebook- og Instagram-brukere under 16 \u00e5r fjernet i Australia, opplyser eierselskapet Meta.<\/p>\n<p><img alt=\"I forkant av Australias nye aldersgrense for sosiale medier, sperrer Meta alle kontoer til brukere under 16 p\u00e5 selskapets plattformer Facebook, Instagram og Threads.  Foto: Lise \u00c5serud \/ NTB\" class=\"_image_qp4xg_65 layout-component layout-wide\" data-fullscreen- data-track-element-type=\"Article image fullscreen\" data-track-name=\"ImageFullscreen\" fetchpriority=\"high\" decoding=\"sync\" loading=\"eager\" height=\"1503\" itemprop=\"image\"  src=\"https:\/\/www.europesays.com\/no\/wp-content\/uploads\/2025\/11\/50987f88-edbf-41f9-91ae-f77f1f4fd908\"  style=\"object-position:0% 0%\" width=\"2255\"\/>I forkant av Australias nye aldersgrense for sosiale medier, sperrer Meta alle kontoer til brukere under 16 p\u00e5 selskapets plattformer Facebook, Instagram og Threads.  Foto: Lise \u00c5serud \/ NTB<\/p>\n<ul aria-hidden=\"true\" class=\"_images_18f0k_111\">\n<li><a class=\"_link_18f0k_116\" href=\"https:\/\/www.vg.no\/forfatter\/ntb\" style=\"z-index:1\" title=\"NTB\" rel=\"nofollow noopener\" target=\"_blank\"><img alt=\"Bilde av NTB\" class=\"_image_18f0k_93\" fetchpriority=\"low\" loading=\"lazy\" decoding=\"async\" itemprop=\"image\"  src=\"https:\/\/www.europesays.com\/no\/wp-content\/uploads\/2025\/11\/1763610549_618_c33980b0-5d07-4027-84a1-813f90a7c8d6\"  width=\"480\"\/><\/a><\/li>\n<\/ul>\n<p> Oppdatert torsdag 20. november kl. 03:48     <\/p>\n<p class=\"_paragraph_o9xde_4 _paragraph_xtcu6_10 layout-component text-serif-m layout-normal text-serif-m layout-padded\">IT-giganten sier brukere de antar er i alderen 13-15 \u00e5r fra og med torsdag vil f\u00e5 varsler om at vil miste tilgangen til Facebook, Instagram og Threads.<\/p>\n<p class=\"_paragraph_o9xde_4 _paragraph_xtcu6_10 layout-component text-serif-m layout-normal text-serif-m layout-padded\">\u2013 Fra 4. desember vil vi begynne \u00e5 blokkere nye kontoer for personer under 16 og trekke tilbake tilgangen fra eksisterende kontoer, og vi regner med \u00e5 ha fjernet alle brukere under 16 \u00e5r innen 10 desember, sier <a href=\"https:\/\/www.vg.no\/tag\/meta?utm_source=vg-article&amp;utm_medium=auto-tagger&amp;utm_campaign=XMlqwx\" class=\"_link_o9xde_39\" rel=\"nofollow noopener\" target=\"_blank\">Meta<\/a> i en uttalelse.<\/p>\n<p class=\"_paragraph_o9xde_4 _paragraph_xtcu6_10 layout-component text-serif-m layout-normal text-serif-m layout-padded\">10. desember tr\u00e5r Australias nye aldersgrense p\u00e5 nettopp 16 \u00e5r for bruk av sosiale medier i kraft. Selskapene bak plattformene har tidligere kritisert loven for \u00e5 v\u00e6re vag, problematisk og forhastet.<\/p>\n<p class=\"_paragraph_o9xde_4 _paragraph_xtcu6_10 layout-component text-serif-m layout-normal text-serif-m layout-padded\">\u2013 Vi deler australske myndigheters m\u00e5l om \u00e5 skape trygge og alderstilpassede opplevelser p\u00e5 nettet, men \u00e5 utestenge ten\u00e5ringer fra venner og samfunnet er ikke svaret, sier Meta torsdag.<\/p>\n<p class=\"_paragraph_o9xde_4 _paragraph_xtcu6_10 layout-component text-serif-m layout-normal text-serif-m layout-padded\">Selskapet forsikrer brukerne som n\u00e5 blir utestengt, om at de kan f\u00e5 tilgang igjen s\u00e5 snart de fyller 16 og at brukerkontoen deres vil v\u00e6re \u00abakkurat slik du etterlot deg den\u00bb.<\/p>\n","protected":false},"excerpt":{"rendered":"Om to uker blir alle Facebook- og Instagram-brukere under 16 \u00e5r fjernet i Australia, opplyser eierselskapet Meta. I&hellip;\n","protected":false},"author":2,"featured_media":91539,"comment_status":"","ping_status":"","sticky":false,"template":"","format":"standard","meta":{"footnotes":""},"categories":[12],"tags":[20,21,1832,24,25,15,4883,22,23,7517,13,30,28,29,14,16,26,27,42,43,44,45],"class_list":{"0":"post-91538","1":"post","2":"type-post","3":"status-publish","4":"format-standard","5":"has-post-thumbnail","7":"category-verden","8":"tag-breaking-news","9":"tag-breakingnews","10":"tag-facebook","11":"tag-featured-news","12":"tag-featurednews","13":"tag-headlines","14":"tag-instagram","15":"tag-latest-news","16":"tag-latestnews","17":"tag-meta","18":"tag-news","19":"tag-no","20":"tag-norge","21":"tag-norway","22":"tag-nyheter","23":"tag-overskrifter","24":"tag-top-stories","25":"tag-topstories","26":"tag-verden","27":"tag-world","28":"tag-world-news","29":"tag-worldnews"},"share_on_mastodon":{"url":"https:\/\/pubeurope.com\/@no\/115579989104189373","error":""},"_links":{"self":[{"href":"https:\/\/www.europesays.com\/no\/wp-json\/wp\/v2\/posts\/91538","targetHints":{"allow":["GET"]}}],"collection":[{"href":"https:\/\/www.europesays.com\/no\/wp-json\/wp\/v2\/posts"}],"about":[{"href":"https:\/\/www.europesays.com\/no\/wp-json\/wp\/v2\/types\/post"}],"author":[{"embeddable":true,"href":"https:\/\/www.europesays.com\/no\/wp-json\/wp\/v2\/users\/2"}],"replies":[{"embeddable":true,"href":"https:\/\/www.europesays.com\/no\/wp-json\/wp\/v2\/comments?post=91538"}],"version-history":[{"count":0,"href":"https:\/\/www.europesays.com\/no\/wp-json\/wp\/v2\/posts\/91538\/revisions"}],"wp:featuredmedia":[{"embeddable":true,"href":"https:\/\/www.europesays.com\/no\/wp-json\/wp\/v2\/media\/91539"}],"wp:attachment":[{"href":"https:\/\/www.europesays.com\/no\/wp-json\/wp\/v2\/media?parent=91538"}],"wp:term":[{"taxonomy":"category","embeddable":true,"href":"https:\/\/www.europesays.com\/no\/wp-json\/wp\/v2\/categories?post=91538"},{"taxonomy":"post_tag","embeddable":true,"href":"https:\/\/www.europesays.com\/no\/wp-json\/wp\/v2\/tags?post=91538"}],"curies":[{"name":"wp","href":"https:\/\/api.w.org\/{rel}","templated":true}]}}