{"id":91552,"date":"2025-11-20T04:47:48","date_gmt":"2025-11-20T04:47:48","guid":{"rendered":"https:\/\/www.europesays.com\/no\/91552\/"},"modified":"2025-11-20T04:47:48","modified_gmt":"2025-11-20T04:47:48","slug":"kjorte-inn-i-bilen-foran-pa-555-vestnytt-no","status":"publish","type":"post","link":"https:\/\/www.europesays.com\/no\/91552\/","title":{"rendered":"Kj\u00f8rte inn i bilen foran p\u00e5 555 &#8211; vestnytt.no"},"content":{"rendered":"<ol>\n<li><a href=\"https:\/\/news.google.com\/rss\/articles\/CBMidkFVX3lxTFA4T3NwRFpJU0hXUDVTenVSY2JiWDNVR0R2NFpNYUpodWR5Nk1tQm8tOEpQYl9yQVBYMm1uN011ZUZNOW5RcGFCTHlhWUhSc1hvbXRma0xpZlRrSDF5Y2RpMlY0U2tIWWg0WUtQekFnNGhTN3FwZlE?oc=5\" target=\"_blank\" rel=\"nofollow noopener\">Kj\u00f8rte inn i bilen foran p\u00e5 555<\/a>&nbsp;&nbsp;vestnytt.no<\/li>\n<li><a href=\"https:\/\/news.google.com\/rss\/articles\/CBMihgFBVV95cUxNQmZfNzJSLXNPdzFtUnJwVHpwZFlpeC1QS2R2cmdXXzM3TVJlejNEbTVrZDJ0UEZoTV9GVU0yclFPaGM3R2ZNTFNvVUpHcHRadUY4MWdVV1hDR2pfb0o4N2lPY1VDa1lVV1NZN2V0QnFOMmlndTdaYkRGVWQ4ZjFFclRmNGdhdw?oc=5\" target=\"_blank\" rel=\"nofollow noopener\">Politiet: Trafikkulykke p\u00e5 Straume<\/a>&nbsp;&nbsp;Bergens Tidende<\/li>\n<li><a href=\"https:\/\/news.google.com\/rss\/articles\/CBMid0FVX3lxTE5jLURLcFF0QU9ReTFKZERLRHpTQklla0EzNG5zVXI0NWJab196ZmhUZHdwdmZzaW93MC1hdU9LR1JmbmdfRjh2aGRuNWRqYVJfNlpmUk9kOFh3enA2UjVUV292YUItWFZ0UXNSeWIycDRLaGsyM0FJ?oc=5\" target=\"_blank\" rel=\"nofollow noopener\">Nyheter, Politi | Trafikkuhell p\u00e5 riksvei 555<\/a>&nbsp;&nbsp;Bergensavisen<\/li>\n<li><a href=\"https:\/\/news.google.com\/rss\/articles\/CBMihgFBVV95cUxQQlJxc3daYlFqczFJVUlBdWtrWndIQzJCY1RmRTJVbmk0bk96OFdIeTJnLTZmQjV3RnphVmVNTHdCWjYzY2dlNjBtaXpRWHh3di1rdnF3b2VHdlZ1Q2tZQ1E2MU1hd05tWS1RWmpYeWtUUXFvMGZFOUdKaE54a1pyc3hzSkxjZw?oc=5\" target=\"_blank\" rel=\"nofollow noopener\">Personbil og lastebil i ulykke p\u00e5 555 ved avkj\u00f8rsel mot Loddefjord: Veien er \u00e5pnet<\/a>&nbsp;&nbsp;Bergens Tidende<\/li>\n<li><a href=\"https:\/\/news.google.com\/rss\/articles\/CBMieEFVX3lxTE16dzZ6OGpPYzFNNm1WV3hBcWZGN01YbWhSNVk1dlhsel9jVzNsTXVIN0t2UHZSOFFOOTFXRUYxRUl5d1kwVDhHSkJLWGtDLXNGOWlqMWhWeXg1ZHBkY3pzbjBsMnQzWHlqVEtNOWlDa1Y0aXJEUWxsYg?oc=5\" target=\"_blank\" rel=\"nofollow noopener\">Trafikkuhell p\u00e5 riksvei 555<\/a>&nbsp;&nbsp;vestnytt.no<\/li>\n<\/ol>\n","protected":false},"excerpt":{"rendered":"Kj\u00f8rte inn i bilen foran p\u00e5 555&nbsp;&nbsp;vestnytt.no Politiet: Trafikkulykke p\u00e5 Straume&nbsp;&nbsp;Bergens Tidende Nyheter, Politi | Trafikkuhell p\u00e5 riksvei&hellip;\n","protected":false},"author":2,"featured_media":91553,"comment_status":"","ping_status":"","sticky":false,"template":"","format":"standard","meta":{"footnotes":""},"categories":[10],"tags":[20,21,24,25,15,22,23,13,30,28,29,14,16,26,27],"class_list":{"0":"post-91552","1":"post","2":"type-post","3":"status-publish","4":"format-standard","5":"has-post-thumbnail","7":"category-norge","8":"tag-breaking-news","9":"tag-breakingnews","10":"tag-featured-news","11":"tag-featurednews","12":"tag-headlines","13":"tag-latest-news","14":"tag-latestnews","15":"tag-news","16":"tag-no","17":"tag-norge","18":"tag-norway","19":"tag-nyheter","20":"tag-overskrifter","21":"tag-top-stories","22":"tag-topstories"},"share_on_mastodon":{"url":"https:\/\/pubeurope.com\/@no\/115580220445250329","error":""},"_links":{"self":[{"href":"https:\/\/www.europesays.com\/no\/wp-json\/wp\/v2\/posts\/91552","targetHints":{"allow":["GET"]}}],"collection":[{"href":"https:\/\/www.europesays.com\/no\/wp-json\/wp\/v2\/posts"}],"about":[{"href":"https:\/\/www.europesays.com\/no\/wp-json\/wp\/v2\/types\/post"}],"author":[{"embeddable":true,"href":"https:\/\/www.europesays.com\/no\/wp-json\/wp\/v2\/users\/2"}],"replies":[{"embeddable":true,"href":"https:\/\/www.europesays.com\/no\/wp-json\/wp\/v2\/comments?post=91552"}],"version-history":[{"count":0,"href":"https:\/\/www.europesays.com\/no\/wp-json\/wp\/v2\/posts\/91552\/revisions"}],"wp:featuredmedia":[{"embeddable":true,"href":"https:\/\/www.europesays.com\/no\/wp-json\/wp\/v2\/media\/91553"}],"wp:attachment":[{"href":"https:\/\/www.europesays.com\/no\/wp-json\/wp\/v2\/media?parent=91552"}],"wp:term":[{"taxonomy":"category","embeddable":true,"href":"https:\/\/www.europesays.com\/no\/wp-json\/wp\/v2\/categories?post=91552"},{"taxonomy":"post_tag","embeddable":true,"href":"https:\/\/www.europesays.com\/no\/wp-json\/wp\/v2\/tags?post=91552"}],"curies":[{"name":"wp","href":"https:\/\/api.w.org\/{rel}","templated":true}]}}