{"id":91554,"date":"2025-11-20T04:55:14","date_gmt":"2025-11-20T04:55:14","guid":{"rendered":"https:\/\/www.europesays.com\/no\/91554\/"},"modified":"2025-11-20T04:55:14","modified_gmt":"2025-11-20T04:55:14","slug":"kate-winslets-pinlige-mote-med-kong-charles-gjennomsiktig-antrekk-skapte-oppstyr","status":"publish","type":"post","link":"https:\/\/www.europesays.com\/no\/91554\/","title":{"rendered":"Kate Winslets pinlige m\u00f8te med kong Charles: Gjennomsiktig antrekk skapte oppstyr"},"content":{"rendered":"<p class=\"kicker \" style=\"\">Kate Winslet:<\/p>\n<p>  Hollywood-stjernas tanker vandret til \u00e9n helt spesiell kroppsdel under det pinlige m\u00f8tet med kong Charles.<\/p>\n<p>\n    SKAPTE OPPSTYR: Kate Winslet mimrer tilbake til 1996 og et litt uheldig m\u00f8te. Her er hun p\u00e5 en r\u00f8d l\u00f8per juli 2024. Foto: AP\/NTB\n  <\/p>\n<p>Tirsdag kveld var skuespiller <a href=\"https:\/\/www.dagbladet.no\/kjendis\/hardt-ut-mot-pressen-var-helt-forferdelig\/82326085\" rel=\"nofollow noopener\" target=\"_blank\">Kate Winslet (50)<\/a> gjest i talkshowet\u00a0\u00abJimmy Kimmel Live\u00bb for \u00e5 snakke om sin regidebut med filmen \u00abGoodbye June\u00bb.<\/p>\n<p>    <a itemprop=\"url\" href=\"https:\/\/www.dagbladet.no\/kjendis\/ble-kveldens-snakkis-en-gest\/83873667\" rel=\"nofollow noopener\" target=\"_blank\"><\/p>\n<p>      <img loading=\"lazy\" decoding=\"async\" src=\"https:\/\/www.europesays.com\/no\/wp-content\/uploads\/2025\/11\/1763614510_280_83874794.webp\" width=\"980\" height=\"441\" title=\"Kveldens store snakkis: - En gest\" alt=\"\" class=\"lazyload\" style=\"--aspect-ratio-image: 2.22; \"\/><\/p>\n<p>        Kveldens store snakkis: &#8211; En gest<\/p>\n<p>    <\/a><\/p>\n<p> I programmet ble det snakket om en pinlig episode fra da hun m\u00f8tte kong Charles (77) i 1996.\u00a0<\/p>\n<p><a href=\"https:\/\/pagesix.com\/2025\/11\/19\/style\/kate-winslet-recalls-wearing-transparent-black-lace-outfit-to-meet-king-charles-iii-while-at-the-1996-sense-and-sensibility-royal-premiere-in-london\/\" rel=\"nofollow noopener\" target=\"_blank\">Page Six<\/a> har omtalt saken.\u00a0<\/p>\n<p>        SAMOA: Kong Charles og dronning Camilla ble m\u00f8tt med storstilt seremoni da de ankom Samoa. Her drikker Kong Charles kava, en drikk lagd av den psykoaktive planten av samme navn. Reporter: Edward Stenlund. Video: AP \/ 7News Canberra<\/p>\n<p>Winslet var bare 20 \u00e5r gammel da hun m\u00f8tte den dav\u00e6rende prinsen under den kongelige premieren p\u00e5 filmen \u00abSense and Sensibility\u00bb i London.\u00a0<\/p>\n<p>&#8211; Jeg hadde ikke helt skj\u00f8nt at vi faktisk skulle m\u00f8te ham. S\u00e5 jeg glemte at jeg egentlig hadde p\u00e5 meg et ganske gjennomsiktig antrekk med blonder, ler hun.<\/p>\n<p>          <img loading=\"lazy\" decoding=\"async\" src=\"https:\/\/www.europesays.com\/no\/wp-content\/uploads\/2025\/11\/83875953.webp\" width=\"686\" height=\"1050\" title=\"UPS: Kate Winslet hadde p\u00e5 seg dette friske antrekket da hun m\u00f8tte kong Charles. Foto: REX\/NTB\" alt=\"\" class=\"\" style=\"--aspect-ratio-image: 0.65; \"\/><\/p>\n<p>\n          UPS: Kate Winslet hadde p\u00e5 seg dette friske antrekket da hun m\u00f8tte kong Charles. Foto: REX\/NTB\n      <\/p>\n<p>Skuespilleren hadde valgt en helt gjennomsiktig svart jumpsuit i blonder, med flate sandaler og en svart k\u00e5pe.<\/p>\n<p class=\"font-weight-bold m-font-weight-bold\" data-lab-font_weight=\"font-weight-bold\">Da kongen n\u00e6rmet seg, gikk det opp for henne hva hun hadde p\u00e5 seg.<\/p>\n<p>&#8211; Takk gud for at jeg hadde p\u00e5 meg ei k\u00e5pe, for da han kom mot meg s\u00e5 tenkte jeg bare: \u00abBrystvorter! Brystvorter! Brystvorter! \u00c5, gud.\u00bb Og s\u00e5 sa noen: \u00abK\u00e5pe!\u00bb S\u00e5 jeg dekket meg til og sa: \u00abDeres Majestet\u00bb, forteller hun humoristisk.\u00a0<\/p>\n<p>          <img loading=\"lazy\" decoding=\"async\" src=\"https:\/\/www.europesays.com\/no\/wp-content\/uploads\/2025\/11\/83875958.webp\" width=\"686\" height=\"453\" title=\"P\u00c5 PREMIEREN: Dav\u00e6rende prins Charles m\u00f8ter Emma Thompson under den omtalte filmpremieren i 1996. Foto: Shutterstock\/NTB\" alt=\"\" class=\"\" style=\"--aspect-ratio-image: 1.51; \"\/><\/p>\n<p>\n          P\u00c5 PREMIEREN: Dav\u00e6rende prins Charles m\u00f8ter Emma Thompson under den omtalte filmpremieren i 1996. Foto: Shutterstock\/NTB\n      <\/p>\n<p>Heldigvis for Winslet har hun hatt mange muligheter til \u00e5 velge mer passende antrekk for kongelige m\u00f8ter. I\u00a0sommer ble hun ambassad\u00f8r for The King&#8217;s Foundation. <\/p>\n<p>    <a itemprop=\"url\" href=\"https:\/\/www.dagbladet.no\/kjendis\/valgte-a-do-sammen\/83869939\" rel=\"nofollow noopener\" target=\"_blank\"><\/p>\n<p>      <img loading=\"lazy\" decoding=\"async\" src=\"https:\/\/www.europesays.com\/no\/wp-content\/uploads\/2025\/11\/83869961.webp\" width=\"980\" height=\"441\" title=\"Valgte \u00e5 d\u00f8 sammen\" alt=\"\" class=\"lazyload\" style=\"--aspect-ratio-image: 2.22; \"\/><\/p>\n<p>        Valgte \u00e5 d\u00f8 sammen<\/p>\n<p>    <\/a><\/p>\n<p>Den britiske skuespilleren skal ogs\u00e5 v\u00e6re fortellerstemmen i Prime Video-dokumentaren om Charles, \u00abFinding Harmony: A King&#8217;s Vision\u00bb.\u00a0<\/p>\n<p>          <img loading=\"lazy\" decoding=\"async\" src=\"https:\/\/www.europesays.com\/no\/wp-content\/uploads\/2025\/11\/83875951.webp\" width=\"686\" height=\"460\" title=\"AMBASSAD\u00d8R: Kate Winslet sammen med kong Charles da hun mottok pris for den internasjonale p\u00e5virkningen filmene hennes har hatt. Til stede var ogs\u00e5 Meryl Streep og David Beckham. Foto: Shutterstock\/NTB\" alt=\"\" class=\"\" style=\"--aspect-ratio-image: 1.49; \"\/><\/p>\n<p>\n          AMBASSAD\u00d8R: Kate Winslet sammen med kong Charles da hun mottok pris for den internasjonale p\u00e5virkningen filmene hennes har hatt. Til stede var ogs\u00e5 Meryl Streep og David Beckham. Foto: Shutterstock\/NTB\n      <\/p>\n<p>&#8211; Det er en glede og et privilegium \u00e5 v\u00e6re en del av denne filmen, som gir et fascinerende innblikk i kongens arbeid som milj\u00f8forkjemper. Jeg deler hans majestets lidenskap for \u00e5 beskytte planeten v\u00e5r og bygge et b\u00e6rekraftig samfunn, s\u00e5 det har v\u00e6rt veldig givende \u00e5 jobbe med The King&#8217;s Foundation p\u00e5 dette spennende prosjektet.<\/p>\n<p>        TAR TIL T\u00c5RENE: Prins William tar til t\u00e5rene under emosjonelt intervju. Video: BBC\/ R\u00f8d L\u00f8per<\/p>\n<p>Dokumentaren vil bli sendt en gang tidlig neste \u00e5r, if\u00f8lge <a href=\"https:\/\/deadline.com\/2025\/10\/kate-winslet-narrate-king-charles-prime-video-doc-finding-harmony-1236602655\/\" rel=\"nofollow noopener\" target=\"_blank\">Deadline<\/a>.\u00a0<\/p>\n","protected":false},"excerpt":{"rendered":"Kate Winslet: Hollywood-stjernas tanker vandret til \u00e9n helt spesiell kroppsdel under det pinlige m\u00f8tet med kong Charles. SKAPTE&hellip;\n","protected":false},"author":2,"featured_media":91555,"comment_status":"","ping_status":"","sticky":false,"template":"","format":"standard","meta":{"footnotes":""},"categories":[12],"tags":[20,21,24,25,15,11972,479,3994,22,23,13,30,28,29,14,16,26,27,42,43,44,45],"class_list":{"0":"post-91554","1":"post","2":"type-post","3":"status-publish","4":"format-standard","5":"has-post-thumbnail","7":"category-verden","8":"tag-breaking-news","9":"tag-breakingnews","10":"tag-featured-news","11":"tag-featurednews","12":"tag-headlines","13":"tag-kate-winslet","14":"tag-kjendis","15":"tag-kong-charles","16":"tag-latest-news","17":"tag-latestnews","18":"tag-news","19":"tag-no","20":"tag-norge","21":"tag-norway","22":"tag-nyheter","23":"tag-overskrifter","24":"tag-top-stories","25":"tag-topstories","26":"tag-verden","27":"tag-world","28":"tag-world-news","29":"tag-worldnews"},"share_on_mastodon":{"url":"https:\/\/pubeurope.com\/@no\/115580248176669424","error":""},"_links":{"self":[{"href":"https:\/\/www.europesays.com\/no\/wp-json\/wp\/v2\/posts\/91554","targetHints":{"allow":["GET"]}}],"collection":[{"href":"https:\/\/www.europesays.com\/no\/wp-json\/wp\/v2\/posts"}],"about":[{"href":"https:\/\/www.europesays.com\/no\/wp-json\/wp\/v2\/types\/post"}],"author":[{"embeddable":true,"href":"https:\/\/www.europesays.com\/no\/wp-json\/wp\/v2\/users\/2"}],"replies":[{"embeddable":true,"href":"https:\/\/www.europesays.com\/no\/wp-json\/wp\/v2\/comments?post=91554"}],"version-history":[{"count":0,"href":"https:\/\/www.europesays.com\/no\/wp-json\/wp\/v2\/posts\/91554\/revisions"}],"wp:featuredmedia":[{"embeddable":true,"href":"https:\/\/www.europesays.com\/no\/wp-json\/wp\/v2\/media\/91555"}],"wp:attachment":[{"href":"https:\/\/www.europesays.com\/no\/wp-json\/wp\/v2\/media?parent=91554"}],"wp:term":[{"taxonomy":"category","embeddable":true,"href":"https:\/\/www.europesays.com\/no\/wp-json\/wp\/v2\/categories?post=91554"},{"taxonomy":"post_tag","embeddable":true,"href":"https:\/\/www.europesays.com\/no\/wp-json\/wp\/v2\/tags?post=91554"}],"curies":[{"name":"wp","href":"https:\/\/api.w.org\/{rel}","templated":true}]}}