{"id":91556,"date":"2025-11-20T04:56:17","date_gmt":"2025-11-20T04:56:17","guid":{"rendered":"https:\/\/www.europesays.com\/no\/91556\/"},"modified":"2025-11-20T04:56:17","modified_gmt":"2025-11-20T04:56:17","slug":"det-er-bare-tre-ting-som-skal-i-do","status":"publish","type":"post","link":"https:\/\/www.europesays.com\/no\/91556\/","title":{"rendered":"Det er bare tre ting som skal i do"},"content":{"rendered":"\n<p>Lars Viko Gaupset  Byr\u00e5d for byutvikling (MDG), Trondheim kommune\/Tr\u00e5anten tj\u00efelte\n<\/p>\n<p>Publisert:<br \/>\n  19. november 2025 kl. 13:05<br \/>\n  Oppdatert:<br \/>\n  19. november 2025 kl. 13:05\n <\/p>\n<p>Dette er et debattinnlegg. Det gir uttrykk for debattantens egen holdning.<\/p>\n<p><img decoding=\"async\" src=\"data:image\/gif;base64,R0lGODlhEAAJAIAAAP\/\/\/wAAACH5BAEAAAAALAAAAAAQAAkAAAIKhI+py+0Po5yUFQA7\" alt=\"\"\/><br \/>\n  Lars Viko Gaupset<br \/>\n  <strong>Foto:<\/strong> Kristoffer Furberg<\/p>\n<p><strong>Hvert \u00e5r<\/strong> markerer FN verdens toalettdag 19. november. I \u00e5r er budskapet at vi alltid vil trenge toalett, og at vi trenger toaletter som er rustet for fremtiden.<\/p>\n<p><strong>Du er nok<\/strong> enig i at alle trenger et trygt toalett \u2013 alltid. Situasjonen i verden er likevel at milliarder av mennesker fortsatt ikke har tilgang p\u00e5 toalett der de bor. Vi i Trondheim og Norge er heldige, men ogs\u00e5 vi opplever utfordringer: Aldrende r\u00f8r og anlegg, investeringer som ikke henger med ettersp\u00f8rselen og klimaendringer som gir oss stadig st\u00f8rre regnskyll.<\/p>\n<p>Budskapet fra FN er klart: Vi m\u00e5 snarest investere i fremtidsrettede sanit\u00e6ranlegg som er robuste mot klimaendringer. Dette er sv\u00e6rt relevant ogs\u00e5 her i Trondheim.<\/p>\n<p><strong>Vaske-, dusj- og dovannet<\/strong> ditt samles i dag opp gjennom et omfattende system med r\u00f8r, tunneler og pumpestasjoner som tar vannet til renseanlegg. Tidligere ble ogs\u00e5 alt av regnvann f\u00f8rt i samme r\u00f8r. Dette er grunnen til at vi f\u00e5r s\u00e5kalte \u00aboverl\u00f8p\u00bb ved store regnskyll. Da er det rett og slett ikke plass til alt vannet i r\u00f8rene, og en blanding av regnvann og skittent avl\u00f8psvann g\u00e5r rett i fjorden eller elva \u2013 i stedet for \u00e5 ta veien til rensing. Slik kan vi ikke ha det.<\/p>\n<p><a href=\"https:\/\/www.adressa.no\/forbruker\/i\/KMQxbe\/det-verste-du-kan-hive-i-do\" rel=\"nofollow noopener\" target=\"_blank\"> <img decoding=\"async\" src=\"data:image\/gif;base64,R0lGODlhEAAJAIAAAP\/\/\/wAAACH5BAEAAAAALAAAAAAQAAkAAAIKhI+py+0Po5yUFQA7\" alt=\"\"\/>   Det verste du kan hive i do   <\/a> <a href=\"https:\/\/www.adressa.no\/debatt\/i\/KMEKXo\/vaatservietter-i-plast-boer-forbys\" rel=\"nofollow noopener\" target=\"_blank\"> <img decoding=\"async\" src=\"data:image\/gif;base64,R0lGODlhEAAJAIAAAP\/\/\/wAAACH5BAEAAAAALAAAAAAQAAkAAAIKhI+py+0Po5yUFQA7\" alt=\"\"\/>   V\u00e5tservietter i plast b\u00f8r forbys   <\/a> <\/p>\n<p><strong>Siden midten<\/strong> av 60-tallet har vi derfor gjort ting annerledes. Vi har bygget to r\u00f8r, ett for avl\u00f8psvannet som g\u00e5r til renseanlegget og ett for regnvannet som g\u00e5r rett til elva eller fjorden. Vi separerer. Vi \u00f8nsker \u00e5 separere hele kommunen, men det er mange gamle r\u00f8r, og det er dyrt og tidkrevende \u00e5 bytte ut alt. Samtidig blir vi flere, og nye omr\u00e5der bygges ut. De nye som flytter inn, m\u00e5 ogs\u00e5 ha gode avl\u00f8psl\u00f8sninger.<\/p>\n<p><strong>V\u00e5re renseanlegg <\/strong>er ogs\u00e5 gamle og n\u00e6rmer seg slutten p\u00e5 sin levetid. Kapasiteten m\u00e5 \u00f8kes og kravene til rensing blir stadig strengere. Dette betyr at Trondheim st\u00e5r overfor sv\u00e6rt store investeringer i vann- og avl\u00f8pssystemet v\u00e5rt i \u00e5rene fremover.<\/p>\n<p><strong>I Trondheim<\/strong> kommune er vi rundt 150 mennesker som jobber med vann og avl\u00f8p. Vi spyler opp tette r\u00f8r, fikser pumper og holder anleggene i gang. Vi planlegger, f\u00f8lger opp r\u00e5dgivere og entrepren\u00f8rer og gjennomf\u00f8rer prosjekter.<\/p>\n<p><strong>Kommunen gj\u00f8r mye,<\/strong> men du som innbygger kan ogs\u00e5 bidra til at avl\u00f8pssystemet v\u00e5rt fungerer best mulig. Det enkleste handler om hva du putter i do. Husk: Tiss, b\u00e6sj og dopapir er det eneste som skal i do.<\/p>\n<p><strong>Hva mener du? Send inn din tekst til <a href=\"https:\/\/www.adressa.no\/debatt\/i\/W04wEL\/mailto:debatt@adresseavisen.no\" rel=\"noopener nofollow\" target=\"_blank\">debatt@adresseavisen.no<\/a> eller delta i debatten i kommentarfeltet nederst \u2013 og husk fullt navn!<\/strong><\/p>\n","protected":false},"excerpt":{"rendered":"Lars Viko Gaupset Byr\u00e5d for byutvikling (MDG), Trondheim kommune\/Tr\u00e5anten tj\u00efelte Publisert: 19. november 2025 kl. 13:05 Oppdatert: 19.&hellip;\n","protected":false},"author":2,"featured_media":91557,"comment_status":"","ping_status":"","sticky":false,"template":"","format":"standard","meta":{"footnotes":""},"categories":[10],"tags":[20,21,37,24,25,15,11973,22,23,13,30,28,29,14,16,9031,4237,26,27,596,641,1917,1507],"class_list":{"0":"post-91556","1":"post","2":"type-post","3":"status-publish","4":"format-standard","5":"has-post-thumbnail","7":"category-norge","8":"tag-breaking-news","9":"tag-breakingnews","10":"tag-debatt","11":"tag-featured-news","12":"tag-featurednews","13":"tag-headlines","14":"tag-lars-viko-gaupset","15":"tag-latest-news","16":"tag-latestnews","17":"tag-news","18":"tag-no","19":"tag-norge","20":"tag-norway","21":"tag-nyheter","22":"tag-overskrifter","23":"tag-renseanlegg","24":"tag-toalett","25":"tag-top-stories","26":"tag-topstories","27":"tag-trondheim","28":"tag-trondheim-kommune","29":"tag-vann","30":"tag-vann-og-avlop"},"share_on_mastodon":{"url":"https:\/\/pubeurope.com\/@no\/115580251860223268","error":""},"_links":{"self":[{"href":"https:\/\/www.europesays.com\/no\/wp-json\/wp\/v2\/posts\/91556","targetHints":{"allow":["GET"]}}],"collection":[{"href":"https:\/\/www.europesays.com\/no\/wp-json\/wp\/v2\/posts"}],"about":[{"href":"https:\/\/www.europesays.com\/no\/wp-json\/wp\/v2\/types\/post"}],"author":[{"embeddable":true,"href":"https:\/\/www.europesays.com\/no\/wp-json\/wp\/v2\/users\/2"}],"replies":[{"embeddable":true,"href":"https:\/\/www.europesays.com\/no\/wp-json\/wp\/v2\/comments?post=91556"}],"version-history":[{"count":0,"href":"https:\/\/www.europesays.com\/no\/wp-json\/wp\/v2\/posts\/91556\/revisions"}],"wp:featuredmedia":[{"embeddable":true,"href":"https:\/\/www.europesays.com\/no\/wp-json\/wp\/v2\/media\/91557"}],"wp:attachment":[{"href":"https:\/\/www.europesays.com\/no\/wp-json\/wp\/v2\/media?parent=91556"}],"wp:term":[{"taxonomy":"category","embeddable":true,"href":"https:\/\/www.europesays.com\/no\/wp-json\/wp\/v2\/categories?post=91556"},{"taxonomy":"post_tag","embeddable":true,"href":"https:\/\/www.europesays.com\/no\/wp-json\/wp\/v2\/tags?post=91556"}],"curies":[{"name":"wp","href":"https:\/\/api.w.org\/{rel}","templated":true}]}}