{"id":91558,"date":"2025-11-20T05:02:08","date_gmt":"2025-11-20T05:02:08","guid":{"rendered":"https:\/\/www.europesays.com\/no\/91558\/"},"modified":"2025-11-20T05:02:08","modified_gmt":"2025-11-20T05:02:08","slug":"trump-har-signert-vedtaket-om-frigivelse-av-epstein-dokumenter-nrk-urix-utenriksnyheter-og-dokumentarer","status":"publish","type":"post","link":"https:\/\/www.europesays.com\/no\/91558\/","title":{"rendered":"Trump har signert vedtaket om frigivelse av Epstein-dokumenter \u2013 NRK Urix \u2013 Utenriksnyheter og -dokumentarer"},"content":{"rendered":"<p>\u2013 Jeg har nettopp signert loven som frigj\u00f8r Epstein-dokumentene, skriver USAs president p\u00e5 <a href=\"https:\/\/truthsocial.com\/@realDonaldTrump\/posts\/115579394833948106\" ec-id=\"https:\/\/truthsocial.com\/@realDonaldTrump\/posts\/115579394833948106\" ec-name=\"Truth Social\" rel=\"nofollow noopener\" target=\"_blank\">Truth Social<\/a> natt til torsdag, norsk tid.<\/p>\n<p>Lovforslaget ble vedtatt av Representantenes hus tirsdag med 427 stemmer mot \u00e9n stemme. Dagen etter godkjente Senatet enstemmig forslaget.<\/p>\n<p>Dokumentene omtales som \u00abEpstein Files Transparency Act\u00bb, if\u00f8lge <a href=\"https:\/\/www.whitehouse.gov\/briefings-statements\/2025\/11\/congressional-bill-h-r-4405-signed-into-law\/\" ec-id=\"https:\/\/www.whitehouse.gov\/briefings-statements\/2025\/11\/congressional-bill-h-r-4405-signed-into-law\/\" ec-name=\"Det hvite hus.\" rel=\"nofollow noopener\" target=\"_blank\">Det hvite hus. <\/a><\/p>\n<p>Milliard\u00e6ren Jeffrey Epstein ble i 2005 beskyldt for overgrep mot flere mindre\u00e5rige. Han ble igjen p\u00e5grepet og tiltalt for menneskehandel i 2019. Epstein tok sitt eget liv i fengselet samme \u00e5r.<\/p>\n<p>Partneren hans, Ghislaine Maxwell, ble i <a href=\"https:\/\/www.nrk.no\/nyheter\/ghislaine-maxwell-far-20-ars-fengsel-1.16020579\" ec-id=\"pp:article:1.16020579\" ec-name=\"2021 d\u00f8mt\" rel=\"nofollow noopener\" target=\"_blank\">2021 d\u00f8mt<\/a> til 20 \u00e5rs <a href=\"https:\/\/www.nrk.no\/urix\/ghislaine-maxwell-funnet-skyldig-i-fem-av-seks-tiltalepunkter-1.15790261\" ec-id=\"pp:article:1.15790261\" ec-name=\"fengsel for medvirkning til overgrep.\" rel=\"nofollow noopener\" target=\"_blank\">fengsel for medvirkning til overgrep.<\/a><\/p>\n<p><img decoding=\"async\"   src=\"data:image\/gif;base64,R0lGODlhAQABAIAAAAAAAP\/\/\/yH5BAEAAAAALAAAAAABAAEAAAIBRAA7\" loading=\"eager\" alt=\"Jeffrey Epstein og Ghislaine Maxwell \" title=\"Foto: AFP\"\/><\/p>\n<p class=\"\">Jeffrey Epstein og Ghislaine Maxwell<\/p>\n<p>Foto: AFP<\/p>\n<p>\u2013 Etter min ordre har Justisdepartementet allerede overlevert n\u00e6rmere femti tusen sider med dokumenter til Kongressen, skriver Trump.<\/p>\n<p>Det er ikke klart hvordan Justisdepartementet vil utlevere dokumentene.<\/p>\n<p>Trump hevder ogs\u00e5 i innlegget at Epstein donerte tusenvis av dollar til demokratiske politikere og hadde n\u00e6re forbindelser til mange kjente demokrater.<\/p>\n<p>\u2013 Kanskje sannheten om disse demokratene og deres forbindelser til Epstein snart vil bli avsl\u00f8rt, skriver presidenten.<\/p>\n<p>Trump snudde<\/p>\n<p>Selv var Trump tidligere venn med Epstein, men han har nektet kjennskap til menneskehandelen og de seksuelle overgrepene Epstein ble anklaget for.<\/p>\n<p>Trump lovet i valgkampen i fjor \u00e5 frigj\u00f8re alle etterforskningsdokumentene i saken, men ombestemte seg da det ble stilt sp\u00f8rsm\u00e5l ved hans eget vennskap med Epstein.<\/p>\n<p>Han har tidligere sagt at vennskapet med Epstein tok slutt p\u00e5 2000-tallet.<\/p>\n<p><img decoding=\"async\"   src=\"data:image\/gif;base64,R0lGODlhAQABAIAAAAAAAP\/\/\/yH5BAEAAAAALAAAAAABAAEAAAIBRAA7\" loading=\"eager\" alt=\"Donald Trump, Melania Knauss Trump, Jeffrey Epstein og Ghislaine Maxwell sammen. \" title=\"Foto: Davidoff Studios \/ Getty Images\"\/><\/p>\n<p class=\"\">Donald Trump og Jeffrey Epstein var i hverandres omgangskrets p\u00e5 90- og tidlig 2000-tallet. Her avbildet med hverandre og sine partnere Melania Trump og Ghislaine Maxwell.<\/p>\n<p>Foto: Davidoff Studios \/ Getty Images<\/p>\n<p>Forrige uke offentliggjorde Representantenes hus tilsynskomit\u00e9 over <a href=\"https:\/\/www.nrk.no\/urix\/epstein-hevdar-i-e-postar-at-trump-visste-om-jentene-1.17650437\" ec-id=\"pp:article:1.17650437\" ec-name=\"20 000 e-poster fra Epstein\" rel=\"nofollow noopener\" target=\"_blank\">20 000 e-poster fra Epstein<\/a>, som blant annet inkluderer korrespondanse mellom Summers og Epstein.<\/p>\n<p>N\u00e5 vil de resterende dokumentene ogs\u00e5 bli offentliggjort.<\/p>\n<p>Clinton-etterforskning<\/p>\n<p>Justisminister Pam Bondi sa tidligere onsdag at hennes departement vil frigi Epstein-dokumentene innen 30 dager, slik vedtaket fra Kongressen krever.<\/p>\n<p>\u2013 Vi kommer til \u00e5 fortsette \u00e5 f\u00f8lge loven og oppfordre til mest mulig \u00e5penhet, sa Bondi p\u00e5 en pressekonferanse.<\/p>\n<p>I hvilken grad samtlige dokumenter n\u00e5 vil bli frigitt, er ikke kjent.<br \/>Trump <a href=\"https:\/\/www.nrk.no\/nyheter\/trump-ber-om-epstein-etterforskning-av-bill-clinton-1.17654129\" ec-id=\"pp:article:1.17654129\" ec-name=\"beordret tidligere i m\u00e5neden\" rel=\"nofollow noopener\" target=\"_blank\">beordret tidligere i m\u00e5neden<\/a> Bondi til \u00e5 etterforske forholdet mellom Epstein og tidligere president Bill Clinton.<\/p>\n<p>Dette kan f\u00f8re til at frigivelse av tidligere etterforskningsdokumenter i saken m\u00e5 vente.<\/p>\n<p>Clinton har nektet kjennskap til Epsteins overgrep, og ingen av ofrene som har st\u00e5tt fram, har heller implisert ham.<\/p>\n<p>Publisert<\/p>\n<p>20.11.2025, kl. 04.56<\/p>\n","protected":false},"excerpt":{"rendered":"\u2013 Jeg har nettopp signert loven som frigj\u00f8r Epstein-dokumentene, skriver USAs president p\u00e5 Truth Social natt til torsdag,&hellip;\n","protected":false},"author":2,"featured_media":91559,"comment_status":"","ping_status":"","sticky":false,"template":"","format":"standard","meta":{"footnotes":""},"categories":[12],"tags":[20,21,24,25,15,22,23,13,30,28,29,14,16,26,27,42,43,44,45],"class_list":{"0":"post-91558","1":"post","2":"type-post","3":"status-publish","4":"format-standard","5":"has-post-thumbnail","7":"category-verden","8":"tag-breaking-news","9":"tag-breakingnews","10":"tag-featured-news","11":"tag-featurednews","12":"tag-headlines","13":"tag-latest-news","14":"tag-latestnews","15":"tag-news","16":"tag-no","17":"tag-norge","18":"tag-norway","19":"tag-nyheter","20":"tag-overskrifter","21":"tag-top-stories","22":"tag-topstories","23":"tag-verden","24":"tag-world","25":"tag-world-news","26":"tag-worldnews"},"share_on_mastodon":{"url":"https:\/\/pubeurope.com\/@no\/115580275552889496","error":""},"_links":{"self":[{"href":"https:\/\/www.europesays.com\/no\/wp-json\/wp\/v2\/posts\/91558","targetHints":{"allow":["GET"]}}],"collection":[{"href":"https:\/\/www.europesays.com\/no\/wp-json\/wp\/v2\/posts"}],"about":[{"href":"https:\/\/www.europesays.com\/no\/wp-json\/wp\/v2\/types\/post"}],"author":[{"embeddable":true,"href":"https:\/\/www.europesays.com\/no\/wp-json\/wp\/v2\/users\/2"}],"replies":[{"embeddable":true,"href":"https:\/\/www.europesays.com\/no\/wp-json\/wp\/v2\/comments?post=91558"}],"version-history":[{"count":0,"href":"https:\/\/www.europesays.com\/no\/wp-json\/wp\/v2\/posts\/91558\/revisions"}],"wp:featuredmedia":[{"embeddable":true,"href":"https:\/\/www.europesays.com\/no\/wp-json\/wp\/v2\/media\/91559"}],"wp:attachment":[{"href":"https:\/\/www.europesays.com\/no\/wp-json\/wp\/v2\/media?parent=91558"}],"wp:term":[{"taxonomy":"category","embeddable":true,"href":"https:\/\/www.europesays.com\/no\/wp-json\/wp\/v2\/categories?post=91558"},{"taxonomy":"post_tag","embeddable":true,"href":"https:\/\/www.europesays.com\/no\/wp-json\/wp\/v2\/tags?post=91558"}],"curies":[{"name":"wp","href":"https:\/\/api.w.org\/{rel}","templated":true}]}}