{"id":91560,"date":"2025-11-20T05:03:28","date_gmt":"2025-11-20T05:03:28","guid":{"rendered":"https:\/\/www.europesays.com\/no\/91560\/"},"modified":"2025-11-20T05:03:28","modified_gmt":"2025-11-20T05:03:28","slug":"hoysesong-for-snofjerning-na-smeller-det-fosna-folket-no","status":"publish","type":"post","link":"https:\/\/www.europesays.com\/no\/91560\/","title":{"rendered":"H\u00f8yse\u00adsong for sn\u00f8fjer\u00adning: \u2013 N\u00e5 smeller det &#8211; fosna-folket.no"},"content":{"rendered":"<ol>\n<li><a href=\"https:\/\/news.google.com\/rss\/articles\/CBMilwFBVV95cUxQeTFPcTRteGZwNm01ZU9nYlZNUVVLVVFKU3FOQUJ6dTVMa3JsdUVWNExWRU1yV1dBb2g0MmU0aVM3M29qMGd0aFNQamdLVVktWFVQVDdrbzlwZHFhYTRnRGVzWWVRNUpONmg5M3RHLXFtLU9yMjhrelZ4OXluQUZMcUl4SVZheml2UkE3ZjVCUkJnX19JSnZN?oc=5\" target=\"_blank\" rel=\"nofollow noopener\">H\u00f8yse\u00adsong for sn\u00f8fjer\u00adning: \u2013 N\u00e5 smeller det<\/a>&nbsp;&nbsp;fosna-folket.no<\/li>\n<li><a href=\"https:\/\/news.google.com\/rss\/articles\/CBMirAFBVV95cUxNUWZNV3NZdzlOSDNKTDNxTlJVODBNdUh1dXJnRUpqbWlKMjF4TzZfeVRLaUg0eTNsQk5wRzExYUhVT3pSUXpMcTVuZ3RtS1lqSlRPTUhJZ05FVXdMdVdTcm5oMlR4aXhYUHpLQXZCME40ZVpWMUUwNFFwbXd1LXlHNkh3cFVlWHdnd2dfZVNyMjJSckFPTkN1Tm5IUVF1SGpGSlpKV0dUQWJjeGxT?oc=5\" target=\"_blank\" rel=\"nofollow noopener\">\u2013 Rekker ikke \u00e5 bli ferdig med ruta f\u00f8r man m\u00e5 begynne p\u00e5 nytt<\/a>&nbsp;&nbsp;fosna-folket.no<\/li>\n<li><a href=\"https:\/\/news.google.com\/rss\/articles\/CBMidkFVX3lxTFBndDJHWXQ1b2UyVjUyRDJUNnEtOVdteWF0UVBTOFNweE8wRm16bzlUYTRLOE1vWGRPOVVuT0tXTWFLRjNvdG5mUHhsTG1PbHBRNGtTZ1ZIMzcwQXhQcTQyaVlZcHc3OUVaUDNmekk2TVA4Ump6SWc?oc=5\" target=\"_blank\" rel=\"nofollow noopener\">Over 3000 var uten str\u00f8m &#8211; retter feilene fortl\u00f8pende<\/a>&nbsp;&nbsp;fosna-folket.no<\/li>\n<li><a href=\"https:\/\/news.google.com\/rss\/articles\/CBMiakFVX3lxTE0xSHBBbzFmbzdrZmtQLVVNQThLUjEyNW9rVXdmTkp2RDlLMlpqaHZRcFhrRE9kMlJPYnNZei01V2pTUV9iVFpSbmk0amJmR1Mwd3pLSi1wemNBN04wcmEtU0Zjc1RjcWw5SWc?oc=5\" target=\"_blank\" rel=\"nofollow noopener\">(+) Reparerer str\u00f8mbrudd<\/a>&nbsp;&nbsp;fosna-folket.no<\/li>\n<li><a href=\"https:\/\/news.google.com\/rss\/articles\/CBMia0FVX3lxTE5tUWxLZ1FNVkhoVi11NWR3V1ZDc0xqSjhua1lnYjAza1IwSS1YbXFHUHhESUU3U1RUUk5PcTNVcUVRTG5zWWhHUmhnT2ZSaHpRNTQ3b2cxSGg5V0F4ZG9UYnJlM3RDSGhhemlz?oc=5\" target=\"_blank\" rel=\"nofollow noopener\">Flere tr\u00e6r har falt ned over veger<\/a>&nbsp;&nbsp;fosna-folket.no<\/li>\n<\/ol>\n","protected":false},"excerpt":{"rendered":"H\u00f8yse\u00adsong for sn\u00f8fjer\u00adning: \u2013 N\u00e5 smeller det&nbsp;&nbsp;fosna-folket.no \u2013 Rekker ikke \u00e5 bli ferdig med ruta f\u00f8r man m\u00e5&hellip;\n","protected":false},"author":2,"featured_media":91561,"comment_status":"","ping_status":"","sticky":false,"template":"","format":"standard","meta":{"footnotes":""},"categories":[10],"tags":[20,21,24,25,15,22,23,13,30,28,29,14,16,26,27],"class_list":{"0":"post-91560","1":"post","2":"type-post","3":"status-publish","4":"format-standard","5":"has-post-thumbnail","7":"category-norge","8":"tag-breaking-news","9":"tag-breakingnews","10":"tag-featured-news","11":"tag-featurednews","12":"tag-headlines","13":"tag-latest-news","14":"tag-latestnews","15":"tag-news","16":"tag-no","17":"tag-norge","18":"tag-norway","19":"tag-nyheter","20":"tag-overskrifter","21":"tag-top-stories","22":"tag-topstories"},"share_on_mastodon":{"url":"https:\/\/pubeurope.com\/@no\/115580279381555206","error":""},"_links":{"self":[{"href":"https:\/\/www.europesays.com\/no\/wp-json\/wp\/v2\/posts\/91560","targetHints":{"allow":["GET"]}}],"collection":[{"href":"https:\/\/www.europesays.com\/no\/wp-json\/wp\/v2\/posts"}],"about":[{"href":"https:\/\/www.europesays.com\/no\/wp-json\/wp\/v2\/types\/post"}],"author":[{"embeddable":true,"href":"https:\/\/www.europesays.com\/no\/wp-json\/wp\/v2\/users\/2"}],"replies":[{"embeddable":true,"href":"https:\/\/www.europesays.com\/no\/wp-json\/wp\/v2\/comments?post=91560"}],"version-history":[{"count":0,"href":"https:\/\/www.europesays.com\/no\/wp-json\/wp\/v2\/posts\/91560\/revisions"}],"wp:featuredmedia":[{"embeddable":true,"href":"https:\/\/www.europesays.com\/no\/wp-json\/wp\/v2\/media\/91561"}],"wp:attachment":[{"href":"https:\/\/www.europesays.com\/no\/wp-json\/wp\/v2\/media?parent=91560"}],"wp:term":[{"taxonomy":"category","embeddable":true,"href":"https:\/\/www.europesays.com\/no\/wp-json\/wp\/v2\/categories?post=91560"},{"taxonomy":"post_tag","embeddable":true,"href":"https:\/\/www.europesays.com\/no\/wp-json\/wp\/v2\/tags?post=91560"}],"curies":[{"name":"wp","href":"https:\/\/api.w.org\/{rel}","templated":true}]}}