{"id":91562,"date":"2025-11-20T05:09:11","date_gmt":"2025-11-20T05:09:11","guid":{"rendered":"https:\/\/www.europesays.com\/no\/91562\/"},"modified":"2025-11-20T05:09:11","modified_gmt":"2025-11-20T05:09:11","slug":"usa-texas-dommer-ber-skoler-i-texas-se-bort-fra-pabud-om-de-ti-bud","status":"publish","type":"post","link":"https:\/\/www.europesays.com\/no\/91562\/","title":{"rendered":"USA, Texas | Dommer ber skoler i Texas se bort fra p\u00e5bud om de ti bud"},"content":{"rendered":"\n<p>I kjennelsen skriver dommer Orlando L. Garcia at den omstridte loven i Texas er i strid med den amerikanske grunnlovens skille mellom stat og religion.<\/p>\n<p>Regjeringsadvokaten i Texas har g\u00e5tt til s\u00f8ksm\u00e5l mot skolekretser som ikke har hengt opp levereglene fra Det gamle testamente. <\/p>\n<p>Borgerrettsorganisasjonen ACLU sier tirsdagens kjennelse er en seier for religionsfriheten.<\/p>\n<p>I juni satte en f\u00f8deral ankedomstol en stopper for innf\u00f8ringen av en lignende lov i Louisiana. I Oklahoma ble et p\u00e5legg om \u00e5 ha Bibelen tilgjengelig i alle klasserom trukket etter at delstatens h\u00f8yesterett fastslo at kravet var grunnlovsstridig.<\/p>\n","protected":false},"excerpt":{"rendered":"I kjennelsen skriver dommer Orlando L. Garcia at den omstridte loven i Texas er i strid med den&hellip;\n","protected":false},"author":2,"featured_media":91563,"comment_status":"","ping_status":"","sticky":false,"template":"","format":"standard","meta":{"footnotes":""},"categories":[12],"tags":[20,21,24,25,15,22,23,13,30,28,29,14,16,26,27,42,43,44,45],"class_list":{"0":"post-91562","1":"post","2":"type-post","3":"status-publish","4":"format-standard","5":"has-post-thumbnail","7":"category-verden","8":"tag-breaking-news","9":"tag-breakingnews","10":"tag-featured-news","11":"tag-featurednews","12":"tag-headlines","13":"tag-latest-news","14":"tag-latestnews","15":"tag-news","16":"tag-no","17":"tag-norge","18":"tag-norway","19":"tag-nyheter","20":"tag-overskrifter","21":"tag-top-stories","22":"tag-topstories","23":"tag-verden","24":"tag-world","25":"tag-world-news","26":"tag-worldnews"},"share_on_mastodon":{"url":"https:\/\/pubeurope.com\/@no\/115580303167615568","error":""},"_links":{"self":[{"href":"https:\/\/www.europesays.com\/no\/wp-json\/wp\/v2\/posts\/91562","targetHints":{"allow":["GET"]}}],"collection":[{"href":"https:\/\/www.europesays.com\/no\/wp-json\/wp\/v2\/posts"}],"about":[{"href":"https:\/\/www.europesays.com\/no\/wp-json\/wp\/v2\/types\/post"}],"author":[{"embeddable":true,"href":"https:\/\/www.europesays.com\/no\/wp-json\/wp\/v2\/users\/2"}],"replies":[{"embeddable":true,"href":"https:\/\/www.europesays.com\/no\/wp-json\/wp\/v2\/comments?post=91562"}],"version-history":[{"count":0,"href":"https:\/\/www.europesays.com\/no\/wp-json\/wp\/v2\/posts\/91562\/revisions"}],"wp:featuredmedia":[{"embeddable":true,"href":"https:\/\/www.europesays.com\/no\/wp-json\/wp\/v2\/media\/91563"}],"wp:attachment":[{"href":"https:\/\/www.europesays.com\/no\/wp-json\/wp\/v2\/media?parent=91562"}],"wp:term":[{"taxonomy":"category","embeddable":true,"href":"https:\/\/www.europesays.com\/no\/wp-json\/wp\/v2\/categories?post=91562"},{"taxonomy":"post_tag","embeddable":true,"href":"https:\/\/www.europesays.com\/no\/wp-json\/wp\/v2\/tags?post=91562"}],"curies":[{"name":"wp","href":"https:\/\/api.w.org\/{rel}","templated":true}]}}