{"id":91564,"date":"2025-11-20T05:10:29","date_gmt":"2025-11-20T05:10:29","guid":{"rendered":"https:\/\/www.europesays.com\/no\/91564\/"},"modified":"2025-11-20T05:10:29","modified_gmt":"2025-11-20T05:10:29","slug":"fetisha-williams-norsketarianer-fetisha-williams-blir-norsketarianer-vi-nordmenn-er-ikke-sinte-nok","status":"publish","type":"post","link":"https:\/\/www.europesays.com\/no\/91564\/","title":{"rendered":"Fetisha Williams, Norsketarianer | Fetisha Williams blir \u00abnorsketarianer\u00bb: \u2013 Vi nordmenn er ikke sinte nok"},"content":{"rendered":"\n<p>Influenseren og podkast-hosten Fetisha Williams har erkl\u00e6rt krig mot h\u00f8ye matpriser og dagligvarebransjens makt.<\/p>\n<p>I sin podkast \u00ab<a href=\"https:\/\/podimo.com\/no\/shows\/fetisha?episode=610e0db2-2c00-5fee-8c47-77b2763af225\" rel=\"Follow nofollow noopener\" target=\"_blank\">Fetisha+1<\/a>\u00bb med makker Anine Olsen, annonserte hun en m\u00e5neds protest mot situasjonen.<\/p>\n<p>\u2013 I dag er jeg veldig sint, innledet Williams podkasten.<\/p>\n<p>Hun uttrykte dyp frustrasjon over at prisene p\u00e5 matvarer har skutt i v\u00e6ret de siste \u00e5rene.<\/p>\n<p>\u2013 Den \u00ab\u00bb jeg har hatt i det siste over hvor sinnsykt dyrt ting er\u2026 Jeg er s\u00e5 ferdig.<\/p>\n<p><b>Hennes l\u00f8sning er radikal: en m\u00e5ned som \u00ab\u00bb, med total boikott av de store matvaregigantene.<\/b><\/p>\n<p>  <a href=\"https:\/\/www.nationen.no\/5-148-506436\" class=\"related-teaser has-image default-story-teaser article--c-eRUmMG article--c-eRUmMG-jKCPdD-design-default\" rel=\"nofollow noopener\" target=\"_blank\"><\/p>\n<p>    <img decoding=\"async\" loading=\"lazy\"  src=\"https:\/\/www.europesays.com\/no\/wp-content\/uploads\/2025\/11\/IMG_9014.jpeg\" alt=\"\" class=\"brick-c-cFOWSL\" style=\"\"\/><\/p>\n<p>\n            Les ogs\u00e5<\/p>\n<p>              Dordi (21) lever som \u00abnorsketarianer\u00bb \u2013 slik har det g\u00e5tt med henne\n        <\/p>\n<p>  <\/a><br \/>\n  \u2013 Vi m\u00e5 f\u00e5 fram h\u00f8ygaflene <\/p>\n<p>I forberedelsene til boikotten av de store akt\u00f8rene i dagligvarebransjen, Norgesgruppen, Coop og Rema 1000, har hun begynt \u00e5 spise seg ut av kj\u00f8leskapet sitt.<\/p>\n<p>\u2013 Jeg k\u00f8dder ikke engang. Jeg er s\u00e5 drita lei av \u00e5 g\u00e5 inn p\u00e5 matbutikken. Hvorfor koster fl\u00f8te 60 kr? Jeg skj\u00f8nner ikke. Hvordan har de samvittighet til \u00e5 prise ting p\u00e5 den m\u00e5ten her? sp\u00f8r hun frustrert.<\/p>\n<p><b>Planen er \u00e5 kj\u00f8pe maten direkte fra produsenter og lage mer fra bunnen av. <\/b><\/p>\n<p>Allerede er en halv sau bestilt fra en g\u00e5rd, og 7,3 kilo sauekj\u00f8tt er p\u00e5 vei. En kvart ku st\u00e5r ogs\u00e5 p\u00e5 handlelisten n\u00e5r den er ferdigslaktet. Egg f\u00e5r hun fra \u00abMohammed p\u00e5 Grorud\u00bb, og hun ser p\u00e5 Reko-ringer som en mulighet for gr\u00f8nnsaker.<\/p>\n<p>  <a href=\"https:\/\/www.nationen.no\/5-148-789441\" class=\"related-teaser has-image default-story-teaser article--c-eRUmMG article--c-eRUmMG-jKCPdD-design-default\" rel=\"nofollow noopener\" target=\"_blank\"><\/p>\n<p>    <img decoding=\"async\" loading=\"lazy\"  src=\"https:\/\/www.europesays.com\/no\/wp-content\/uploads\/2025\/11\/unnamed+%2867%29+%281%29.jpg\" alt=\"\" class=\"brick-c-cFOWSL\" style=\"\"\/><\/p>\n<p>\n            Les ogs\u00e5<\/p>\n<p>              Henriette boikotter dagligvarekjedene\n        <\/p>\n<p>  <\/a><\/p>\n<p>Williams \u00f8nsker \u00e5 bli mer selvforsynt. Meieriprodukter skal hun lage selv.<\/p>\n<p>\u2013 Jeg skal ikke lenger kj\u00f8pe sm\u00f8r, ikke kj\u00f8pe cottage cheese, ikke kj\u00f8pe yoghurt. Jeg skal bare kj\u00f8pe kremfl\u00f8te og helmelk, og lage det selv. Ja, det tar lengre tid, men vet du hva \u2013 \u00abus bitches need to get back to the kitchen\u00bb, sier hun ironisk.<\/p>\n<p>Makker Anine Olsen maner til protest:<\/p>\n<p><b>\u2013 Vi m\u00e5 f\u00e5 fram h\u00f8ygaflene. Vi m\u00e5 gj\u00f8re som Frankrike. Frankrike protesterer over en lav sko. <\/b><\/p>\n<p>Williams er enig.<\/p>\n<p>\u2013 Jeg mener det. Vi nordmenn er ikke sinte nok. Hvis jeg reagerer p\u00e5 disse matprisene, m\u00e5 vi \u00abwake the fuck up\u00bb.<\/p>\n<p>  <a href=\"https:\/\/www.nationen.no\/5-148-510296\" class=\"related-teaser has-image default-story-teaser article--c-eRUmMG article--c-eRUmMG-jKCPdD-design-default\" rel=\"nofollow noopener\" target=\"_blank\"><\/p>\n<p>    <img decoding=\"async\" loading=\"lazy\"  src=\"https:\/\/www.europesays.com\/no\/wp-content\/uploads\/2025\/11\/Dordi+Boksasp+Lerum+og+Ingrid+Waagen+DSC_6703+kopi.jpg\" alt=\"\" class=\"brick-c-cFOWSL\" style=\"\"\/><\/p>\n<p>\n            Les ogs\u00e5<\/p>\n<p>              \u2013 Burde ikke v\u00e6re lov \u00e5 markedsf\u00f8re dette som norsk\n        <\/p>\n<p>  <\/a><\/p>\n<p>Nationen har fors\u00f8kt \u00e5 komme i kontakt med Fetisha Williams uten hell. Vi siterer derfor hennes podkast.<\/p>\n<p>Vil finne tilbake til r\u00f8ttene<\/p>\n<p>Williams&#8217; frustrasjon speiler en bredere bekymring i befolkningen.<\/p>\n<p>Prisene p\u00e5 mat og alkoholfrie drikkevarer har steget med 38,4 prosent i Norge fra desember 2021 til juli 2025, viser tall fra Eurostat, som Statistisk sentralbyr\u00e5 henviser til. Dette er betydelig h\u00f8yere enn i andre nordiske land og eurosonen, skriver <a rel=\"Follow nofollow noopener\" href=\"https:\/\/frifagbevegelse.no\/nyheter\/har-matprisene-i-norge-steget-mer-enn-i-europa-6.158.1158658.ce20f75e09\" target=\"_blank\">FriFagbevegelse<\/a>.<\/p>\n<p>Det siste \u00e5ret har matprisene \u00f8kt med <a href=\"https:\/\/www.nationen.no\/prisveksten-pa-mat-ikke-bondens-skyld\/s\/5-148-819994\" rel=\"Follow nofollow noopener\" target=\"_blank\">6,2 prosent<\/a>, og s\u00e6rlig importert mat har hatt en kraftig prisvekst.<\/p>\n<p>\u2013 N\u00e5r tre dagligvarekjeder kontrollerer nesten hele markedet, svekkes konkurransen og \u00e5penheten. Det rammer b\u00e5de bonden og forbrukeren, uttalte leder i Norges Bondelag, Bj\u00f8rn Gimming, tidligere til <a href=\"https:\/\/www.nationen.no\/prisveksten-pa-mat-ikke-bondens-skyld\/s\/5-148-819994\" rel=\"Follow nofollow noopener\" target=\"_blank\">Nationen<\/a>.<\/p>\n<p>  <a href=\"https:\/\/www.nationen.no\/5-148-807461\" class=\"related-teaser has-image default-story-teaser article--c-eRUmMG article--c-eRUmMG-jKCPdD-design-default\" rel=\"nofollow noopener\" target=\"_blank\"><\/p>\n<p>    <img decoding=\"async\" loading=\"lazy\"  src=\"https:\/\/www.europesays.com\/no\/wp-content\/uploads\/2025\/11\/DSC01372+%281%29.jpg\" alt=\"\" class=\"brick-c-cFOWSL\" style=\"\"\/><\/p>\n<p>\n            Les ogs\u00e5<\/p>\n<p>              \u2013 Folk sitter igjen med en f\u00f8lelse av \u00e5 bli lurt\n        <\/p>\n<p>  <\/a><\/p>\n<p>Med over 90 prosent av markedet kontrollert av tre akt\u00f8rer, \u00f8nsker Williams \u00e5 inspirere flere til \u00e5 velge alternativene. Hun understreker at hennes prosjekt ogs\u00e5 handler om solidaritet.<\/p>\n<p><b>\u2013 Hvis jeg sliter, kan jeg ikke forestille meg hvordan det er for folk med tre barn. <\/b><\/p>\n<p>N\u00e5 skal hun finne ut hvor hun kan kj\u00f8pe meieriprodukter og gr\u00f8nnsaker direkte fra b\u00f8nder. M\u00e5let er \u00e5 se hvordan det er \u00e5 overleve uten de store akt\u00f8rene, og finne tilbake til r\u00f8ttene.<\/p>\n<p>\u2013 Jeg f\u00f8ler meg litt som en kokaindealer, fordi jeg st\u00e5r og dealer melk p\u00e5 Instagram og Snapchat, sier hun om sin leting etter lokale leverand\u00f8rer.<\/p>\n<p>  <a href=\"https:\/\/www.nationen.no\/5-148-751193\" class=\"related-teaser has-image default-story-teaser article--c-eRUmMG article--c-eRUmMG-jKCPdD-design-default\" rel=\"nofollow noopener\" target=\"_blank\"><\/p>\n<p>    <img decoding=\"async\" loading=\"lazy\"  src=\"https:\/\/www.europesays.com\/no\/wp-content\/uploads\/2025\/11\/509267270_2481607575529423_7971357186723653626_n_1.jpg\" alt=\"\" class=\"brick-c-cFOWSL\" style=\"\"\/><\/p>\n<p>\n            Les ogs\u00e5<\/p>\n<p>              \u00abNorsketerianeren\u00bb gir ut bok: \u2013 Jeg har venner som aldri har sett en sau\n        <\/p>\n<p>  <\/a><\/p>\n","protected":false},"excerpt":{"rendered":"Influenseren og podkast-hosten Fetisha Williams har erkl\u00e6rt krig mot h\u00f8ye matpriser og dagligvarebransjens makt. I sin podkast \u00abFetisha+1\u00bb&hellip;\n","protected":false},"author":2,"featured_media":91565,"comment_status":"","ping_status":"","sticky":false,"template":"","format":"standard","meta":{"footnotes":""},"categories":[10],"tags":[36,11975,20,21,824,24,25,4997,15,22,23,1229,13,30,28,11974,29,14,16,1270,1510,26,27],"class_list":{"0":"post-91564","1":"post","2":"type-post","3":"status-publish","4":"format-standard","5":"has-post-thumbnail","7":"category-norge","8":"tag-art","9":"tag-bonder","10":"tag-breaking-news","11":"tag-breakingnews","12":"tag-dagligvare","13":"tag-featured-news","14":"tag-featurednews","15":"tag-fetisha-williams","16":"tag-headlines","17":"tag-latest-news","18":"tag-latestnews","19":"tag-matpriser","20":"tag-news","21":"tag-no","22":"tag-norge","23":"tag-norsketarianer","24":"tag-norway","25":"tag-nyheter","26":"tag-overskrifter","27":"tag-podkast","28":"tag-story","29":"tag-top-stories","30":"tag-topstories"},"share_on_mastodon":{"url":"https:\/\/pubeurope.com\/@no\/115580307064222545","error":""},"_links":{"self":[{"href":"https:\/\/www.europesays.com\/no\/wp-json\/wp\/v2\/posts\/91564","targetHints":{"allow":["GET"]}}],"collection":[{"href":"https:\/\/www.europesays.com\/no\/wp-json\/wp\/v2\/posts"}],"about":[{"href":"https:\/\/www.europesays.com\/no\/wp-json\/wp\/v2\/types\/post"}],"author":[{"embeddable":true,"href":"https:\/\/www.europesays.com\/no\/wp-json\/wp\/v2\/users\/2"}],"replies":[{"embeddable":true,"href":"https:\/\/www.europesays.com\/no\/wp-json\/wp\/v2\/comments?post=91564"}],"version-history":[{"count":0,"href":"https:\/\/www.europesays.com\/no\/wp-json\/wp\/v2\/posts\/91564\/revisions"}],"wp:featuredmedia":[{"embeddable":true,"href":"https:\/\/www.europesays.com\/no\/wp-json\/wp\/v2\/media\/91565"}],"wp:attachment":[{"href":"https:\/\/www.europesays.com\/no\/wp-json\/wp\/v2\/media?parent=91564"}],"wp:term":[{"taxonomy":"category","embeddable":true,"href":"https:\/\/www.europesays.com\/no\/wp-json\/wp\/v2\/categories?post=91564"},{"taxonomy":"post_tag","embeddable":true,"href":"https:\/\/www.europesays.com\/no\/wp-json\/wp\/v2\/tags?post=91564"}],"curies":[{"name":"wp","href":"https:\/\/api.w.org\/{rel}","templated":true}]}}