{"id":91566,"date":"2025-11-20T05:12:11","date_gmt":"2025-11-20T05:12:11","guid":{"rendered":"https:\/\/www.europesays.com\/no\/91566\/"},"modified":"2025-11-20T05:12:11","modified_gmt":"2025-11-20T05:12:11","slug":"det-er-ei-glede-nrk-sport-sportsnyheter-resultater-og-sendeplan","status":"publish","type":"post","link":"https:\/\/www.europesays.com\/no\/91566\/","title":{"rendered":"\u2013 Det er ei glede \u2013 NRK Sport \u2013 Sportsnyheter, resultater og sendeplan"},"content":{"rendered":"<p>Som verdseinar i fleirfaldige \u00e5r og verdsmeister nesten tallause gonger, er Magnus Carlsen van til \u00e5 st\u00e5 i fokus.<\/p>\n<p>Men i slutten av september blei han og kona Ella Victoria Carlsen foreldre til ein gut, som sidan har tatt det meste av tida til sjakkstjerna.<\/p>\n<p>\u2013 Eg synest det er kjempefint, eg, innleier Carlsen til NRK om opplevinga av det nye sm\u00e5barnslivet.<\/p>\n<p><img decoding=\"async\"   src=\"data:image\/gif;base64,R0lGODlhAQABAIAAAAAAAP\/\/\/yH5BAEAAAAALAAAAAABAAEAAAIBRAA7\" loading=\"eager\" alt=\"\" title=\"Foto: Amanda Pedersen Giske \/ NTB\"\/><\/p>\n<p class=\"\">MANN OG KONE: Magnus Carlsen og Ella Victoria Malone blei i januar erkl\u00e6rt for rette ektefolk.<\/p>\n<p>Foto: Amanda Pedersen Giske \/ NTB<\/p>\n<p>NRK m\u00f8ter han i lokalet til TakeTakeTake, sjakkanalen der Carlsen er medeigar, i samband med ei sending. P\u00e5 pulten der han speler sit han med eit innramma bilde av han og kona fr\u00e5 bryllaupet.<\/p>\n<p>\u2013 Dagsforma blir jo alltid opp og ned, men det er ei glede. Han er ein veldig fin gut, og eg har ei veldig fin kone som tar seg veldig bra av han saman med meg. Alt er str\u00e5lande, seier han med eit stort smil om den nye familiemedlemmen.<\/p>\n<p>    \u2190<\/p>\n<ul data-scroll-container=\"\" role=\"list\" aria-label=\"Bildegalleri\">\n<li><img alt=\"Magnus Carlsen som str\u00f8mmer Titled Tuesday, med et bilde av han og kona Ella p\u00e5 pulten\"  width=\"3840\" height=\"2560\" loading=\"lazy\"\/>\n<p>TETT P\u00c5: Med eit bilde av han og kona Ella fr\u00e5 bryllaupsdagen p\u00e5 pulten spelte Magnus Carlsen ei internett-turnering i Oslo tysdag ettermiddag.<\/p>\n<p> Foto: Simon Zetlitz Nessler \/ NRK <\/li>\n<li><img alt=\"Carlsen Ella innrammet bilde\"  width=\"3840\" height=\"2159\" loading=\"lazy\"\/>\n<p>P\u00c5 PULTEN: Bildet av Carlsen og kona Ella lyser imot Carlsen n\u00e5r han speler.<\/p>\n<p> Foto: Dag Robert Johansen \/ NRK <\/li>\n<\/ul>\n<p>\u2192<\/p>\n<p>\u00abGenuint nysgjerrig\u00bb p\u00e5 bleieskift<\/p>\n<p>Carlsen heldt seg heime i Noreg b\u00e5de i vekene f\u00f8r f\u00f8dselen og den f\u00f8rste m\u00e5naden etter, f\u00f8r han drog til ei hurtigsjakkturnering i Saint Louis i USA heilt i slutten av oktober.<\/p>\n<p>\u2013 Eg er jo framleis aktiv sjakkspelar, s\u00e5 eg vil spele. Det blir alltid prioriteringar ein m\u00e5 gjere. Eg har for det aller meste prioritert \u00e5 vere heime dei f\u00f8rste sju vekene. Etter kvart s\u00e5 vil eg nok begynne \u00e5 spele litt meir igjen, og ha litt fleire oppdrag, seier Carlsen til NRK.<\/p>\n<p>I samband med turneringa i USA, var han ogs\u00e5 innom podkasten C-Square. Der svarte han p\u00e5 sp\u00f8rsm\u00e5l om s\u00f8vn og bleieskift etter at sonen kom til verda.<\/p>\n<p><img decoding=\"async\"   src=\"data:image\/gif;base64,R0lGODlhAQABAIAAAAAAAP\/\/\/yH5BAEAAAAALAAAAAABAAEAAAIBRAA7\" loading=\"eager\" alt=\"Magnus Carlsen\" title=\"Foto: Dag Robert Johansen \/ NRK\"\/><\/p>\n<p class=\"\">SMIL P\u00c5 LUR: Carlsen trivst med sitt nye liv som far. <\/p>\n<p>Foto: Dag Robert Johansen \/ NRK<\/p>\n<p>\u2013 Dei f\u00f8rste nettene var veldig ille, som eg trur er normalt. Etter det har det vore bra. Eg legg meg stort sett tidleg og s\u00e5 er det stort sett eit stort skift i l\u00f8pet av natta. Eg har blitt god til \u00e5 berre bestemme meg for \u00e5 sove. Totalt sett vil eg seie det er fint. Eg s\u00f8v mindre enn f\u00f8r, men ikkje veldig mykje mindre, sa Carlsen i podkasten.<\/p>\n<p>Der uttrykte han ogs\u00e5 ei glede over det \u00e5 skifte bleier.<\/p>\n<p>\u2013 Eg er genuint nysgjerrig. Eg skiftar ei bleie og tenker, kva er inni her? Kva har du gjort denne gongen? Det er moro og eg kjenner eg er ganske brukbar til det, sa Carlsen i podkasten.<\/p>\n<p>Vil ikkje avsl\u00f8re VM-deltaking<\/p>\n<p>Den norske sjakkstjerna har tidlegare vore open om at han ser for seg \u00e5 <a href=\"https:\/\/www.nrk.no\/sport\/sjakkstjernen-magnus-carlsen-flytter-trolig-fra-norge_-_-har-mistet-en-del-frihet-i-livet-mitt-1.17072207\" ec-id=\"pp:article:1.17072207\" ec-name=\"flytte ut av Noreg etter kvart\" rel=\"nofollow noopener\" target=\"_blank\">flytte ut av Noreg etter kvart<\/a>. Tidlegare i haust blei det kjent at han og kona hadde kj\u00f8pt ein funkisvilla for 26,2 millionar kroner, som omtalt av blant anna <a href=\"https:\/\/www.dn.no\/eiendom\/eiendom\/magnus-carlsen\/sjakkspiller-magnus-carlsen-og-kona-har-kjopt-funkisvilla-i-barum\/2-1-1879921\" ec-id=\"https:\/\/www.dn.no\/eiendom\/eiendom\/magnus-carlsen\/sjakkspiller-magnus-carlsen-og-kona-har-kjopt-funkisvilla-i-barum\/2-1-1879921\" ec-name=\"Dagens N\u00e6ringsliv\" rel=\"nofollow noopener\" target=\"_blank\">Dagens N\u00e6ringsliv<\/a>.<\/p>\n<p>\u2013 No som du har kj\u00f8pt ny bustad, er det planen \u00e5 bli buande i Noreg i ganske lang tid framover?<\/p>\n<p>\u2013 Vi f\u00e5r sj\u00e5. Eg trivst godt med familie rundt og slikt, og s\u00e5 trivst eg ogs\u00e5 godt i varmare str\u00f8k ein gong iblant. Det er vel sannsynleg at det blir miks, seier Carlsen.<\/p>\n<p>Om det for eksempel blir ein tur til varmare str\u00f8k i romjula, n\u00e5r VM i hurtig- og lynsjakk blir arrangert i den qatarske hovudstaden Doha, er framleis ikkje avklart.<\/p>\n<p>Som NRK skreiv tysdag, <a href=\"https:\/\/www.nrk.no\/sport\/magnus-carlsen-har-tatt-et-valg-om-vm-deltakelse_-_-det-finner-dere-ut-av-etter-hvert-1.17658195\" ec-id=\"pp:article:1.17658195\" ec-name=\"held Carlsen korta tett til brystet\" rel=\"nofollow noopener\" target=\"_blank\">held Carlsen korta tett til brystet<\/a>. Sjakkstjerna seier han har tatt ei avgjerd, men vil ikkje avsl\u00f8re om han skal spele meisterskapen.<\/p>\n<p>Carlsen har hatt det han omtalar som gode og konstruktive samtalar med arrang\u00f8ren i Qatar, men vil ikkje seie noko om kva han har gitt uttrykk for at han \u00f8nsker skal vere p\u00e5 plass for ei deltaking.<\/p>\n<p>NRK var tysdag i kontakt med Det internasjonale sjakkforbundet (Fide), som fram til den endelege p\u00e5meldingslista ligg klar ikkje kan seie noko om Carlsen skal spele.<\/p>\n<p>\u2013 Gitt Magnus Carlsen sin popularitet, gjer alltid Fide alt ein kan for at deltakinga hans er komfortabel og at han ikkje blir un\u00f8dig forstyrra av tilskodarar under turneringar, skriv pressesjef Anna Volkova om kva tiltak dei eventuelt vil gjere for \u00e5 f\u00e5 med Carlsen i meisterskapen.<\/p>\n<p>F\u00f8r meisterskapen i romjula er det uansett andre ting p\u00e5 programmet for Carlsen, som ein tur til S\u00f8r-Afrika i starten av desember for \u00e5 spele finalen i Freestyle Chess Grand Slam Tour.<\/p>\n<p>\u2013 \u00c5ret har jo vore veldig spennande. Det har vore veldig mykje g\u00f8y som har skjedd privat. Sjakkmessig synest eg at eg for det aller meste har prestert godt \u00f2g. Eg skal gjere mitt beste resten av \u00e5ret \u00f2g, seier Carlsen, som no har ei merittliste som er s\u00e5 lang at han ikkje lenger har dei store m\u00e5la att for karrieren.<\/p>\n<p>\u2013 Men eg synest jo det er g\u00f8y \u00e5 spele. S\u00e5 lenge eg kan spele p\u00e5 eit h\u00f8gt niv\u00e5, s\u00e5 er det jo freistande \u00e5 fortsette.<\/p>\n<p>PS! Med eller utan Magnus Carlsen, \u00e5rets VM i hurtig- og lynsjakk kan du sj\u00e5 og f\u00f8lge p\u00e5 NRK. <\/p>\n<p>    <img decoding=\"async\" class=\"playlist-item__img\" src=\"https:\/\/www.europesays.com\/no\/wp-content\/uploads\/2025\/11\/ed1Uw0I6Rsgvzpi75T_4NgRxz3L9dWqeLyRcaICkYYfg.jpeg\"\/><br \/>\n     Micky van de Ven l\u00f8per fra egen sekstenmeter og scorer &#8211; bilder fra TV 2<br \/>\n    00:16<\/p>\n<p>    <img decoding=\"async\" class=\"playlist-item__img\" src=\"https:\/\/www.europesays.com\/no\/wp-content\/uploads\/2025\/11\/wuuA1cMfxmyhDt8gkjI2Ngn0FJubHl0iU3wrFQdeXgog.jpeg\"\/><br \/>\n     Se ville jubelscener i Brann-garderoben<br \/>\n    00:56<\/p>\n<p>    <img decoding=\"async\" class=\"playlist-item__img\" src=\"https:\/\/www.europesays.com\/no\/wp-content\/uploads\/2025\/11\/cpVYp4J7Hv4TNptmIu2NNABJGnV3BYgqBFwb0gULX75w.jpeg\"\/><br \/>\n     H\u00f8ydepunkter Galatasaray &#8211; Bod\u00f8\/Glimt 3-1 &#8211; bilder fra TV 2<br \/>\n    01:35<\/p>\n<p>\n          Vis flere\n        <\/p>\n<p>Publisert<\/p>\n<p>20.11.2025, kl. 05.22<\/p>\n","protected":false},"excerpt":{"rendered":"Som verdseinar i fleirfaldige \u00e5r og verdsmeister nesten tallause gonger, er Magnus Carlsen van til \u00e5 st\u00e5 i&hellip;\n","protected":false},"author":2,"featured_media":91567,"comment_status":"","ping_status":"","sticky":false,"template":"","format":"standard","meta":{"footnotes":""},"categories":[59],"tags":[30,28,29,83,82],"class_list":{"0":"post-91566","1":"post","2":"type-post","3":"status-publish","4":"format-standard","5":"has-post-thumbnail","7":"category-sport","8":"tag-no","9":"tag-norge","10":"tag-norway","11":"tag-sport","12":"tag-sports"},"share_on_mastodon":{"url":"https:\/\/pubeurope.com\/@no\/115580314963503813","error":""},"_links":{"self":[{"href":"https:\/\/www.europesays.com\/no\/wp-json\/wp\/v2\/posts\/91566","targetHints":{"allow":["GET"]}}],"collection":[{"href":"https:\/\/www.europesays.com\/no\/wp-json\/wp\/v2\/posts"}],"about":[{"href":"https:\/\/www.europesays.com\/no\/wp-json\/wp\/v2\/types\/post"}],"author":[{"embeddable":true,"href":"https:\/\/www.europesays.com\/no\/wp-json\/wp\/v2\/users\/2"}],"replies":[{"embeddable":true,"href":"https:\/\/www.europesays.com\/no\/wp-json\/wp\/v2\/comments?post=91566"}],"version-history":[{"count":0,"href":"https:\/\/www.europesays.com\/no\/wp-json\/wp\/v2\/posts\/91566\/revisions"}],"wp:featuredmedia":[{"embeddable":true,"href":"https:\/\/www.europesays.com\/no\/wp-json\/wp\/v2\/media\/91567"}],"wp:attachment":[{"href":"https:\/\/www.europesays.com\/no\/wp-json\/wp\/v2\/media?parent=91566"}],"wp:term":[{"taxonomy":"category","embeddable":true,"href":"https:\/\/www.europesays.com\/no\/wp-json\/wp\/v2\/categories?post=91566"},{"taxonomy":"post_tag","embeddable":true,"href":"https:\/\/www.europesays.com\/no\/wp-json\/wp\/v2\/tags?post=91566"}],"curies":[{"name":"wp","href":"https:\/\/api.w.org\/{rel}","templated":true}]}}