{"id":91568,"date":"2025-11-20T05:14:08","date_gmt":"2025-11-20T05:14:08","guid":{"rendered":"https:\/\/www.europesays.com\/no\/91568\/"},"modified":"2025-11-20T05:14:08","modified_gmt":"2025-11-20T05:14:08","slug":"mange-brukere-sterkt-misfornoyde-med-microsofts-plan-for-windows","status":"publish","type":"post","link":"https:\/\/www.europesays.com\/no\/91568\/","title":{"rendered":"Mange brukere sterkt misforn\u00f8yde med Microsofts plan for Windows"},"content":{"rendered":"<p class=\"kicker \" style=\"\">TEKNOLOGI | Windows<\/p>\n<p>\n        AGENTER: Skal Windows bli fullt av agenter eller er det andre funksjoner som b\u00f8r adresseres f\u00f8rst?<br \/>\n        (Foto: Microsoft)\n    <\/p>\n<p>            For \u00e5 lese denne saken m\u00e5 du v\u00e6re abonnent<br \/>\n            <a class=\"login\" href=\"https:\/\/api.cw.no\/paywall\/login?&amp;siteAlias=computerworld&amp;&amp;siteId=2&amp;contentUrl=https%3A%2F%2Fwww.cw.no%2Fagentisk-operativsystem-brukervennlighet-microsoft%2Fklagestorm-mange-brukere-sterkt-misfornoyde-med-microsofts-plan-for-windows%2F2418946\" rel=\"nofollow noopener\" target=\"_blank\">Logg inn<\/a><\/p>\n<p><b>Om du opplever problemer med \u00e5 f\u00e5 tilgang, ta kontakt med kundeservice<br \/>23 36 19 80 | computerworld@mediaconnect.no<\/b><\/p>\n<p>For gruppeabonnement, ta kontakt med Trygve Christensen<br \/>480 36 791 | trygve.christensen@cw.no<\/p>\n","protected":false},"excerpt":{"rendered":"TEKNOLOGI | Windows AGENTER: Skal Windows bli fullt av agenter eller er det andre funksjoner som b\u00f8r adresseres&hellip;\n","protected":false},"author":2,"featured_media":91569,"comment_status":"","ping_status":"","sticky":false,"template":"","format":"standard","meta":{"footnotes":""},"categories":[57],"tags":[30,28,29,65,63,64,66,70,69,67,68],"class_list":{"0":"post-91568","1":"post","2":"type-post","3":"status-publish","4":"format-standard","5":"has-post-thumbnail","7":"category-vitenskap-og-teknologi","8":"tag-no","9":"tag-norge","10":"tag-norway","11":"tag-science","12":"tag-science-and-technology","13":"tag-scienceandtechnology","14":"tag-technology","15":"tag-teknologi","16":"tag-vitenskap","17":"tag-vitenskap-og-teknologi","18":"tag-vitenskapteknologi"},"share_on_mastodon":{"url":"https:\/\/pubeurope.com\/@no\/115580322752335689","error":""},"_links":{"self":[{"href":"https:\/\/www.europesays.com\/no\/wp-json\/wp\/v2\/posts\/91568","targetHints":{"allow":["GET"]}}],"collection":[{"href":"https:\/\/www.europesays.com\/no\/wp-json\/wp\/v2\/posts"}],"about":[{"href":"https:\/\/www.europesays.com\/no\/wp-json\/wp\/v2\/types\/post"}],"author":[{"embeddable":true,"href":"https:\/\/www.europesays.com\/no\/wp-json\/wp\/v2\/users\/2"}],"replies":[{"embeddable":true,"href":"https:\/\/www.europesays.com\/no\/wp-json\/wp\/v2\/comments?post=91568"}],"version-history":[{"count":0,"href":"https:\/\/www.europesays.com\/no\/wp-json\/wp\/v2\/posts\/91568\/revisions"}],"wp:featuredmedia":[{"embeddable":true,"href":"https:\/\/www.europesays.com\/no\/wp-json\/wp\/v2\/media\/91569"}],"wp:attachment":[{"href":"https:\/\/www.europesays.com\/no\/wp-json\/wp\/v2\/media?parent=91568"}],"wp:term":[{"taxonomy":"category","embeddable":true,"href":"https:\/\/www.europesays.com\/no\/wp-json\/wp\/v2\/categories?post=91568"},{"taxonomy":"post_tag","embeddable":true,"href":"https:\/\/www.europesays.com\/no\/wp-json\/wp\/v2\/tags?post=91568"}],"curies":[{"name":"wp","href":"https:\/\/api.w.org\/{rel}","templated":true}]}}