{"id":91570,"date":"2025-11-20T05:15:07","date_gmt":"2025-11-20T05:15:07","guid":{"rendered":"https:\/\/www.europesays.com\/no\/91570\/"},"modified":"2025-11-20T05:15:07","modified_gmt":"2025-11-20T05:15:07","slug":"plastpose-norgesgruppen-tjener-penger-pa-plastposesalg-alt-gar-ikke-til-miljoarbeid","status":"publish","type":"post","link":"https:\/\/www.europesays.com\/no\/91570\/","title":{"rendered":"Plastpose, Norgesgruppen | Tjener penger p\u00e5 plastposesalg: \u2013 Alt g\u00e5r ikke til milj\u00f8arbeid"},"content":{"rendered":"\n<p><a href=\"https:\/\/www.ba.no\/hva-er-poenget-med-plastfrie-nett-nar-alt-oppi-er-innrullet-i-plast-spor-kim-fairchild\/o\/5-8-3205580\" rel=\"Follow nofollow noopener\" target=\"_blank\">(Bergensavisen)<\/a>: Fem\u2013seks kroner koster en plastpose n\u00e5 hos Norgesgruppen.<\/p>\n<p>Hvis man har v\u00e6rt s\u00e5 dum \u00e5 glemme det forbaska milj\u00f8vennlige stoffnettet sitt hjemme.<\/p>\n<p><b>Les ogs\u00e5: <a href=\"https:\/\/www.nettavisen.no\/nyheter\/na-koster-bareposen-nesten-sju-kroner-dette-sier-de-om-prisene-fremover\/s\/5-95-2473482\" rel=\"Follow nofollow noopener\" target=\"_blank\">N\u00e5 koster b\u00e6reposen nesten sju kroner<\/a><\/b><\/p>\n<p>Alt g\u00e5r ikke til milj\u00f8arbeid<\/p>\n<p>Norgesgruppen vil hjelpe oss forbrukere til \u00e5 bli milj\u00f8vennlige, og skryter av p\u00e5 sin egen nettside at de har solgt 78 millioner f\u00e6rre plastb\u00e6reposer.<\/p>\n<p>La oss glemme alt dette milj\u00f8pratet en stund og bare, bruke sunn fornuft.<\/p>\n<p>Jeg ser ned i mitt milj\u00f8vennlige b\u00e6renett.<\/p>\n<p>Alle varene oppi er innpakket i plast.<\/p>\n<p>Med unntak av eggekartongen.<\/p>\n<p>Tomater.<\/p>\n<p>Salat.<\/p>\n<p>Agurk.<\/p>\n<p>Knekkebr\u00f8d.<\/p>\n<p><b>Brokkolien er s\u00e5 hardt rullet inn i plast at jeg m\u00e5 bruke kniv for \u00e5 stikke hull p\u00e5 den.<\/b><\/p>\n<p>Jeg har i ren irritasjon kj\u00f8pt andre gr\u00f8nnsaker enn dem jeg helst liker fordi det var innpakket i plast.<\/p>\n<p>Vannflasker, brusflasker og saftflasker \u2013 plast alt sammen.<\/p>\n<p>Hva er poenget med mitt plastfrie nett n\u00e5r nesten alt oppi er innrullet i plast?<\/p>\n<p><b>Se deg om neste gang du er i butikken.<\/b><\/p>\n<p>Det kan godt v\u00e6re at Norgesgruppen vil hjelpe oss forbrukere \u00e5 bruke mindre plast, men selv har de p\u00e5 ingen m\u00e5te til hensikt \u00e5 redusere plastbruken p\u00e5 varene sine.<\/p>\n<p>Selvf\u00f8lgelig tjener dagligvarebransjen p\u00e5 plastposesalg. Alt g\u00e5r ikke til milj\u00f8arbeid.<\/p>\n<p>Og det er mer plast enn noen gang i butikkene.<\/p>\n<p><b>Les ogs\u00e5: <a href=\"https:\/\/www.nettavisen.no\/norsk-debatt\/tving-forsikringsselskapene-til-a-kjempe-om-deg\/o\/5-95-2688208\" rel=\"Follow nofollow noopener\" target=\"_blank\">Bytt beite og spar flere tusen<\/a><\/b><\/p>\n<p>V\u00e5r verste fiende<\/p>\n<p>Husker dere osten Edamer?<\/p>\n<p>Hjemme hos oss het det bare \u00abjuleost\u00bb og vi gledet oss til den kom i butikken i desember.<\/p>\n<p>N\u00e5 kommer den allerede i oktober.<\/p>\n<p>Og i motsetning til f\u00f8r, er den n\u00e5 innpakket i plast og ikke voks.<\/p>\n<p><b>Nei, alt var ikke bedre f\u00f8r, men jeg blir litt sentimental av det.<\/b><\/p>\n<p>For gjenspeiler det ikke oss og samfunnet for \u00f8vrig?<\/p>\n<p>Det ekte blir pakket bort og erstattet av plast.<\/p>\n<p>Det nytter ikke \u00e5 skylde p\u00e5 den yngre generasjonen.<\/p>\n<p>For Tupperware Nordic kom i 1962.<\/p>\n<p>Alt kj\u00f8kkenredskap kom i plast. Husm\u00f8dre jublet i ekstase i alle reklamer over boller, kar og fat i plast med lokk og plutselig var plast v\u00e5r beste venn i alt fra leker, til sko, kl\u00e6r og interi\u00f8r.<\/p>\n<p>Selv om jeg egentlig aldri har forst\u00e5tt det geniale med en stekespade av plast.<\/p>\n<p><b>N\u00e5 er plasten plutselig blitt v\u00e5r verste fiende.<\/b><\/p>\n<p>Nei, ingen grunn til milj\u00f8skam.<\/p>\n<p>Norge er en oljenasjon.<\/p>\n<p>Plast lages av olje.<\/p>\n<p>Emballasje-avtaler<\/p>\n<p>Selvsagt har alle butikker emballasje-avtaler.<\/p>\n<p><b>For man skal v\u00e6re en ganske bevisst forbruker for \u00e5 velge plastfritt i Norge i dag \u2013 om det i det hele tatt er mulig.<\/b><\/p>\n<p>Med god tid og dype lommer.<\/p>\n<p>De sm\u00e5 n\u00e6rbutikkene og g\u00e5rdsbutikkene med det enkle og milj\u00f8vennlige er blitt in.<\/p>\n<p>Det er bra.<\/p>\n<p>Det enkle er ofte det beste \u2013 skj\u00f8nt n\u00e5 er det ogs\u00e5 blitt det dyreste.<\/p>\n<p>Forst\u00e5 det den som kan.<\/p>\n<p>I bergensk h\u00f8stv\u00e6r blir mitt handlenett v\u00e5tt.<\/p>\n<p>Da er det godt at jeg har paraply \u2013 som selvsagt er laget av plast.<\/p>\n","protected":false},"excerpt":{"rendered":"(Bergensavisen): Fem\u2013seks kroner koster en plastpose n\u00e5 hos Norgesgruppen. Hvis man har v\u00e6rt s\u00e5 dum \u00e5 glemme det&hellip;\n","protected":false},"author":2,"featured_media":91571,"comment_status":"","ping_status":"","sticky":false,"template":"","format":"standard","meta":{"footnotes":""},"categories":[56],"tags":[60,61,62,30,28,29],"class_list":{"0":"post-91570","1":"post","2":"type-post","3":"status-publish","4":"format-standard","5":"has-post-thumbnail","7":"category-naeringsliv","8":"tag-business","9":"tag-economy","10":"tag-naeringsliv","11":"tag-no","12":"tag-norge","13":"tag-norway"},"share_on_mastodon":{"url":"https:\/\/pubeurope.com\/@no\/115580326770929088","error":""},"_links":{"self":[{"href":"https:\/\/www.europesays.com\/no\/wp-json\/wp\/v2\/posts\/91570","targetHints":{"allow":["GET"]}}],"collection":[{"href":"https:\/\/www.europesays.com\/no\/wp-json\/wp\/v2\/posts"}],"about":[{"href":"https:\/\/www.europesays.com\/no\/wp-json\/wp\/v2\/types\/post"}],"author":[{"embeddable":true,"href":"https:\/\/www.europesays.com\/no\/wp-json\/wp\/v2\/users\/2"}],"replies":[{"embeddable":true,"href":"https:\/\/www.europesays.com\/no\/wp-json\/wp\/v2\/comments?post=91570"}],"version-history":[{"count":0,"href":"https:\/\/www.europesays.com\/no\/wp-json\/wp\/v2\/posts\/91570\/revisions"}],"wp:featuredmedia":[{"embeddable":true,"href":"https:\/\/www.europesays.com\/no\/wp-json\/wp\/v2\/media\/91571"}],"wp:attachment":[{"href":"https:\/\/www.europesays.com\/no\/wp-json\/wp\/v2\/media?parent=91570"}],"wp:term":[{"taxonomy":"category","embeddable":true,"href":"https:\/\/www.europesays.com\/no\/wp-json\/wp\/v2\/categories?post=91570"},{"taxonomy":"post_tag","embeddable":true,"href":"https:\/\/www.europesays.com\/no\/wp-json\/wp\/v2\/tags?post=91570"}],"curies":[{"name":"wp","href":"https:\/\/api.w.org\/{rel}","templated":true}]}}