{"id":91592,"date":"2025-11-20T06:03:09","date_gmt":"2025-11-20T06:03:09","guid":{"rendered":"https:\/\/www.europesays.com\/no\/91592\/"},"modified":"2025-11-20T06:03:09","modified_gmt":"2025-11-20T06:03:09","slug":"tete-lidbom-avslorer-bryllupsplaner-og-tv-prosjekter","status":"publish","type":"post","link":"https:\/\/www.europesays.com\/no\/91592\/","title":{"rendered":"Tete Lidbom avsl\u00f8rer bryllupsplaner og TV-prosjekter"},"content":{"rendered":"<p class=\"kicker \" style=\"\">Tete Lidbom:\u00a0<\/p>\n<p>  Den popul\u00e6re programlederen avsl\u00f8rer: &#8211; Brukte ti \u00e5r.\u00a0<\/p>\n<p>\n    GLADGUTT: \u00abMaskorama\u00bb-detektiven letter p\u00e5 sl\u00f8ret om sitt kommende bryllup. Foto: Andreas Fadum \/ Se og H\u00f8r\n  <\/p>\n<p>Programleder og TV-profil Tete Lidbom (39) har nok \u00e5 henge fingrene i om dagen. <a href=\"https:\/\/www.seher.no\/kjendis\/han-er-den-eneste-vi-har\/83762620\" rel=\"nofollow noopener\" target=\"_blank\">Han er aktuell med \u00abEkspedisjoen\u00bb<\/a> p\u00e5 NRK hvor han sammen med seks andre profiler skal bestige Nord-Amerikas h\u00f8yeste fjell, Denali.\u00a0<\/p>\n<p>    <a itemprop=\"url\" href=\"https:\/\/www.seher.no\/kjendis\/negative-ting-dukker-opp\/83872584\" rel=\"nofollow noopener\" target=\"_blank\"><\/p>\n<p>      <img loading=\"lazy\" decoding=\"async\" src=\"https:\/\/www.europesays.com\/no\/wp-content\/uploads\/2025\/11\/1763618588_451_83872732.webp\" width=\"980\" height=\"441\" title=\"- Negative ting dukker opp\" alt=\"\" class=\"lazyload\" style=\"--aspect-ratio-image: 2.22; \"\/><\/p>\n<p>        &#8211; Negative ting dukker opp<\/p>\n<p>    <\/a><\/p>\n<p> Han er ogs\u00e5 fast innslag hver l\u00f8rdag i dommerpanelet p\u00e5 \u00abMaskorama\u00bb, sammen med Robert Stoltenberg (60) og Tone Damli (37). <\/p>\n<p>Men det er ikke bare p\u00e5 jobb at NRK-profilen har mye \u00e5 gj\u00f8re.<\/p>\n<p> Tidligere i \u00e5r gikk han ned p\u00e5 kne, og paret ble forlovet etter ti \u00e5r som kj\u00e6rester. <\/p>\n<p> Da Se og H\u00f8r m\u00f8tte Tete i forbindelse med \u00abEkspedisjonen\u00bb, innr\u00f8mmet han at han og forloveden ligger litt bak skjema rent planleggingsmessig:\u00a0<\/p>\n<p>          <img loading=\"lazy\" decoding=\"async\" src=\"https:\/\/www.europesays.com\/no\/wp-content\/uploads\/2025\/11\/83873869.webp\" width=\"686\" height=\"467\" title=\"DOMMERPANELET: Tete Lidbom, Marion Ravn og Robert Stoltenberg gjetter seg gjennom sesong 6av \u00abMaskorama\u00bb. Silje Nordnes i front er programleder. Foto: Fredrik Arff \/ Monster \/ NRK\" alt=\"\" class=\"\" style=\"--aspect-ratio-image: 1.47; \"\/><\/p>\n<p>\n          DOMMERPANELET: Tete Lidbom, Marion Ravn og Robert Stoltenberg gjetter seg gjennom sesong 6av \u00abMaskorama\u00bb. Silje Nordnes i front er programleder. Foto: Fredrik Arff \/ Monster \/ NRK\n      <\/p>\n<p>&#8211; Vi er jo ikke i gang med noe bryllupsplanlegging enda, vi har s\u00e5 mange andre ting vi holder p\u00e5 med. Begge jobber masse, ogs\u00e5 er vi litt \u00ablaidback\u00bb p\u00e5 det. S\u00e5 det blir nok ikke bryllup med det f\u00f8rste.\u00a0<\/p>\n<p>    <a itemprop=\"url\" href=\"https:\/\/www.seher.no\/kjendis\/vaert-en-utrolig-toff-periode\/83870493\" rel=\"nofollow noopener\" target=\"_blank\"><\/p>\n<p>      <img loading=\"lazy\" decoding=\"async\" src=\"https:\/\/www.europesays.com\/no\/wp-content\/uploads\/2025\/11\/83873357.webp\" width=\"980\" height=\"441\" title=\"- En utrolig t\u00f8ff periode\" alt=\"\" class=\"lazyload\" style=\"--aspect-ratio-image: 2.22; \"\/><\/p>\n<p>        &#8211; En utrolig t\u00f8ff periode<\/p>\n<p>    <\/a><\/p>\n<p class=\"font-weight-bold m-font-weight-bold\" data-lab-font_weight=\"font-weight-bold\">Han kan likevel forsikre om en ting:\u00a0<\/p>\n<p>&#8211; Jeg brukte ti \u00e5r p\u00e5 \u00e5 fri, og jeg lover at jeg ikke skal bruke ti \u00e5r p\u00e5 \u00e5 gifte meg, ler han.\u00a0<\/p>\n<p>          <img loading=\"lazy\" decoding=\"async\" src=\"https:\/\/www.europesays.com\/no\/wp-content\/uploads\/2025\/11\/83873830.webp\" width=\"686\" height=\"652\" title=\"FORLOVET: Kompani Lauritzen finale-fest i 2023. Tete Lidbom og kj\u00e6resten Kaia Walstad Gr\u00f8nland gir hverandre et lite nuss. N\u00e5 er de forlovet. Foto: Andreas Fadum \/ Se og H\u00f8r\" alt=\"\" class=\"\" style=\"--aspect-ratio-image: 1.05; \"\/><\/p>\n<p>\n          FORLOVET: Kompani Lauritzen finale-fest i 2023. Tete Lidbom og kj\u00e6resten Kaia Walstad Gr\u00f8nland gir hverandre et lite nuss. N\u00e5 er de forlovet. Foto: Andreas Fadum \/ Se og H\u00f8r\n      <\/p>\n<p>P\u00e5 sp\u00f8rsm\u00e5l om hva som ville v\u00e6rt dr\u00f8mmebryllupet hans, sier han at han ikke har mange krav.<\/p>\n<p>&#8211; Mitt dr\u00f8mmebryllup er at vi f\u00e5r samlet de folka vi er mest glad i til \u00e5 ha en sinnsyk fet fest. Hvor, n\u00e5r og alt s\u00e5nn er ikke viktig. Jeg skal bare ha god musikk, god drikke og fete folk, avslutter han.\u00a0<\/p>\n","protected":false},"excerpt":{"rendered":"Tete Lidbom:\u00a0 Den popul\u00e6re programlederen avsl\u00f8rer: &#8211; Brukte ti \u00e5r.\u00a0 GLADGUTT: \u00abMaskorama\u00bb-detektiven letter p\u00e5 sl\u00f8ret om sitt kommende&hellip;\n","protected":false},"author":2,"featured_media":91593,"comment_status":"","ping_status":"","sticky":false,"template":"","format":"standard","meta":{"footnotes":""},"categories":[58],"tags":[11976,71,479,2693,30,28,29,9171,72],"class_list":{"0":"post-91592","1":"post","2":"type-post","3":"status-publish","4":"format-standard","5":"has-post-thumbnail","7":"category-underholdning","8":"tag-ekspedisjonen","9":"tag-entertainment","10":"tag-kjendis","11":"tag-maskorama","12":"tag-no","13":"tag-norge","14":"tag-norway","15":"tag-tete-lidbom","16":"tag-underholdning"},"share_on_mastodon":{"url":"https:\/\/pubeurope.com\/@no\/115580515608238733","error":""},"_links":{"self":[{"href":"https:\/\/www.europesays.com\/no\/wp-json\/wp\/v2\/posts\/91592","targetHints":{"allow":["GET"]}}],"collection":[{"href":"https:\/\/www.europesays.com\/no\/wp-json\/wp\/v2\/posts"}],"about":[{"href":"https:\/\/www.europesays.com\/no\/wp-json\/wp\/v2\/types\/post"}],"author":[{"embeddable":true,"href":"https:\/\/www.europesays.com\/no\/wp-json\/wp\/v2\/users\/2"}],"replies":[{"embeddable":true,"href":"https:\/\/www.europesays.com\/no\/wp-json\/wp\/v2\/comments?post=91592"}],"version-history":[{"count":0,"href":"https:\/\/www.europesays.com\/no\/wp-json\/wp\/v2\/posts\/91592\/revisions"}],"wp:featuredmedia":[{"embeddable":true,"href":"https:\/\/www.europesays.com\/no\/wp-json\/wp\/v2\/media\/91593"}],"wp:attachment":[{"href":"https:\/\/www.europesays.com\/no\/wp-json\/wp\/v2\/media?parent=91592"}],"wp:term":[{"taxonomy":"category","embeddable":true,"href":"https:\/\/www.europesays.com\/no\/wp-json\/wp\/v2\/categories?post=91592"},{"taxonomy":"post_tag","embeddable":true,"href":"https:\/\/www.europesays.com\/no\/wp-json\/wp\/v2\/tags?post=91592"}],"curies":[{"name":"wp","href":"https:\/\/api.w.org\/{rel}","templated":true}]}}