{"id":91594,"date":"2025-11-20T06:05:21","date_gmt":"2025-11-20T06:05:21","guid":{"rendered":"https:\/\/www.europesays.com\/no\/91594\/"},"modified":"2025-11-20T06:05:21","modified_gmt":"2025-11-20T06:05:21","slug":"modum-naeringsliv-lokal-handel-tenker-svart-alt-fra-en-dag-til-to-hele-uker-bygdeposten","status":"publish","type":"post","link":"https:\/\/www.europesays.com\/no\/91594\/","title":{"rendered":"Modum, N\u00e6ringsliv | Lokal handel tenker \u00absvart\u00bb \u2013 alt fra \u00e9n dag til to hele uker &#8211; Bygdeposten"},"content":{"rendered":"<ol>\n<li><a href=\"https:\/\/news.google.com\/rss\/articles\/CBMingFBVV95cUxNdUsxVW05UlRVM3VBZ1FXRVRHWHgyT2tTeUt0QTV3aVpkWTk0ZnFIaS0ydkZFRVFJOWsyVndNU2RwV2Y2S1RxNlJicURnWFYyY0dYTFp3T1Azd1JSYzM1dTgwTjNuZlVGSzdlQTZwek5HUDh2RXktNHpmaE9nc2hmazFybS16ZElreGx3SjQ2VXp6MXFOcE1TVk50UnJGZw?oc=5\" target=\"_blank\" rel=\"nofollow noopener\">Modum, N\u00e6ringsliv | Lokal handel tenker \u00absvart\u00bb \u2013 alt fra \u00e9n dag til to hele uker<\/a>&nbsp;&nbsp;Bygdeposten<\/li>\n<li><a href=\"https:\/\/news.google.com\/rss\/articles\/CBMiiwFBVV95cUxOMVMzNUhZR09YTkNyUUdWSFREaWM5b0NZdjJDUzBLbUI1eHktNEZ0QXBqckRtT1lkeUVWSTgtVHdLaEF5SVgyd3h2QlJDU09IOUlDRnZrN1JlanVkSmxuNXZKVWEyY0lSeDczbzVjdEFfRm1DV2RORHQ3aURGeEZ5QjM4ZUo4alpWcEpZ?oc=5\" target=\"_blank\" rel=\"nofollow noopener\">Kj\u00f8pefest, klimaskam og for mye juks og lureri \u2013 Ytring<\/a>&nbsp;&nbsp;NRK<\/li>\n<li><a href=\"https:\/\/news.google.com\/rss\/articles\/CBMidkFVX3lxTE90cThBV3JJOG1NaGJsQ3c4MWkwS3ctdEF4UVF3bWJXbTg4b3oyX0hzMy1HM0ZrbTVfODBOMEFtcHRhS0FDRjhLRk5sQ3dNdkVOS3hkb0hfR0t4cjMzZXVvZWMzemdra2pCcHZ6dTBGWVRRd0xUQnc?oc=5\" target=\"_blank\" rel=\"nofollow noopener\">\u00c5rets beste november-tilbud<\/a>&nbsp;&nbsp;E24<\/li>\n<li><a href=\"https:\/\/news.google.com\/rss\/articles\/CBMilwFBVV95cUxPRHd6Mk1lN080SFlHTEZMdTA0OWJ5QWFxWWpEVVBfd1N1QVdlSzk4Skw3ODRQbkx3Tk9KWGNsLVY5TXREODVqXzQ3b2RrZVdfbFRjTUNxR0hqNVQ0R1VDSEkxVGYtWGdFVEt0QWlYQXpwd29SSW9Kb0gtUldRUlpfdkc2UjllNW1rMlIyRlZNTDJaSTdXd084?oc=5\" target=\"_blank\" rel=\"nofollow noopener\">Kitch\u2019n lokker med tilbud \u2013 var billigere i september<\/a>&nbsp;&nbsp;Tek.no<\/li>\n<li><a href=\"https:\/\/news.google.com\/rss\/articles\/CBMilAFBVV95cUxOcXpHcW9uUVJFQUxJVE85WGRPejdwWWFkbXBuOURSMENvOTRVbDdoSUJpWnJOOEVlcF9IeVJtZVpCeFdzX25aM1pTeTFHM1lndEpCdDBUWFBvcW5MNm5sVjBPUnJMOWxiZ0wwMEhtLVB2VUhJVXk2amtPb0p1VXdlLWVDMnhNZTZSVE8tQjhYX1lkcks3?oc=5\" target=\"_blank\" rel=\"nofollow noopener\">N\u00e6ringsliv, Black Friday | Kj\u00f8rer p\u00e5 med black weeks: \u2013 Det var jo bare kaos med en dag<\/a>&nbsp;&nbsp;Telemarksavisa<\/li>\n<\/ol>\n","protected":false},"excerpt":{"rendered":"Modum, N\u00e6ringsliv | Lokal handel tenker \u00absvart\u00bb \u2013 alt fra \u00e9n dag til to hele uker&nbsp;&nbsp;Bygdeposten Kj\u00f8pefest, klimaskam&hellip;\n","protected":false},"author":2,"featured_media":91595,"comment_status":"","ping_status":"","sticky":false,"template":"","format":"standard","meta":{"footnotes":""},"categories":[56],"tags":[60,61,62,30,28,29],"class_list":{"0":"post-91594","1":"post","2":"type-post","3":"status-publish","4":"format-standard","5":"has-post-thumbnail","7":"category-naeringsliv","8":"tag-business","9":"tag-economy","10":"tag-naeringsliv","11":"tag-no","12":"tag-norge","13":"tag-norway"},"share_on_mastodon":{"url":"https:\/\/pubeurope.com\/@no\/115580523224495946","error":""},"_links":{"self":[{"href":"https:\/\/www.europesays.com\/no\/wp-json\/wp\/v2\/posts\/91594","targetHints":{"allow":["GET"]}}],"collection":[{"href":"https:\/\/www.europesays.com\/no\/wp-json\/wp\/v2\/posts"}],"about":[{"href":"https:\/\/www.europesays.com\/no\/wp-json\/wp\/v2\/types\/post"}],"author":[{"embeddable":true,"href":"https:\/\/www.europesays.com\/no\/wp-json\/wp\/v2\/users\/2"}],"replies":[{"embeddable":true,"href":"https:\/\/www.europesays.com\/no\/wp-json\/wp\/v2\/comments?post=91594"}],"version-history":[{"count":0,"href":"https:\/\/www.europesays.com\/no\/wp-json\/wp\/v2\/posts\/91594\/revisions"}],"wp:featuredmedia":[{"embeddable":true,"href":"https:\/\/www.europesays.com\/no\/wp-json\/wp\/v2\/media\/91595"}],"wp:attachment":[{"href":"https:\/\/www.europesays.com\/no\/wp-json\/wp\/v2\/media?parent=91594"}],"wp:term":[{"taxonomy":"category","embeddable":true,"href":"https:\/\/www.europesays.com\/no\/wp-json\/wp\/v2\/categories?post=91594"},{"taxonomy":"post_tag","embeddable":true,"href":"https:\/\/www.europesays.com\/no\/wp-json\/wp\/v2\/tags?post=91594"}],"curies":[{"name":"wp","href":"https:\/\/api.w.org\/{rel}","templated":true}]}}