{"id":91614,"date":"2025-11-20T07:05:15","date_gmt":"2025-11-20T07:05:15","guid":{"rendered":"https:\/\/www.europesays.com\/no\/91614\/"},"modified":"2025-11-20T07:05:15","modified_gmt":"2025-11-20T07:05:15","slug":"abid-raja-vil-begrave-stridsoksen-med-lo","status":"publish","type":"post","link":"https:\/\/www.europesays.com\/no\/91614\/","title":{"rendered":"Abid Raja vil begrave strids\u00f8ksen med LO"},"content":{"rendered":"\n<ul class=\"_list_o9xde_3 _list_64s2r_85 _unordered_o9xde_106 text-sans-m\">\n<li class=\"_item_o9xde_30\">Abid Raja fra Venstre vil \u00abbegrave strids\u00f8ksen\u00bb med LO og justerer partiets politikk.<\/li>\n<li class=\"_item_o9xde_30\">Venstre gir seg p\u00e5 krav om \u00e5 kutte fagforeningsfradraget, karensperiode i AAP og feriepenger for dagpengemottakere.<\/li>\n<li class=\"_item_o9xde_30\">LO-leder Kine Asper Vistnes er overrasket, men understreker at handling teller mest for LO.<\/li>\n<\/ul>\n<p>Vis mer <\/p>\n<p class=\"_paragraph_o9xde_4 _paragraph_xtcu6_10 layout-component text-serif-m layout-normal text-serif-m layout-padded\">\u2013 Vi har tidvis fremst\u00e5tt som om vi er motstandere av fagforeningene, selv om vi ikke er det. Jeg tror det er viktig at vi ser oss i speilet og sier \u2013 vet du hva, n\u00e5 er det p\u00e5 tide \u00e5 begrave den \u00f8ksen, sier <a href=\"https:\/\/www.vg.no\/tag\/abid-raja?utm_source=vg-article&amp;utm_medium=auto-tagger&amp;utm_campaign=16PBMJ\" class=\"_link_o9xde_39\" rel=\"nofollow noopener\" target=\"_blank\">Abid Raja<\/a>. <\/p>\n<p class=\"_paragraph_o9xde_4 _paragraph_xtcu6_10 layout-component text-serif-m layout-normal text-serif-m layout-padded\">VG m\u00f8ter Venstre-nestlederen p\u00e5 Youngstorget i Oslo, der flere av norsk arbeiderbevegelses viktigste institusjoner holder til. <\/p>\n<p class=\"_paragraph_o9xde_4 _paragraph_xtcu6_10 layout-component text-serif-m layout-normal text-serif-m layout-padded\">Raja har tatt med seg en spade, for \u00e5 symbolisere gravleggingen av den nevnte strids\u00f8ksen. <\/p>\n<p><img alt=\"GRAVLEGGEREN: Rajas trofaste spade har tidligere blitt brukt til \u00e5 begrave hamsteren Darwin under epletreet i hagen, og til graving av rosebed.   Foto: Helge Mikalsen \/ VG\" class=\"_image_qp4xg_65 layout-component layout-normal\" data-fullscreen- data-track-element-type=\"Article image fullscreen\" data-track-name=\"ImageFullscreen\" decoding=\"async\" loading=\"lazy\" height=\"5283\" itemprop=\"image\"  src=\"https:\/\/www.europesays.com\/no\/wp-content\/uploads\/2025\/11\/9f61b732-9e37-4c0c-a52f-999d64dedb67\"  style=\"object-position:0% 0%\" width=\"6872\"\/>GRAVLEGGEREN: Rajas trofaste spade har tidligere blitt brukt til \u00e5 begrave hamsteren Darwin under epletreet i hagen, og til graving av rosebed.   Foto: Helge Mikalsen \/ VG<\/p>\n<p class=\"_paragraph_o9xde_4 _paragraph_xtcu6_10 layout-component text-serif-m layout-normal text-serif-m layout-padded\">Han har ogs\u00e5 tatt med seg et utdrag fra Venstres alternative budsjett, som skal legges frem torsdag. Der gir Venstre seg n\u00e5 i tre kampsaker mot fagbevegelsen: <\/p>\n<ul class=\"_list_o9xde_3 _list_xtcu6_9 _unordered_o9xde_106 layout-component text-serif-m layout-normal text-serif-m layout-padded\">\n<li class=\"_item_o9xde_30\">Venstre vil ikke lenger redusere fagforeningsfradragetfagforeningsfradragetFagforeningsfradraget er et skattefradrag som medlemmer av fagforeninger kan f\u00e5 for kontingenten de betaler til fagforeningen., slik de har g\u00e5tt inn for i alle sine alternative statsbudsjetter s\u00e5 lenge Raja og de andre han har spurt i Venstre kan huske. <\/li>\n<li class=\"_item_o9xde_30\">De vil ikke gjennomf\u00f8re den s\u00e5kalte karensperioden karensperioden I 2018 ble det innf\u00f8rt et s\u00e5kalt &laquo;karens\u00e5r&raquo; for AAP, der du m\u00e5tte vente i et \u00e5r f\u00f8r du kunne s\u00f8ke om st\u00f8tten p\u00e5 nytt hvis du hadde n\u00e5dd maksperioden p\u00e5 3 \u00e5r  uten \u00e5 ha blitt ferdig avklart til arbeid eller uf\u00f8retrygd. i AAPAAPArbeidsavklaringspenger (AAP) er en ytelse man f\u00e5r mens Nav avklarer om man kan st\u00e5 i arbeid, eller har rett p\u00e5 uf\u00f8retrygd. .<\/li>\n<li class=\"_item_o9xde_30\">De vil heller ikke kutte i feriepenger for de som g\u00e5r p\u00e5 dagpengerdagpengerDagpenger er en midlertidig inntekt for personer som har mistet jobben, mens de s\u00f8ker ny jobb.<\/li>\n<\/ul>\n<p class=\"_paragraph_o9xde_4 _paragraph_xtcu6_10 layout-component text-serif-m layout-normal text-serif-m layout-padded\">\u2013 Noen ganger er det behov for \u00e5 justere, og i den nye virkeligheten vi st\u00e5r i n\u00e5 med krigen i Ukraina, i Midt\u00f8sten og EU-toll, m\u00e5 Venstre spille p\u00e5 lag med de gode kreftene som er anti-polariserende. Der spiller fagforeningene en viktig rolle, sier Raja. <\/p>\n<p>Historisk konflikt<\/p>\n<p class=\"_paragraph_o9xde_4 _paragraph_xtcu6_10 layout-component text-serif-m layout-normal text-serif-m layout-padded\">Det er ingen overdrivelse \u00e5 si at det lenge har v\u00e6rt harde fronter mellom Venstre og fagforeningene \u2013 i alle fall LO. Tidligere Venstre-leder Trine Skei Grande<a href=\"https:\/\/www.vg.no\/nyheter\/i\/JkWx4\/skei-grande-beklager-ordet-kvalme\" data-track-element-type=\"Link\" data-track-id=\"link:JkWx4\" class=\"_link_o9xde_39\" rel=\"nofollow noopener\" target=\"_blank\"> m\u00e5tte beklage<\/a> etter \u00e5 ha sagt at hun ble \u00abkvalm\u00bb av \u00e5 h\u00f8re p\u00e5 LO. <\/p>\n<p class=\"_paragraph_o9xde_4 _paragraph_xtcu6_10 layout-component text-serif-m layout-normal text-serif-m layout-padded\">Dav\u00e6rende LO-nestleder Gerd Kristiansen <a href=\"https:\/\/www.ta.no\/naringsliv\/derfor-er-venstre-og-lo-fiender\/s\/1-111-6382570\" class=\"_link_o9xde_39\" rel=\"nofollow noopener\" target=\"_blank\">omtalte <\/a>p\u00e5 den tiden Venstre som \u00abdet mest fagforeningsfiendtlige partiet p\u00e5 Stortinget\u00bb.<\/p>\n<p><img alt=\"MYE \u00c5 TA AV: Det er mye strid mellom LO og Venstre \u00e5 begrave med Rajas spade.   Foto: Helge Mikalsen \/ VG\" class=\"_image_qp4xg_65 layout-component layout-normal\" data-fullscreen- data-track-element-type=\"Article image fullscreen\" data-track-name=\"ImageFullscreen\" decoding=\"async\" loading=\"lazy\" height=\"5177\" itemprop=\"image\"  src=\"https:\/\/www.europesays.com\/no\/wp-content\/uploads\/2025\/11\/45efbfc4-e7f0-4ad1-b2f9-e5db400543f4\"  style=\"object-position:0% 0%\" width=\"6819\"\/>MYE \u00c5 TA AV: Det er mye strid mellom LO og Venstre \u00e5 begrave med Rajas spade.   Foto: Helge Mikalsen \/ VG<\/p>\n<p class=\"_paragraph_o9xde_4 _paragraph_xtcu6_10 layout-component text-serif-m layout-normal text-serif-m layout-padded\">Men Raja sier han ikke har noe imot LO. Tvert om: <\/p>\n<p class=\"_paragraph_o9xde_4 _paragraph_xtcu6_10 layout-component text-serif-m layout-normal text-serif-m layout-padded\">\u2013 Jeg har vokst opp med LO n\u00e6rmest i blodet fra jeg var liten. Faren min jobbet p\u00e5 spikerfabrikk, og er stolt livstidsmedlem av Jern og Metall. Jeg har skrudd mutre p\u00e5 skruer, laget hull i jernplater og har smurt maskinfett fra t\u00f8nner med bare hender uten hansker om somrene. Jeg hater overhodet ikke LO, og jeg har g\u00e5tt i en rekke 1. mai tog. Jeg g\u00e5r gledelig i flere hvis jeg blir invitert, sier han og tar en pause f\u00f8r han legger til: <\/p>\n<p class=\"_paragraph_o9xde_4 _paragraph_xtcu6_10 layout-component text-serif-m layout-normal text-serif-m layout-padded\"><strong class=\"_strong_o9xde_25\">\u2013 Jeg vil g\u00e5 s\u00e5 langt som \u00e5 si at jeg elsker LO.<\/strong><\/p>\n<p class=\"_paragraph_o9xde_4 _paragraph_xtcu6_10 layout-component text-serif-m layout-normal text-serif-m layout-padded\">Likevel er det en lang rekke ting han er uenig med dem i, utover de tre punktene Venstre n\u00e5 justerer kurs p\u00e5 i sitt budsjett. <\/p>\n<p class=\"_paragraph_o9xde_4 _paragraph_xtcu6_10 layout-component text-serif-m layout-normal text-serif-m layout-padded\">\u2013 Kutt i sykel\u00f8nn, konkurranseutsetting av velferdstjenester, profitt i velferden, frislipp i drosjen\u00e6ringen, forbud mot innleie \u2013 det er bare noen av sakene. Vil dere justere kursen p\u00e5 andre omr\u00e5der ogs\u00e5?<\/p>\n<p class=\"_paragraph_o9xde_4 _paragraph_xtcu6_10 layout-component text-serif-m layout-normal text-serif-m layout-padded\">\u2013 Vi justerer kursen p\u00e5 disse tre tingene n\u00e5, og s\u00e5 kan det hende at vi trenger \u00e5 justere kurs p\u00e5 noen andre ting ogs\u00e5. Men det kan ogs\u00e5 hende at fagbevegelsen b\u00f8r endre kurs p\u00e5 noen omr\u00e5der, sier Raja.<\/p>\n<p>Inviterer til kamp mot Ap-kutt<\/p>\n<p class=\"_paragraph_o9xde_4 _paragraph_xtcu6_10 layout-component text-serif-m layout-normal text-serif-m layout-padded\">Et eksempel p\u00e5 det er bruk av midlertidige ansettelser, mener Raja. Selv sier han at det var vanskelig \u00e5 komme seg inn i arbeidslivet da han begynte \u00e5 s\u00f8ke jobber som ung, med pakistansk bakgrunn. <\/p>\n<p class=\"_paragraph_o9xde_4 _paragraph_xtcu6_10 layout-component text-serif-m layout-normal text-serif-m layout-padded\">\u2013 Midlertidige ansettelser gjennom bemanningsbyr\u00e5 ga meg mye p\u00e5 CV-en som gjorde at jeg fikk hele, faste stillinger senere. For de med hull i CV-en, de som aldri har v\u00e6rt i jobb og de med innvandrerbakgrunn \u2013 s\u00e6rlig kvinner \u2013 kan det v\u00e6re en vei inn. <\/p>\n<p class=\"_paragraph_o9xde_4 _paragraph_xtcu6_10 layout-component text-serif-m layout-normal text-serif-m layout-padded\">Men han mener Venstre og LO kan finne sammen i flere andre saker, og trekker frem flere kutt Ap har gjort i statsbudsjettet, som har blitt <a href=\"https:\/\/www.vg.no\/nyheter\/i\/JbVe5R\/budsjett-2026-regjeringen-kutter-i-flere-barnefamilieordninger\" data-track-element-type=\"Link\" data-track-id=\"link:JbVe5R\" class=\"_link_o9xde_39\" rel=\"nofollow noopener\" target=\"_blank\">sterkt kritisert av s\u00e6rlig SV og R\u00f8dt<\/a> \u2013 og noen til.<\/p>\n<p>Disse kuttene vil Venstre ha bort<\/p>\n<ul class=\"_list_o9xde_3 _list_xtcu6_9 _list_16v91_9 _unordered_o9xde_106 layout-component text-serif-m layout-normal text-sans-m layout-padded\">\n<li class=\"_item_o9xde_30\">I statsbudsjettet foresl\u00e5r regjeringen at barnetrygden skal telle som inntekt n\u00e5r man skal beregne sosialhjelp. Det inneb\u00e6rer kutt i sosialhjelp for de som trenger det mest, sier Raja. Han sier Venstre ogs\u00e5 vil kjempe mot flere kutt: <\/li>\n<li class=\"_item_o9xde_30\">Kutt i overgangsst\u00f8naden for enslige fors\u00f8rgere<\/li>\n<li class=\"_item_o9xde_30\">Kutt i st\u00f8tte til barnetilsyn for enslige fors\u00f8rgere<\/li>\n<li class=\"_item_o9xde_30\">Kutt i barnetrygd gjennom at den ikke prisjusteres. <\/li>\n<li class=\"_item_o9xde_30\">Kutt i st\u00f8nad til tannhelse for personer med sterkt nedsatt evne til egenomsorg<\/li>\n<li class=\"_item_o9xde_30\">Kutt i tilskudd til humanit\u00e6re tiltak for E\u00d8S-borgere<\/li>\n<li class=\"_item_o9xde_30\">Kutt i norskoppl\u00e6ring for ukrainere<\/li>\n<li class=\"_item_o9xde_30\">Kutt i st\u00f8tten til kommunalt rusarbeid<\/li>\n<li class=\"_item_o9xde_30\">Kuttet ut det \u00e5rlige \u00f8remerkede tilskuddet til P\u00e5r\u00f8rendesenteret, for p\u00e5r\u00f8rende i rus og psykiatri<\/li>\n<li class=\"_item_o9xde_30\">Kutt i bistand<\/li>\n<li class=\"_item_o9xde_30\">Kutt i sal\u00e6rsats til tolker i justissektoren<\/li>\n<\/ul>\n<p>Vis mer<\/p>\n<p class=\"_paragraph_o9xde_4 _paragraph_xtcu6_10 layout-component text-serif-m layout-normal text-serif-m layout-padded\">\u2013 LO oppfordrer jo sine medlemmer til \u00e5 stemme Ap, og har ganske stor innflytelse over Ap. s\u00e5 kanskje de skal bruke sine muskler til \u00e5 f\u00e5 Ap til \u00e5 rette opp i noen av de usosiale kuttene i budsjettforhandlingene som p\u00e5g\u00e5r. <\/p>\n<p><img alt=\"GRAVLEGGEREN: Rajas trofaste spade har tidligere blitt brukt til \u00e5 begrave hamsteren Darwin under epletreet i hagen, og til graving av rosebed.   Foto: Helge Mikalsen \/ VG\" class=\"_image_qp4xg_65 layout-component layout-normal\" data-fullscreen- data-track-element-type=\"Article image fullscreen\" data-track-name=\"ImageFullscreen\" decoding=\"async\" loading=\"lazy\" height=\"4932\" itemprop=\"image\"  src=\"https:\/\/www.europesays.com\/no\/wp-content\/uploads\/2025\/11\/45193434-0a38-427c-b94b-31c61537d157\"  style=\"object-position:0% 0%\" width=\"6985\"\/>GRAVLEGGEREN: Rajas trofaste spade har tidligere blitt brukt til \u00e5 begrave hamsteren Darwin under epletreet i hagen, og til graving av rosebed.   Foto: Helge Mikalsen \/ VG<\/p>\n<p class=\"_paragraph_o9xde_4 _paragraph_xtcu6_10 layout-component text-serif-m layout-normal text-serif-m layout-padded\">Egentlig er ikke Raja uenig i at feriepenger er noe man skal tjene seg opp gjennom \u00e5 v\u00e6re i jobb og dermed ikke f\u00e5 med dagpenger, slik Venstre har argumentert med f\u00f8r. Men n\u00e5 dropper de alts\u00e5 kampen om det. <\/p>\n<p class=\"_paragraph_o9xde_4 _paragraph_xtcu6_10 layout-component text-serif-m layout-normal text-serif-m layout-padded\">\u2013 Det har v\u00e6rt viktig for en del fagforeninger, og vi \u00f8nsker \u00e5 bygge ned de spissede konfliktene fordi vi trenger \u00e5 ha et mindre splittende samfunn. Det er ikke s\u00e5 viktig for oss at vi skal st\u00e5 i en sterk konfliktlinje til en samlet fagbevegelse som er mot dette.<\/p>\n<p class=\"_paragraph_o9xde_4 _paragraph_xtcu6_10 layout-component text-serif-m layout-normal text-serif-m layout-padded\">Han konkluderer: <\/p>\n<p class=\"_paragraph_o9xde_4 _paragraph_xtcu6_10 layout-component text-serif-m layout-normal text-serif-m layout-padded\">\u2013 Vi er ikke lenger m\u00e5lskiven for \u00e5 v\u00e6re det mest fagforeningsfiendtlige partiet. Den debatten har vi med dette lagt d\u00f8d for alltid. <\/p>\n<p>\u2013 J\u00f8ss!<\/p>\n<p class=\"_paragraph_o9xde_4 _paragraph_xtcu6_10 layout-component text-serif-m layout-normal text-serif-m layout-padded\">Men er LO enig i det?<\/p>\n<p class=\"_paragraph_o9xde_4 _paragraph_xtcu6_10 layout-component text-serif-m layout-normal text-serif-m layout-padded\">LO-leder Kine Asper Vistnes er onsdag p\u00e5 LO Stats \u00e5rlige Kartellkonferanse, ved Sundvolden Hotell ved Tyrifjorden.<\/p>\n<p><img alt=\"Foto: Ole Berg-Rusten \/ NTB\" class=\"_image_qp4xg_65 layout-component layout-normal\" data-fullscreen- data-track-element-type=\"Article image fullscreen\" data-track-name=\"ImageFullscreen\" decoding=\"async\" loading=\"lazy\" height=\"5450\" itemprop=\"image\"  src=\"https:\/\/www.europesays.com\/no\/wp-content\/uploads\/2025\/11\/9990f4f4-5cee-4e4c-b041-e4de1f9aa663\"  style=\"object-position:0% 0%\" width=\"8091\"\/>Foto: Ole Berg-Rusten \/ NTB<\/p>\n<p class=\"_paragraph_o9xde_4 _paragraph_xtcu6_10 layout-component text-serif-m layout-normal text-serif-m layout-padded\">\u2013 J\u00f8ss!<\/p>\n<p class=\"_paragraph_o9xde_4 _paragraph_xtcu6_10 layout-component text-serif-m layout-normal text-serif-m layout-padded\">Var LO-lederens f\u00f8rste og umiddelbare reaksjon etter \u00e5 ha f\u00e5tt vite hva Raja har sagt.<\/p>\n<p class=\"_paragraph_o9xde_4 _paragraph_xtcu6_10 layout-component text-serif-m layout-normal text-serif-m layout-padded\">\u2013 Det var nye toner fra den kanten, men for LO er handling viktigere enn ord, legger hun til.<\/p>\n<p><img alt=\"Foto: Ole Berg-Rusten \/ NTB\" class=\"_image_qp4xg_65 layout-component layout-normal\" data-fullscreen- data-track-element-type=\"Article image fullscreen\" data-track-name=\"ImageFullscreen\" decoding=\"async\" loading=\"lazy\" height=\"5494\" itemprop=\"image\"  src=\"https:\/\/www.europesays.com\/no\/wp-content\/uploads\/2025\/11\/536647b3-32f6-4eae-afb6-b816938dfcac\"  style=\"object-position:0% 0%\" width=\"8296\"\/>Foto: Ole Berg-Rusten \/ NTB<\/p>\n<p class=\"_paragraph_o9xde_4 _paragraph_xtcu6_10 layout-component text-serif-m layout-normal text-serif-m layout-padded\">Vistnes sier hun h\u00e5per det er et reelt politisk steg Raja og Venstre \u00f8nsker \u00e5 ta.<\/p>\n<p class=\"_paragraph_o9xde_4 _paragraph_xtcu6_10 layout-component text-serif-m layout-normal text-serif-m layout-padded\">\u2013 Hvis Venstre virkelig mener noe med dette, s\u00e5 m\u00e5 de over tid vise at de st\u00e5r p\u00e5 en politikk, som st\u00f8tter opp om vanlige arbeidsfolks interesser.<\/p>\n","protected":false},"excerpt":{"rendered":"Abid Raja fra Venstre vil \u00abbegrave strids\u00f8ksen\u00bb med LO og justerer partiets politikk. Venstre gir seg p\u00e5 krav&hellip;\n","protected":false},"author":2,"featured_media":91615,"comment_status":"","ping_status":"","sticky":false,"template":"","format":"standard","meta":{"footnotes":""},"categories":[5],"tags":[2221,20,21,11979,24,25,15,19,22,23,3369,17,18,13,30,28,29,14,16,26,27,1098],"class_list":{"0":"post-91614","1":"post","2":"type-post","3":"status-publish","4":"format-standard","5":"has-post-thumbnail","7":"category-overskrifter","8":"tag-abid-raja","9":"tag-breaking-news","10":"tag-breakingnews","11":"tag-fagforeninger","12":"tag-featured-news","13":"tag-featurednews","14":"tag-headlines","15":"tag-hovedoppslag","16":"tag-latest-news","17":"tag-latestnews","18":"tag-lo","19":"tag-main-news","20":"tag-mainnews","21":"tag-news","22":"tag-no","23":"tag-norge","24":"tag-norway","25":"tag-nyheter","26":"tag-overskrifter","27":"tag-top-stories","28":"tag-topstories","29":"tag-venstre-v"},"share_on_mastodon":{"url":"https:\/\/pubeurope.com\/@no\/115580759373621832","error":""},"_links":{"self":[{"href":"https:\/\/www.europesays.com\/no\/wp-json\/wp\/v2\/posts\/91614","targetHints":{"allow":["GET"]}}],"collection":[{"href":"https:\/\/www.europesays.com\/no\/wp-json\/wp\/v2\/posts"}],"about":[{"href":"https:\/\/www.europesays.com\/no\/wp-json\/wp\/v2\/types\/post"}],"author":[{"embeddable":true,"href":"https:\/\/www.europesays.com\/no\/wp-json\/wp\/v2\/users\/2"}],"replies":[{"embeddable":true,"href":"https:\/\/www.europesays.com\/no\/wp-json\/wp\/v2\/comments?post=91614"}],"version-history":[{"count":0,"href":"https:\/\/www.europesays.com\/no\/wp-json\/wp\/v2\/posts\/91614\/revisions"}],"wp:featuredmedia":[{"embeddable":true,"href":"https:\/\/www.europesays.com\/no\/wp-json\/wp\/v2\/media\/91615"}],"wp:attachment":[{"href":"https:\/\/www.europesays.com\/no\/wp-json\/wp\/v2\/media?parent=91614"}],"wp:term":[{"taxonomy":"category","embeddable":true,"href":"https:\/\/www.europesays.com\/no\/wp-json\/wp\/v2\/categories?post=91614"},{"taxonomy":"post_tag","embeddable":true,"href":"https:\/\/www.europesays.com\/no\/wp-json\/wp\/v2\/tags?post=91614"}],"curies":[{"name":"wp","href":"https:\/\/api.w.org\/{rel}","templated":true}]}}