{"id":91621,"date":"2025-11-20T07:18:15","date_gmt":"2025-11-20T07:18:15","guid":{"rendered":"https:\/\/www.europesays.com\/no\/91621\/"},"modified":"2025-11-20T07:18:15","modified_gmt":"2025-11-20T07:18:15","slug":"svakt-av-oslobyradet","status":"publish","type":"post","link":"https:\/\/www.europesays.com\/no\/91621\/","title":{"rendered":"Svakt av oslobyr\u00e5det"},"content":{"rendered":"<p>  Bystyrepolitikerne m\u00e5 huske at de er folkets tjenere.<\/p>\n<p>\n    B\u00d8R SE FOLK I \u00d8YNENE: Vi m\u00e5 kunne forvente at politikere som foresl\u00e5r dramatiske kutt stiller opp for \u00e5 se dem som rammes i \u00f8ynene. Men ingen fra Eirik Lae Solbergs byr\u00e5dspartier stilte til debatt for \u00e5 forsvare skolebehovsplanen. Foto: Thomas Fure \/ NTB\n  <\/p>\n<p>Mandag var det fest i hovedstaden, for \u00e5 hylle landslaget som kom hjem fra Milano med VM-billett i h\u00e5ndbagasjen. Oslo kommune med byr\u00e5dsleder Eirik Lae Solberg og ordf\u00f8rer Anne Lindboe i spissen var vertskap for b\u00e5de statsministeren, fotballgutta og dr\u00f8ye 45 000 innbyggere ved et Oslo r\u00e5dhus kledd i flaggets farger.<\/p>\n<p>Flere bystyrepolitikere var til stede, Oslo Venstres leder Anna D\u00e5snes var blant dem som delte glade bilder i sosiale medier, p\u00e5 instagram la hun ut et bilde av landslaget i r\u00e5dhussaken og med skriften \u00abGUTTAAAAAAA\u00bb. Det har provosert dem hun ikke dro videre til derfra: Arrang\u00f8rene bak folkem\u00f8tet p\u00e5 Ensj\u00f8 om den nye skolebehovsplanen. B\u00e5de D\u00e5snes og H\u00f8yres representant Bj\u00f8rgulv Borgundvaag meldte nemlig avbud. Ingen andre stilte for \u00e5 forsvare byr\u00e5dets forslag.<\/p>\n<p>          <img loading=\"lazy\" decoding=\"async\" src=\"https:\/\/www.europesays.com\/no\/wp-content\/uploads\/2025\/11\/83876262.webp\" width=\"686\" height=\"392\" title=\"VM-FEIRING: Anna D\u00e5snes la blant annet ut dette p\u00e5 Instagram, fra herrelandslagets VM-feiring i R\u00e5dhuset mandag kveld. Foto: Privat\" alt=\"\" class=\"\" style=\"--aspect-ratio-image: 1.75; \"\/><\/p>\n<p>\n          VM-FEIRING: Anna D\u00e5snes la blant annet ut dette p\u00e5 Instagram, fra herrelandslagets VM-feiring i R\u00e5dhuset mandag kveld. Foto: Privat\n      <\/p>\n<p>I Middelalderen ble byene bygget rundt torget, med kirka og r\u00e5dhuset i midten. I dag er skolen bydelenes senter, selve hjertet som pumper liv inn i\u00a0lokalsamfunnet. En god skole sikrer barnefamiliers tilh\u00f8righet, god integrering og oppvekstvilk\u00e5r som gir folk lyst til \u00e5 bli boende. Mangelen p\u00e5 slike skoler gj\u00f8r det motsatte. Og historien viser hvordan politikere ivrige etter \u00e5 spare penger gang p\u00e5 gang har undervurdert behovet for skoleplasser.<\/p>\n<p>    <a itemprop=\"url\" href=\"https:\/\/www.dagbladet.no\/meninger\/vi-tar-bolgen\/83862443\" rel=\"nofollow noopener\" target=\"_blank\"><\/p>\n<p>      <img loading=\"lazy\" decoding=\"async\" src=\"https:\/\/www.europesays.com\/no\/wp-content\/uploads\/2025\/11\/1763623093_595_83860811.webp\" width=\"980\" height=\"441\" title=\"Vi tar b\u00f8lgen\" alt=\"\" class=\"lazyload\" style=\"--aspect-ratio-image: 2.22; \"\/><\/p>\n<p>        Vi tar b\u00f8lgen<\/p>\n<p>    <\/a><\/p>\n<p>Derfor er skolebehovsplaner noe av det aller viktigste lokalpolitikere driver med. Det er en av de sakene som skaper st\u00f8rst engasjement i bydelene og som f\u00e5r st\u00f8rst konsekvenser for flest.<\/p>\n<p>Politikeres ford\u00f8mte plikt er \u00e5 m\u00f8te opp og snakke med dem som ber\u00f8res av politiske vedtak. Noen ganger er det riktig \u00e5 legge ned skoler eller stoppe planlagte utbygginger. Men b\u00e5de for \u00e5 sikre at beslutningene tas p\u00e5 best mulig grunnlag og for \u00e5 sikre at befolkningen forst\u00e5r hvorfor vedtak fattes, m\u00e5 de ansvarlige prioritere \u00e5 stille opp n\u00e5r det arrangeres folkem\u00f8ter om store vedtak. De er tross alt det som i festtaler kalles \u00abfolkets tjenere\u00bb eller som tidligere bystyrepolitiker Ivar Johansen (SV) kalte folkets ombud.<\/p>\n<p>    <a itemprop=\"url\" href=\"https:\/\/www.dagbladet.no\/meninger\/de-er-ikke-redd-ham-lenger\/83863238\" rel=\"nofollow noopener\" target=\"_blank\"><\/p>\n<p>      <img loading=\"lazy\" decoding=\"async\" src=\"https:\/\/www.europesays.com\/no\/wp-content\/uploads\/2025\/11\/1763623094_174_83860091.webp\" width=\"980\" height=\"441\" title=\"De er ikke redd ham lenger\" alt=\"\" class=\"lazyload\" style=\"--aspect-ratio-image: 2.22; \"\/><\/p>\n<p>        De er ikke redd ham lenger<\/p>\n<p>    <\/a><\/p>\n<p>I denne saken sviktet byr\u00e5dspartiene fullstendig. Helst burde byr\u00e5dene selv stilt p\u00e5 slike m\u00f8ter, men i en hektisk hverdag er det selvsagt legitimt \u00e5 sende bystyrepolitikere for \u00e5 forsvare byr\u00e5dets forslag. Men da b\u00e5de D\u00e5snes og Borgundvaag meldte avbud, burde byr\u00e5dspartiene selvf\u00f8lgelig stilt med andre representanter som kunne forklare hvordan byr\u00e5det har tenkt. Isteden sendte de to bydelspolitikere som ikke var enige med forslaget til skolebehovsplan.<\/p>\n<p>Forklaringen er tynn. D\u00e5snes og Borgundvaag<a href=\"https:\/\/www.dagbladet.no\/nyheter\/na-raser-flere-1\/83866735\" rel=\"nofollow noopener\" target=\"_blank\"> sier til Dagbladet<\/a> at de mener de ikke kan delta i debatt fordi de forhandler om saken. Men det er jo nettopp fordi skolebehovsplanen skal vedtas f\u00f8r jul det er av avgj\u00f8rende betydning for de ber\u00f8rte \u00e5 kunne snakke direkte til og fors\u00f8ke \u00e5 p\u00e5virke dem som skal avgj\u00f8re saken. Motparten i forhandlingene, Fremskrittspartiet, stilte dessuten heldigvis opp med sin varaordf\u00f8rer.\u00a0<\/p>\n<p>    <a itemprop=\"url\" href=\"https:\/\/www.dagbladet.no\/meninger\/ikke-ror-oljefondet\/83855785\" rel=\"nofollow noopener\" target=\"_blank\"><\/p>\n<p>      <img loading=\"lazy\" decoding=\"async\" src=\"https:\/\/www.europesays.com\/no\/wp-content\/uploads\/2025\/11\/1763623095_517_83848681.webp\" width=\"980\" height=\"441\" title=\"Ikke r\u00f8r Oljefondet\" alt=\"\" class=\"lazyload\" style=\"--aspect-ratio-image: 2.22; \"\/><\/p>\n<p>        Ikke r\u00f8r Oljefondet<\/p>\n<p>    <\/a><\/p>\n<p>Heldigvis innr\u00f8mmer skolebyr\u00e5d Julie Remmen\u00a0Midtgarden (H) at \u00abdet var en feilvurdering ikke \u00e5 stille med noen fra byr\u00e5d eller bystyre i denne debatten\u00bb. Hun hadde visst heller ikke tid til \u00e5 bes\u00f8ke\u00a0M\u00f8llergata skole da de inviterte byr\u00e5det til internasjonal dag nylig, byens eldste skole som i forslaget til plan skal nedlegges som grunnskole.<\/p>\n<p>Dette er svakt av oslobyr\u00e5det. Vi m\u00e5 kunne forvente at politikere som foresl\u00e5r dramatiske kutt stiller opp for \u00e5 se dem som rammes i \u00f8ynene.<\/p>\n","protected":false},"excerpt":{"rendered":"Bystyrepolitikerne m\u00e5 huske at de er folkets tjenere. B\u00d8R SE FOLK I \u00d8YNENE: Vi m\u00e5 kunne forvente at&hellip;\n","protected":false},"author":2,"featured_media":91622,"comment_status":"","ping_status":"","sticky":false,"template":"","format":"standard","meta":{"footnotes":""},"categories":[10],"tags":[20,21,24,25,15,22,23,4129,5301,156,13,30,28,29,14,636,16,804,26,27],"class_list":{"0":"post-91621","1":"post","2":"type-post","3":"status-publish","4":"format-standard","5":"has-post-thumbnail","7":"category-norge","8":"tag-breaking-news","9":"tag-breakingnews","10":"tag-featured-news","11":"tag-featurednews","12":"tag-headlines","13":"tag-latest-news","14":"tag-latestnews","15":"tag-leder1","16":"tag-mau","17":"tag-meninger","18":"tag-news","19":"tag-no","20":"tag-norge","21":"tag-norway","22":"tag-nyheter","23":"tag-oslo","24":"tag-overskrifter","25":"tag-skole","26":"tag-top-stories","27":"tag-topstories"},"share_on_mastodon":{"url":"https:\/\/pubeurope.com\/@no\/115580810421586551","error":""},"_links":{"self":[{"href":"https:\/\/www.europesays.com\/no\/wp-json\/wp\/v2\/posts\/91621","targetHints":{"allow":["GET"]}}],"collection":[{"href":"https:\/\/www.europesays.com\/no\/wp-json\/wp\/v2\/posts"}],"about":[{"href":"https:\/\/www.europesays.com\/no\/wp-json\/wp\/v2\/types\/post"}],"author":[{"embeddable":true,"href":"https:\/\/www.europesays.com\/no\/wp-json\/wp\/v2\/users\/2"}],"replies":[{"embeddable":true,"href":"https:\/\/www.europesays.com\/no\/wp-json\/wp\/v2\/comments?post=91621"}],"version-history":[{"count":0,"href":"https:\/\/www.europesays.com\/no\/wp-json\/wp\/v2\/posts\/91621\/revisions"}],"wp:featuredmedia":[{"embeddable":true,"href":"https:\/\/www.europesays.com\/no\/wp-json\/wp\/v2\/media\/91622"}],"wp:attachment":[{"href":"https:\/\/www.europesays.com\/no\/wp-json\/wp\/v2\/media?parent=91621"}],"wp:term":[{"taxonomy":"category","embeddable":true,"href":"https:\/\/www.europesays.com\/no\/wp-json\/wp\/v2\/categories?post=91621"},{"taxonomy":"post_tag","embeddable":true,"href":"https:\/\/www.europesays.com\/no\/wp-json\/wp\/v2\/tags?post=91621"}],"curies":[{"name":"wp","href":"https:\/\/api.w.org\/{rel}","templated":true}]}}