{"id":91629,"date":"2025-11-20T07:25:09","date_gmt":"2025-11-20T07:25:09","guid":{"rendered":"https:\/\/www.europesays.com\/no\/91629\/"},"modified":"2025-11-20T07:25:09","modified_gmt":"2025-11-20T07:25:09","slug":"vil-vite-om-det-er-en-framtid-for-meg-i-olja-nrk-rogaland-lokale-nyheter-tv-og-radio","status":"publish","type":"post","link":"https:\/\/www.europesays.com\/no\/91629\/","title":{"rendered":"\u2013 Vil vite om det er en framtid for meg i olja \u2013 NRK Rogaland \u2013 Lokale nyheter, TV og radio"},"content":{"rendered":"<p><strong>\u2013 Selv om det ikke er vi som har mista jobbene, s\u00e5 er det vi som skal ha stillingene senere. Vi f\u00f8ler oss truffet, sier Filipp L\u00f8vseth og peker p\u00e5 nedbemanningene i olja den siste tiden.<\/strong><\/p>\n<p>Studenten ved Universitetet i Stavanger (UiS) jobber i olja ved siden av studiet som batteriingeni\u00f8r.<\/p>\n<p>Underveis i studiet har han blitt mer og mer usikker p\u00e5 om det finnes en jobb for ham etter bacheloren.<\/p>\n<p>Flere oljeselskaper og leverand\u00f8rer, som Halliburton og Worley Rosenberg, opplever kutt, permitteringer og varsler om nedbemanning etter flere \u00e5r med h\u00f8ye inntekter.<\/p>\n<p>Worley Rosenberg i Stavanger er spesielt rammet der de ansatte sent i sommer fikk beskjed om at s\u00e5 mange som <a href=\"https:\/\/www.nrk.no\/rogaland\/300-kan-miste-jobben-ved-rosenberg-worley-1.17545986\" ec-id=\"pp:article:1.17545986\" ec-name=\"300 arbeidere kan bli permittert\" rel=\"nofollow noopener\" target=\"_blank\">300 arbeidere kan bli permittert<\/a>.<\/p>\n<p><strong>\u2013 Jeg vil vite om det er en framtid for meg i olja eller ikke, sier L\u00f8vseth.<\/strong><\/p>\n<p>I fjor skrev NRK at flere s\u00f8ker seg inn p\u00e5 oljerelaterte fag ved universiteter og h\u00f8gskoler. <a href=\"https:\/\/www.nrk.no\/rogaland\/flere-unge-gjor-som-torkil-_17_-og-vil-jobbe-i-olja_-_-god-lonn-1.17016760\" ec-id=\"pp:article:1.17016760\" ec-name=\"H\u00f8y l\u00f8nn og mange muligheter i bransjen ble trukket frem som \u00e5rsaker da\" rel=\"nofollow noopener\" target=\"_blank\">H\u00f8y l\u00f8nn og mange muligheter i bransjen ble trukket frem som \u00e5rsaker da<\/a>.<\/p>\n<p>Andelen s\u00f8kere til Energi- og petroleumsteknologi ved UiS falt etter forrige oljekrise i 2014 og 2015. Siden 2022 har s\u00f8kertallet skutt til v\u00e6rs igjen:<\/p>\n<p>Oljeekspert: \u2013 Toppen er n\u00e5dd<\/p>\n<p><a href=\"https:\/\/www.nrk.no\/rogaland\/avviser-ny-oljekrise-til-tross-for-store-nedbemanninger-1.17609008\" ec-id=\"pp:article:1.17609008\" ec-name=\"Oljeekspert Tore Guldbrands\u00f8y mener investeringstoppen p\u00e5 norsk sokkel er n\u00e5dd.\" rel=\"nofollow noopener\" target=\"_blank\">Oljeekspert Tore Guldbrands\u00f8y mener investeringstoppen p\u00e5 norsk sokkel er n\u00e5dd.<\/a><\/p>\n<p>Men oljeselskapene selv hevder det ikke er store utfordringer i bransjen.<\/p>\n<ul data-scroll-container=\"\" role=\"list\">\n<li><img alt=\"En bygning med et skilt foran\"  width=\"3840\" height=\"2160\" loading=\"lazy\"\/>\n<p>\n        Gunnar Morsund \/ NRK\n      <\/p>\n<p>Norske Shell:<\/p>\n<p>\u2013 Organisasjonen v\u00e5r har v\u00e6rt stabil over flere \u00e5r\u00a0og vi ser ikke at dette vil endre seg vesentlig i overskuelig fremtid, sier Alice Bergfall, leder for strategisk kommunikasjon. <\/p>\n<p>Hun sier der fortsatt er betydelig uutnyttet potensiale i norsk sokkel. <\/p>\n<p>\u2013 Skal vi bremse produksjonsfallet er det viktig \u00e5 b\u00e5de fortsette letevirksomhet og videreutvikle eksisterende felt.<\/p>\n<\/li>\n<li><img alt=\"Stril Barents i forgrunnen av Goliat plattformen\"  width=\"3840\" height=\"2159\" loading=\"lazy\"\/>\n<p>\n        V\u00e5r Energi\n      <\/p>\n<p>V\u00e5r Energi: <\/p>\n<p>\u2013 V\u00e5r Energi er preget av et h\u00f8yt aktivitetsniv\u00e5, h\u00f8y produksjon, stor leteaktivitet og modning av nye prosjekter, sier kommunikasjonsdirekt\u00f8r Liv Jannie Omdal. <\/p>\n<p>Hittil i \u00e5r har V\u00e5r Energi i startet opp produksjon fra flere felt. Dette har gitt en stor \u00f8kning i produksjon til over 400.000 fat per dag. <\/p>\n<p>\u2013 H\u00f8y produksjon og aktivitet er utsiktene ogs\u00e5 fremover.<\/p>\n<\/li>\n<li><img alt=\"St\u00f8re, Stoltenberg og von der Leyen bes\u00f8ker Troll A\"  width=\"3840\" height=\"2160\" loading=\"lazy\"\/>\n<p>\n        Ole Berg-Rusten \/ NTB\n      <\/p>\n<p>Equinor:<\/p>\n<p>\u2013 Equinor har et stabilt h\u00f8yt aktivitetsniv\u00e5 p\u00e5 norsk sokkel. Vi produserer p\u00e5 h\u00f8yt niv\u00e5, har en stor portef\u00f8lje og leter fortsatt aktivt, sier pressetalsperson Gisle Ledel Johannessen. <\/p>\n<p>Equinor ser at sokkelen er moden, men at den ikke har n\u00e5dd et br\u00e5tt fall. <\/p>\n<p>\u2013 Vi planlegger h\u00f8y aktivitet i mange \u00e5r framover. \u00c5rlig investerer vi 60\u201370 milliarder i leting, feltutvikling, drift og forlengelser. <\/p>\n<\/li>\n<li><img alt=\"6507\/5 Skarv FPSO Aker BP\"  width=\"3840\" height=\"2160\" loading=\"lazy\"\/>\n<p>\n        Oda Viken \/ NRK\n      <\/p>\n<p>Aker BP:<\/p>\n<p>\u2013 Vi har et h\u00f8yt aktivitetsniv\u00e5 b\u00e5de til havs og p\u00e5 land knyttet til ferdigstilling av p\u00e5g\u00e5ende olje- og gassutbygginger, sier pressetalsperson Ole-Johan Faret. <\/p>\n<p>N\u00e5r de store, p\u00e5g\u00e5ende utbyggingsprosjektene ferdigstilles og kommer i produksjon i 2027, forventer de at aktivitetsniv\u00e5et justeres. <\/p>\n<p>\u2013 Da vil v\u00e5r produksjon \u00f8ke fra over 400.000 fat per dag til over 500.000 fat per dag. <\/p>\n<\/li>\n<\/ul>\n<p>Lavere aktivitet fremover<\/p>\n<p>Dette beroliger ikke student L\u00f8vseth. Han synes det er vanskelig \u00e5 stole p\u00e5 de store oljeselskapene.<\/p>\n<p>\u2013 Vi forst\u00e5r at de som sitter i firmaene m\u00e5 beskytte firmaet. De kan ikke g\u00e5 ut og si at vi er i en oljekrise og at investorene ikke m\u00e5 investere.<\/p>\n<p>Han stoler mer p\u00e5 det Sokkeldirektoratet og staten sier.<\/p>\n<p>Sokkeldirektoratet har laget tre ulike mulighetsbilder for Norges totale olje- og gassproduksjon frem mot 2050.<\/p>\n<p>Alle viser at produksjonen vil falle i perioden, men hvor raskt fallet skjer avhenger av leteaktivitet og teknologiutvikling. Det kommer fram i deres <a href=\"http:\/\/www.sodir.no\/aktuelt\/publikasjoner\/rapporter\/ressursrapporter\/ressursrapport-2024\/mulighetsbilder\/\" ec-id=\"http:\/\/www.sodir.no\/aktuelt\/publikasjoner\/rapporter\/ressursrapporter\/ressursrapport-2024\/mulighetsbilder\/\" ec-name=\"ressursrapport for 2024\" rel=\"nofollow noopener\" target=\"_blank\">ressursrapport for 2024<\/a> (ekstern lenke).<\/p>\n<p><strong>\u2013 Vi tror produksjonen fra norsk sokkel vil begynne \u00e5 falle en gang rundt 2030. Hvor raskt fallet blir er usikkert som illustrert i v\u00e5re mulighetsbilder, sier Kalmar Ilstad, direkt\u00f8r for regelverk, lisens- og arealforvaltning i Sokkeldirektoratet. <\/strong><\/p>\n<p><img decoding=\"async\"   src=\"data:image\/gif;base64,R0lGODlhAQABAIAAAAAAAP\/\/\/yH5BAEAAAAALAAAAAABAAEAAAIBRAA7\" loading=\"eager\" alt=\"Oljestudent Filipp L\u00f8vseth, styreleder Petroil\" title=\"Foto: Simon Elias Vik Bogen \/ NRK\"\/><\/p>\n<p class=\"\">L\u00f8vseth sier ressursrapporten til Sokkeldirektoratet er kjent blant mange av studentene. Han sier mange ser med bekymring p\u00e5 framtiden p\u00e5 grunn av lavere aktivitet fram mot 2050. <\/p>\n<p>Foto: Simon Elias Vik Bogen \/ NRK<\/p>\n<p>Terje Aasland: \u2013 Klart vi trenger flere unge<\/p>\n<p>Energiminister Terje Aasland skriver i en e-post til NRK at olja vil v\u00e6re en av Norges viktigste n\u00e6ringer framover, ogs\u00e5 n\u00e5r produksjonen gradvis g\u00e5r ned.<\/p>\n<p>Derfor har han et klart budskap til L\u00f8vseth og den yngre generasjonen:<\/p>\n<p><strong>\u2013 Det er klart vi trenger flere unge her. Unge som velger n\u00e6ringen vil v\u00e6re med p\u00e5 \u00e5 kutte utslipp, utvikle ny teknologi og bygge bro til framtidens energisystem, skriver han. <\/strong><\/p>\n<ul class=\"dhpg__gallery__list\">\n<li class=\"dhpg__gallery__listItem\"><img alt=\"Terje Aasland med ansikt\"  width=\"2400\" height=\"2400\" loading=\"lazy\"\/>Terje Aasland<\/li>\n<\/ul>\n<p>Sokkeldirektoratet ansl\u00e5r 220 milliarder kroner i investeringer i olje og gass p\u00e5 norsk sokkel i 2026. <\/p>\n<p>Det er det nest h\u00f8yeste \u00e5ret siden 2014.<\/p>\n<p>\u2013 Med de store mulighetene p\u00e5 norsk sokkel, og med Arbeiderpartiet i regjering skal vi utvikle, ikke avvikle norsk petroleumsvirksomhet, skriver Aasland.<\/p>\n<p>Instituttleder sier det er vanskeligere \u00e5 f\u00e5 jobb<\/p>\n<p>\u00d8ystein Arild er instituttleder i instituttet for energi- og petroleumsteknologi. Han har merket en liten endring.<\/p>\n<p>\u2013 Det er litt vanskeligere \u00e5 f\u00e5 jobb n\u00e5 enn for ett \u00e5r siden for de som er skal avslutte studiet sitt v\u00e5ren 2026.<\/p>\n<p>Samtidig er utsiktene delt.<\/p>\n<p>\u2013 Det er mange som fortsatt f\u00e5r jobb.<\/p>\n<p><img decoding=\"async\"   src=\"data:image\/gif;base64,R0lGODlhAQABAIAAAAAAAP\/\/\/yH5BAEAAAAALAAAAAABAAEAAAIBRAA7\" loading=\"eager\" alt=\"\u00d8ystein Arild, instituttleder UiS\" title=\"Foto: Simon Elias Vik Bogen \/ NRK\"\/><\/p>\n<p class=\"\">Instituttleder \u00d8ystein Arild ved UiS sier det er delt bilde, men han har stor tro p\u00e5 at dagens unge har en framtid i olja. <\/p>\n<p>Foto: Simon Elias Vik Bogen \/ NRK<\/p>\n<p>Selv om det totale antallet arbeidsplasser g\u00e5r noe ned, er det likevel sv\u00e6rt mange jobber som skal erstattes, if\u00f8lge Arild.<\/p>\n<p>\u2013 <strong>Olje- og gass vil v\u00e6re Norges desidert viktigste bransje i mange ti\u00e5r framover og Norge trenger derfor p\u00e5fyll av kompetanse i \u00e5rene som kommer, sp\u00e5r instituttlederen.<\/strong><\/p>\n<p>Samtaletema p\u00e5 studiet<\/p>\n<p>Student L\u00f8vseth er ogs\u00e5 styreleder i Petroleumingeni\u00f8renes linjeforening ved UiS. Han forteller at usikkerheten i oljebransjen er et hyppig samtaletema blant studenter om dagen.<\/p>\n<p>\u2013 Det er mye diskusjon, men jeg tror ingen vet akkurat hva som kommer til \u00e5 skje.<\/p>\n<p>Han sier mange kjenner p\u00e5 den samme usikkerheten, som han, kjenner p\u00e5 knyttet til jobbmulighetene i n\u00e6ringen.<\/p>\n<p><img decoding=\"async\"   src=\"data:image\/gif;base64,R0lGODlhAQABAIAAAAAAAP\/\/\/yH5BAEAAAAALAAAAAABAAEAAAIBRAA7\" loading=\"eager\" alt=\"Oljestudent Filipp L\u00f8vseth, styreleder Petroil\" title=\"Foto: Simon Elias Vik Bogen \/ NRK\"\/><\/p>\n<p class=\"\">L\u00f8vseth er glad for at han tar en ingeni\u00f8rutdanning. Det gir han flere muligheter dersom han ikke f\u00e5r jobb i olja. <\/p>\n<p>Foto: Simon Elias Vik Bogen \/ NRK<\/p>\n<p>\u2013 G\u00e5r du rundt og bekymrer deg for framtiden din i oljen\u00e6ringen?<\/p>\n<p>\u2013 Om jeg bekymrer meg er kanskje ikke ordene jeg ville brukt. Jeg f\u00f8ler meg sikker p\u00e5 at jeg har en vei videre og kan hoppe over til en annen industri om jeg trenger det.<\/p>\n<p>Publisert<\/p>\n<p>20.11.2025, kl. 05.20<\/p>\n","protected":false},"excerpt":{"rendered":"\u2013 Selv om det ikke er vi som har mista jobbene, s\u00e5 er det vi som skal ha&hellip;\n","protected":false},"author":2,"featured_media":91630,"comment_status":"","ping_status":"","sticky":false,"template":"","format":"standard","meta":{"footnotes":""},"categories":[10],"tags":[20,21,24,25,15,22,23,13,30,28,29,14,16,26,27],"class_list":{"0":"post-91629","1":"post","2":"type-post","3":"status-publish","4":"format-standard","5":"has-post-thumbnail","7":"category-norge","8":"tag-breaking-news","9":"tag-breakingnews","10":"tag-featured-news","11":"tag-featurednews","12":"tag-headlines","13":"tag-latest-news","14":"tag-latestnews","15":"tag-news","16":"tag-no","17":"tag-norge","18":"tag-norway","19":"tag-nyheter","20":"tag-overskrifter","21":"tag-top-stories","22":"tag-topstories"},"share_on_mastodon":{"url":"https:\/\/pubeurope.com\/@no\/115580837853125690","error":""},"_links":{"self":[{"href":"https:\/\/www.europesays.com\/no\/wp-json\/wp\/v2\/posts\/91629","targetHints":{"allow":["GET"]}}],"collection":[{"href":"https:\/\/www.europesays.com\/no\/wp-json\/wp\/v2\/posts"}],"about":[{"href":"https:\/\/www.europesays.com\/no\/wp-json\/wp\/v2\/types\/post"}],"author":[{"embeddable":true,"href":"https:\/\/www.europesays.com\/no\/wp-json\/wp\/v2\/users\/2"}],"replies":[{"embeddable":true,"href":"https:\/\/www.europesays.com\/no\/wp-json\/wp\/v2\/comments?post=91629"}],"version-history":[{"count":0,"href":"https:\/\/www.europesays.com\/no\/wp-json\/wp\/v2\/posts\/91629\/revisions"}],"wp:featuredmedia":[{"embeddable":true,"href":"https:\/\/www.europesays.com\/no\/wp-json\/wp\/v2\/media\/91630"}],"wp:attachment":[{"href":"https:\/\/www.europesays.com\/no\/wp-json\/wp\/v2\/media?parent=91629"}],"wp:term":[{"taxonomy":"category","embeddable":true,"href":"https:\/\/www.europesays.com\/no\/wp-json\/wp\/v2\/categories?post=91629"},{"taxonomy":"post_tag","embeddable":true,"href":"https:\/\/www.europesays.com\/no\/wp-json\/wp\/v2\/tags?post=91629"}],"curies":[{"name":"wp","href":"https:\/\/api.w.org\/{rel}","templated":true}]}}