{"id":91649,"date":"2025-11-20T07:48:49","date_gmt":"2025-11-20T07:48:49","guid":{"rendered":"https:\/\/www.europesays.com\/no\/91649\/"},"modified":"2025-11-20T07:48:49","modified_gmt":"2025-11-20T07:48:49","slug":"curacao-blir-tidenes-minste-deltakernasjon-i-vm-2","status":"publish","type":"post","link":"https:\/\/www.europesays.com\/no\/91649\/","title":{"rendered":"Cura\u00e7ao blir tidenes minste deltakernasjon i VM"},"content":{"rendered":"<p>  Det blir mange debutanter i neste \u00e5rs fotball-VM. En av dem er den karibiske \u00f8ya Cura\u00e7ao med dr\u00f8yt 150.000 innbyggere.<\/p>\n<p>\n    Her feirer Curacao etter kampen mot Jamaica. Foto: Gilbert Bellamy \/ Reuters \/ NTB\n  <\/p>\n<p>Miniputten Cura\u00e7ao er VM-klar etter 0-0 borte mot Jamaica i den siste runden av kvalifiseringen i Concacaf-regionen (Nord-Amerika).<\/p>\n<p>Cura\u00e7ao var garantert en plass i VM med minst uavgjort i Kingston. Laget toppet gruppe B, ett poeng foran Jamaica f\u00f8r tirsdagens oppgj\u00f8r.<\/p>\n<p>Mindre enn Island\t<\/p>\n<p>N\u00e5 tar de over Islands status som tidenes minste VM-nasjon. Islendingene hadde en befolkning p\u00e5 350.000 da landet deltok i 2018.<\/p>\n<p>Ogs\u00e5 Haiti har kvalifisert seg for VM &#8211; for andre gang i landets historie. De var ogs\u00e5 med i 1974. Den hardt pr\u00f8vede \u00f8ynasjonen sikret seg billetten til neste \u00e5rs mesterskap da Nicaragua ble sl\u00e5tt 2-0 i gruppe C, og Honduras avga poeng med 0-0 i m\u00f8tet med Costa Rica.<\/p>\n<p>Fra Concacaf-regionen er ogs\u00e5 Panama VM-klare. Med 3-0-seier over El Salvador tok landet f\u00f8rsteplassen i gruppe A foran Surinam, som ogs\u00e5 kunne ha n\u00e5dd VM-sluttspillet for f\u00f8rste gang. Surinam tapte 1-3 for Guatemala tirsdag.<\/p>\n<p>Mange fra Nederland\t<\/p>\n<p>Cura\u00e7ao har en fortid som nederlandsk koloni, og hele 22 av 23 spillere i den siste troppen er f\u00f8dt i Nederland. I tillegg har den nederlandske trenerveteranen Dick Advocaat (78) st\u00e5tt for taktikken.<\/p>\n<p>Av famili\u00e6re \u00e5rsaker kunne han ikke fysisk lede sensasjonslaget i skjebnekampen.<\/p>\n<p>\u2013 Det var med tungt hjerte jeg m\u00e5tte ta denne beslutningen, men familien er viktigere enn fotball. Fra Nederland vil jeg v\u00e6re i tett kontakt med st\u00f8tteapparatet, sa Advocaat etter 7-0-seieren over Bermuda nylig.<\/p>\n<p>Vertsnasjonene automatisk med\t<\/p>\n<p>Cura\u00e7ao ble et eget land i 2010 da De nederlandske Antillene ble oppl\u00f8st. Det ligger i Karibia utenfor kysten av Venezuela og er en del av Kongeriket Nederlandene sammen med Nederland, Aruba og Sint Maarten.<\/p>\n<p>I frav\u00e6ret av USA, Mexico og Canada, som alle er VM-klare som vertsnasjoner, er det blitt plass til at andre kan skinne i den nordamerikanske kvalifiseringen.<\/p>\n<p>Fra f\u00f8r har Kapp Verde, Usbekistan og Jordan tatt seg til VM for f\u00f8rste gang. Neste \u00e5rs mesterskap er utvidet fra 32 til 48 lag og spilles i perioden 11. juni til 19. juli.<\/p>\n<p>Trekningen av gruppene skjer i Washington 5. desember.<\/p>\n","protected":false},"excerpt":{"rendered":"Det blir mange debutanter i neste \u00e5rs fotball-VM. En av dem er den karibiske \u00f8ya Cura\u00e7ao med dr\u00f8yt&hellip;\n","protected":false},"author":2,"featured_media":91650,"comment_status":"","ping_status":"","sticky":false,"template":"","format":"standard","meta":{"footnotes":""},"categories":[59],"tags":[30,28,29,14,83,82],"class_list":{"0":"post-91649","1":"post","2":"type-post","3":"status-publish","4":"format-standard","5":"has-post-thumbnail","7":"category-sport","8":"tag-no","9":"tag-norge","10":"tag-norway","11":"tag-nyheter","12":"tag-sport","13":"tag-sports"},"share_on_mastodon":{"url":"https:\/\/pubeurope.com\/@no\/115580932158102208","error":""},"_links":{"self":[{"href":"https:\/\/www.europesays.com\/no\/wp-json\/wp\/v2\/posts\/91649","targetHints":{"allow":["GET"]}}],"collection":[{"href":"https:\/\/www.europesays.com\/no\/wp-json\/wp\/v2\/posts"}],"about":[{"href":"https:\/\/www.europesays.com\/no\/wp-json\/wp\/v2\/types\/post"}],"author":[{"embeddable":true,"href":"https:\/\/www.europesays.com\/no\/wp-json\/wp\/v2\/users\/2"}],"replies":[{"embeddable":true,"href":"https:\/\/www.europesays.com\/no\/wp-json\/wp\/v2\/comments?post=91649"}],"version-history":[{"count":0,"href":"https:\/\/www.europesays.com\/no\/wp-json\/wp\/v2\/posts\/91649\/revisions"}],"wp:featuredmedia":[{"embeddable":true,"href":"https:\/\/www.europesays.com\/no\/wp-json\/wp\/v2\/media\/91650"}],"wp:attachment":[{"href":"https:\/\/www.europesays.com\/no\/wp-json\/wp\/v2\/media?parent=91649"}],"wp:term":[{"taxonomy":"category","embeddable":true,"href":"https:\/\/www.europesays.com\/no\/wp-json\/wp\/v2\/categories?post=91649"},{"taxonomy":"post_tag","embeddable":true,"href":"https:\/\/www.europesays.com\/no\/wp-json\/wp\/v2\/tags?post=91649"}],"curies":[{"name":"wp","href":"https:\/\/api.w.org\/{rel}","templated":true}]}}