{"id":91651,"date":"2025-11-20T07:53:07","date_gmt":"2025-11-20T07:53:07","guid":{"rendered":"https:\/\/www.europesays.com\/no\/91651\/"},"modified":"2025-11-20T07:53:07","modified_gmt":"2025-11-20T07:53:07","slug":"feilslatt-politikk-nrk-norge-oversikt-over-nyheter-fra-ulike-deler-av-landet","status":"publish","type":"post","link":"https:\/\/www.europesays.com\/no\/91651\/","title":{"rendered":"\u2013\u00a0Feilsl\u00e5tt politikk \u2013 NRK Norge \u2013 Oversikt over nyheter fra ulike deler av landet"},"content":{"rendered":"<p><strong>\u2013 Kommunedirekt\u00f8ren legger fram tall som jeg mener peker p\u00e5 at integreringspolitikken i Norge ikke fungerer. Den er feilsl\u00e5tt, sier ordf\u00f8rer Magnus Arnesen (H) i Sarpsborg.<\/strong><\/p>\n<p><img decoding=\"async\"   src=\"data:image\/gif;base64,R0lGODlhAQABAIAAAAAAAP\/\/\/yH5BAEAAAAALAAAAAABAAEAAAIBRAA7\" loading=\"eager\" alt=\"En mann snakker med utstrakte hender p\u00e5 en brosteinsbelagt plass. Bakgrunnen viser bygninger og kafeer. Det er f\u00e5 mennesker til stede i omr\u00e5det. En kirket\u00e5rn er synlig i det fjerne.\" title=\"Foto: William Jobling \/ NRK\"\/><\/p>\n<p class=\"\">FEILSL\u00c5TT: Ordf\u00f8rer Magnus Arnesen (H) mener situasjonen i Sarpsborg viser at integreringspolitikken i Norge ikke fungerer.<\/p>\n<p>Foto: William Jobling \/ NRK<\/p>\n<p>Han viser til en helt fersk utredning om flyktningsituasjonen i \u00d8stfold-byen, der det bor rundt 60.000 innbyggere:<\/p>\n<ul>\n<li>79,1 prosent av det Sarpsborg utbetalte i \u00f8konomisk sosialhjelp i 2024, gikk til flyktninger.<\/li>\n<li>Blant innvandrere i kommunen har halvparten flyktningbakgrunn. P\u00e5 landsbasis er tilsvarende tall \u00e9n av tre.<\/li>\n<li>De siste 15 \u00e5rene har antallet innvandrere i Sarpsborg \u00f8kt med 132 prosent, fra 6115 til 15140 personer. (I dette tallet inng\u00e5r barn av innvandrere, men ikke barnebarn).<\/li>\n<\/ul>\n<p>Tallene viser tydelig at prinsippene om spredt bosetting og et integreringsl\u00f8p over fem \u00e5r ikke fungerer i praksis, mener ordf\u00f8reren.<\/p>\n<p><strong>\u2013 At vi ikke har god nok politikk p\u00e5 de omr\u00e5dene, f\u00e5r store konsekvenser for kommuner som Sarpsborg. Men ikke minst f\u00e5r det konsekvenser for disse familiene, som ikke settes i stand til \u00e5 fungere i samfunnet v\u00e5rt, sier han.<\/strong><\/p>\n<p>Flytter p\u00e5 seg<\/p>\n<p>Ordf\u00f8reren mener systemet for mottak og integrering av flyktninger delvis forklarer de <a href=\"https:\/\/www.nrk.no\/dokumentar\/xl\/et-rustbelte-med-darlige-levekar-i-norge-1.17467539\" ec-id=\"pp:article:1.17467539\" ec-name=\"s\u00e6rskilte utfordringene i presskommuner\" rel=\"nofollow noopener\" target=\"_blank\">s\u00e6rskilte utfordringene i presskommuner<\/a> som Sarpsborg, Fredrikstad, L\u00f8renskog, Lillestr\u00f8m og Drammen.<\/p>\n<p>Flyktninger som f\u00e5r opphold i Norge, blir bosatt i en kommune, men kan fritt flytte p\u00e5 seg. Men mange flyktninger velger f\u00f8rst \u00e5 flytte etter fem \u00e5r. Da risikerer de nemlig ikke lenger \u00e5 miste introduksjonsst\u00f8naden.<\/p>\n<p>Mer om tallene<\/p>\n<p>Sarpsborg har kartlagt hvor store kommunens utgifter er til prim\u00e6r- og sekund\u00e6rflyktninger.<\/p>\n<p>P\u00e5 tjenesteomr\u00e5dene Nav, barnevern, skole, barnehage, PPT og barn og unge med omfattende bistandsbehov er det for 2024 beregnet utgifter til flyktninger p\u00e5 totalt 360 millioner kroner.<\/p>\n<p><strong>Nav<\/strong><\/p>\n<p>I fjor utgjorde flyktninger 51,1 prosent av alle sosialhjelpsmottakere. M\u00e5lt i kroner sto denne gruppen for 79,1 prosent av de totale utbetalingene av sosialhjelp.<\/p>\n<p><strong>Barnevern<\/strong><\/p>\n<p>I fjor utgjorde flyktninger 31 prosent av alle mottakere i barnevernet. Det tilsvarte 60,6 millioner kroner, som utgjorde 31,4 prosent av de totale utgiftene til barnevernstiltak.<\/p>\n<p><strong>Skoler og barnehager<\/strong><\/p>\n<p>I fjor var totalt 57,1 prosent av barn med individuelt tilpasset oppl\u00e6ring og forsterket norskoppl\u00e6ring i barnehage eller skole flyktninger.<\/p>\n<p><strong>Helse<\/strong><\/p>\n<p>37,8 prosent av barn og unge som mottok avlastning i institusjon i l\u00f8pet av fjor\u00e5ret hadde flyktningbakgrunn, hvorav 31,1 prosent var sekund\u00e6rtilflyttede flyktninger.<\/p>\n<p>(Kilde: Sarpsborg kommune)<\/p>\n<p><strong>Denne typen flytting, kalt sekund\u00e6rbosetting, gir Sarpsborg spesielle utfordringer. \u00c5rsaken er at flyktningene har st\u00f8rre behov for kommunale tjenester enn resten av befolkningen.<\/strong><\/p>\n<p>\u2013 Sekund\u00e6rflyktninger kommer til oss etter fem \u00e5r. Da f\u00f8lger det ikke med noen midler eller ordninger, sier Arnesen.<\/p>\n<p><strong>\u2013 De m\u00e5 ta til takke med standard kommunale tjenester. Det er ogs\u00e5 det eneste vi har \u00e5 tilby. Det f\u00f8rer til et stort trykk p\u00e5 v\u00e5re kommunale tjenester, fortsetter han.<\/strong><\/p>\n<p><img decoding=\"async\"   src=\"data:image\/gif;base64,R0lGODlhAQABAIAAAAAAAP\/\/\/yH5BAEAAAAALAAAAAABAAEAAAIBRAA7\" loading=\"eager\" alt=\"en by med mange bygninger\" title=\"\"\/><\/p>\n<p class=\"no-credit\">\u00d8STLANDET: En tilstr\u00f8mning av sekund\u00e6rflyktninger skaper utfordringer i en rekke kommuner, blant dem Sarpsborg.<\/p>\n<p>\u2013 Kan stille krav<\/p>\n<p>Hamdi Said Christiansen (31) har selv tatt den reisen mange flyktninger tar. Hun ble f\u00f8rst bosatt i Vester\u00e5len i Nordland da hun kom til Norge. Der ble hun i fem \u00e5r, f\u00f8r hun flyttet til Sarpsborg.<\/p>\n<p>N\u00e6rhet til Oslo, Gardermoen og svenskegrensa var noen av grunnene til at familien flyttet.<\/p>\n<p>N\u00e5 har hun bodd i Sarpsborg i 15 \u00e5r \u2013 og jobber som helsefagarbeider ved Sykehuset \u00d8stfold. Hun er ogs\u00e5 ressursperson for andre innvandrerkvinner gjennom et prosjekt som kalles <a href=\"https:\/\/bydelsmor.no\/om-bydelsmodre\/hvor-finnes-vi\" ec-id=\"https:\/\/bydelsmor.no\/om-bydelsmodre\/hvor-finnes-vi\" ec-name=\"bydelsm\u00f8dre\" rel=\"nofollow noopener\" target=\"_blank\">bydelsm\u00f8dre<\/a>.<\/p>\n<p>\u2013 Hva forteller de om grunnen til at de flytter til Sarpsborg?<\/p>\n<p><strong>\u2013 S\u00f8ke n\u00e6rhet rett og slett. Det er jo flere somaliere som bor her enn oppe i nord.<\/strong><\/p>\n<p><img decoding=\"async\"   src=\"data:image\/gif;base64,R0lGODlhAQABAIAAAAAAAP\/\/\/yH5BAEAAAAALAAAAAABAAEAAAIBRAA7\" loading=\"eager\" alt=\"En kvinne i m\u00f8rk frakk og hijab st\u00e5r p\u00e5 fortauet utenfor en bygning. I bakgrunnen er det biler parkert og folk som krysser gaten. Omr\u00e5det ser urbant ut med gressplener og halvm\u00f8rkt v\u00e6r. Bygningens fasade er i gule og glassfargede materialer.\" title=\"Foto: William Jobling \/ NRK\"\/><\/p>\n<p class=\"\">\u00abBYDELSMOR\u00bb: Hamdi Christiansen har selv flyttet til Sarpsborg etter f\u00f8rst \u00e5 ha blitt bosatt i Nord-Norge.<\/p>\n<p>Foto: William Jobling \/ NRK<\/p>\n<p>Hun er selv urolig for utviklingen, med tanke p\u00e5 barn som vokser opp under fattigdomsgrensa, faren for utenforskap og rekruttering til kriminelle milj\u00f8er.<\/p>\n<p><strong>\u2013 Jeg skj\u00f8nner at folk s\u00f8ker tilh\u00f8righet og flytter til fellesskap, men det beste hadde v\u00e6rt om man hadde f\u00e5tt seg en jobb f\u00f8r man flyttet og ikke regner med hjelp fra Nav. Vi ser at det \u00f8delegger budsjettet her i Sarpsborg.<\/strong><\/p>\n<p>\u2013 Hva kan gj\u00f8res? <\/p>\n<p>\u2013 Stoppe sekund\u00e6rflyttingen? Men man har jo rett til \u00e5 flytte p\u00e5 seg i Norge, s\u00e5 man kan jo ikke nekte noen \u00e5 flytte hit. Men det g\u00e5r an \u00e5 stille krav om at man m\u00e5 ha jobb og bolig f\u00f8r man flytter, sier hun.<\/p>\n<p>\u2013 Kan knapt skrive<\/p>\n<p>Rektor Paal Olav Lislerud p\u00e5 Sandesundsveien barneskole i Sarpsborg sentrum jobber hver dag med \u00e5 h\u00e5ndtere utfordringene p\u00e5 en skole med barn fra 46 ulike land, mange av dem sekund\u00e6rflyktninger.<\/p>\n<p><strong>Forrige skole\u00e5r kom 71 nye elever inn, mens 51 forsvant ut. 11 elever kom ikke tilbake etter sommerferien.<\/strong><\/p>\n<p>Mange av de 450 elevene har traumer, adferdsutfordringer og diagnoser. F\u00e5 av dem som kommer, kan lese og skrive godt norsk, forklarer rektoren.<\/p>\n<p><img decoding=\"async\"   src=\"data:image\/gif;base64,R0lGODlhAQABAIAAAAAAAP\/\/\/yH5BAEAAAAALAAAAAABAAEAAAIBRAA7\" loading=\"eager\" alt=\"En person st\u00e5r foran en lekeplass med rutsjebane og svinger. Omgivelsene er en boligomr\u00e5de med tre bygninger synlige i bakgrunnen. V\u00e6rforholdene ser ut til \u00e5 v\u00e6re kj\u00f8lige. Det er lite aktivitet p\u00e5 lekeplassen.\" title=\"Foto: William Jobling \/ NRK\"\/><\/p>\n<p class=\"\">UTFORDRINGER: Mange elever som kommer til Sandesundsveien barneskole i Sarpsborg, kan knapt skrive n\u00e5r de er ferdig med 7. trinn, forklarer rektor Paal Lislerud.<\/p>\n<p>Foto: William Jobling \/ NRK<\/p>\n<p>\u2013 N\u00e5r over halvparten, kanskje tre firedeler, sliter med norsk, blir det en stor utfordring for l\u00e6rerne \u00e5 h\u00e5ndtere dette, sier Lislerud.<\/p>\n<p><strong>\u2013 De elevene vi har p\u00e5 skolen fra 1. klasse, g\u00e5r over til ungdomsskolen med brukbare ferdigheter. Men vi har elever som har flyttet hitt i 4.\u20137. trinn som knapt kan skrive en hel forst\u00e5elig setning p\u00e5 et ark.<\/strong><\/p>\n<p>Men rektoren nekter \u00e5 gi opp \u2013 og ber myndighetene se mulighetene som ligger i \u00e5 lykkes:<\/p>\n<p>\u2013 Det er ikke en stor utgift, men en stor investering i fremtiden til barna og Norge. Uten at de blir gode til \u00e5 lese, vil de ikke f\u00e5 en jobb.<\/p>\n<p>M\u00e5 ta grep<\/p>\n<p>Staten har fors\u00f8kt \u00e5 b\u00f8te p\u00e5 problemet med \u00e5 \u00f8ke integreringstilskuddet, en st\u00f8tte kommunene f\u00e5r for \u00e5 ta imot flyktninger.<\/p>\n<p><strong>Men med et stort antall \u00abekstraflyktninger\u00bb er det fortsatt et stort gap mellom merutgiftene og det staten kompenserer for.<\/strong><\/p>\n<p>Ordf\u00f8rerne i Sarpsborg og Fredrikstad har bedt om et eget m\u00f8te med regjeringen om problemene med tilflyttingen av sekund\u00e6rflyktninger.<\/p>\n<p><img decoding=\"async\"   src=\"data:image\/gif;base64,R0lGODlhAQABAIAAAAAAAP\/\/\/yH5BAEAAAAALAAAAAABAAEAAAIBRAA7\" loading=\"eager\" alt=\"To personer st\u00e5r og snakker utend\u00f8rs, mens en tredje person lytter. Omgivelsene har planter og en bygning i bakgrunnen. Det er kveld, og det er svakt opplyst. Personene er kledd i vinterkl\u00e6r.\" title=\"Foto: William Jobling \/ NRK\"\/><\/p>\n<p class=\"\">GREP: Statsr\u00e5d Kjersti Stenseng (til venstre) m\u00f8tte Sarpsborg-ordf\u00f8rer Magnus Arnesen denne uken.<\/p>\n<p>Foto: William Jobling \/ NRK<\/p>\n<p>Og mandag kom arbeids- og integreringsminister Kjersti Stenseng (Ap) og kommunal- og distriktsminister Bj\u00f8rnar Skj\u00e6ran (Ap) ens \u00e6rend til Fredrikstad for \u00e5 m\u00f8te ordf\u00f8rerne.<\/p>\n<p>\u2013 Det er en utfordring at andelen som er i jobb, er lavere enn i befolkningen for \u00f8vrig. Det er utfordringer med spr\u00e5k og opphopning av levek\u00e5rsutfordringer, sier Kjersti Stenseng til NRK.<\/p>\n<p>Men hun er ikke enig med ordf\u00f8rer Arnesen i at integreringspolitikken er feilsl\u00e5tt.<\/p>\n<p>\u2013 Nei, det er jeg ikke enig i. VI har veldig mange gode eksempler p\u00e5 at folk som kommer hit til landet l\u00e6rer seg spr\u00e5ket og kommer i arbeid, sier hun. <\/p>\n<p>Stenseng peker p\u00e5 tre grep regjeringen n\u00e5 tar:<\/p>\n<ul>\n<li>En ny <a href=\"https:\/\/www.nrk.no\/norge\/regjeringen-skjerper-kravene_-vil-ha-ny-integreringskontrakt-1.17606760\" ec-id=\"pp:article:1.17606760\" ec-name=\"integreringserkl\u00e6ring\" rel=\"nofollow noopener\" target=\"_blank\">integreringserkl\u00e6ring<\/a>, med klarere krav til flyktninger.<\/li>\n<li>De s\u00e5kalte <a href=\"https:\/\/www.regjeringen.no\/no\/aktuelt\/strengere-signaler-for-bosetting-av-flyktninger-i-norske-kommuner\/id3125872\/\" ec-id=\"https:\/\/www.regjeringen.no\/no\/aktuelt\/strengere-signaler-for-bosetting-av-flyktninger-i-norske-kommuner\/id3125872\/\" ec-name=\"Anmodningskriteriene\" rel=\"nofollow noopener\" target=\"_blank\">Anmodningskriteriene<\/a> er endret: Kommuner bes unng\u00e5 bosetting i omr\u00e5der med store levek\u00e5rsutfordringer og h\u00f8y innvandrerandel. Det skal ogs\u00e5 tas hensyn til kommuner som mottar stor grad av sekund\u00e6rflytting.<\/li>\n<li>Stenseng varsler ogs\u00e5 tydeligere arbeidsretting av introduksjonsprogrammet, for \u00e5 f\u00e5 flere i jobb.<\/li>\n<\/ul>\n<ul data-scroll-container=\"\" role=\"list\">\n<li><img alt=\"Erlend Wiborg med et alvorlig uttrykk\"  width=\"3840\" height=\"2160\" loading=\"lazy\"\/>\n<p>\n        Truls Skram Ler\u00f8 \/ NRK\n      <\/p>\n<p>Stortingsrepresentant Erlend Wiborg (Frp)<\/p>\n<p>\u2013 Den totale innvandringen til Norge, spesielt i byene her p\u00e5 \u00d8stlandet og i \u00d8stfold, har v\u00e6rt altfor h\u00f8y\u00a0og kommer til \u00e5 v\u00e6re veldig h\u00f8y i \u00e5rene fremover ogs\u00e5, hvis vi ikke n\u00e5 strammer inn.<\/p>\n<p>\u2013 Det er en utfordring at dette koster kommunene masse penger. \u00d8stfold-kommunene og andre kommuner holder n\u00e5 p\u00e5 med \u00e5 legge ned skoler og sykehjem. Det er en t\u00f8ff \u00f8konomisk situasjon.<\/p>\n<\/li>\n<li><img alt=\"Simen Nord er ny ordf\u00f8rer i Moss. \"  width=\"3840\" height=\"2160\" loading=\"lazy\"\/>\n<p>\n        Julie Helene G\u00fcnther \/ NRK\n      <\/p>\n<p>Moss-ordf\u00f8rer Simen Nord (H)<\/p>\n<p>\u2013 Vi har bosatt veldig mange og heldigvis hatt gode resultater med det. Men n\u00e5 mener kommunedirekt\u00f8ren at vi b\u00f8r tilbake til et mer normalt niv\u00e5, sier han.<\/p>\n<p>\u2013 Vi ser en \u00f8kende utfordring med sekund\u00e6rbosetting. Det er krevende for kommunen \u00e5 h\u00e5ndtere. Og det kan presse oss p\u00e5 ulike deler av kommunens tjenester n\u00e5r totalantallet blir stort nok.<\/p>\n<\/li>\n<li><img alt=\"Stortingets sp\u00f8rretime\"  width=\"3840\" height=\"2155\" loading=\"lazy\"\/>\n<p>\n        Stian Lysberg Solum \/ NTB\n      <\/p>\n<p>Stortingsrepresentant Tage Pettersen (H)<\/p>\n<p>\u2013 H\u00f8yre er tydelig p\u00e5 at det m\u00e5 v\u00e6re opp til kommunene \u00e5\u00a0 si nei (til \u00e5 ta imot flyktninger). Vi har sagt at gode grunner for \u00e5 kunne si nei, er at du har levek\u00e5rsutsatte omr\u00e5der. <\/p>\n<p>\u2013 Har du en bydel, eventuelt en kommune, hvor innvandrerandelen passerer 25 prosent, m\u00e5 det ogs\u00e5 v\u00e6re utgangspunkt for \u00e5 kunne si nei til bosetting.<\/p>\n<\/li>\n<\/ul>\n<p>Vil ikke stoppe<\/p>\n<p>Men Stenseng har ingen planer om \u00e5 sette en stopper for sekund\u00e6rflytting, slik Frp har tatt til orde for.<\/p>\n<p>\u2013 Etter den fem\u00e5rsperioden kan vi ikke behandle folk som har bodd i Norge hele livet og de som har kommet hit for fem \u00e5r siden, forskjellig, sier hun.<\/p>\n<p><strong>Samtidig er det et samstemt krav fra Aps budsjettpartnere p\u00e5 Stortinget at kommune\u00f8konomien m\u00e5 styrkes med flere milliarder.<\/strong><\/p>\n<p>Situasjonen gj\u00f8r at Sarpsborg n\u00e5 dessuten f\u00f8ler seg tvunget til \u00e5 ta grep p\u00e5 egen h\u00e5nd.<\/p>\n<p>Blant anbefalingen fra kommunedirekt\u00f8ren til politikerne i bystyret er \u00e5 avvikle et bemannet bofellesskap for enslige mindre\u00e5rige asyls\u00f8kere. \u00c5rsaken er at flere enslige mindre\u00e5rige har f\u00e5tt \u00abuforutsigbare\u00bb og \u00absv\u00e6rt kostnadskrevende\u00bb familiegjenforening.<\/p>\n<p>Administrasjonen vil ogs\u00e5 at Sarpsborg begrenser antall flyktninger som bosettes i f\u00f8rste omgang, gjennom det som heter prim\u00e6rbosetting. I tillegg anbefales kommunen \u00e5 be regjeringen om hjelp til \u00e5 utvikle nye rammer og regler for flytting mellom kommuner.<\/p>\n<p>Publisert<\/p>\n<p>20.11.2025, kl. 07.37<\/p>\n<p>Oppdatert<\/p>\n<p>20.11.2025, kl. 08.04<\/p>\n","protected":false},"excerpt":{"rendered":"\u2013 Kommunedirekt\u00f8ren legger fram tall som jeg mener peker p\u00e5 at integreringspolitikken i Norge ikke fungerer. Den er&hellip;\n","protected":false},"author":2,"featured_media":91652,"comment_status":"","ping_status":"","sticky":false,"template":"","format":"standard","meta":{"footnotes":""},"categories":[10],"tags":[20,21,24,25,15,22,23,13,30,28,29,14,16,26,27],"class_list":{"0":"post-91651","1":"post","2":"type-post","3":"status-publish","4":"format-standard","5":"has-post-thumbnail","7":"category-norge","8":"tag-breaking-news","9":"tag-breakingnews","10":"tag-featured-news","11":"tag-featurednews","12":"tag-headlines","13":"tag-latest-news","14":"tag-latestnews","15":"tag-news","16":"tag-no","17":"tag-norge","18":"tag-norway","19":"tag-nyheter","20":"tag-overskrifter","21":"tag-top-stories","22":"tag-topstories"},"share_on_mastodon":{"url":"https:\/\/pubeurope.com\/@no\/115580947898851070","error":""},"_links":{"self":[{"href":"https:\/\/www.europesays.com\/no\/wp-json\/wp\/v2\/posts\/91651","targetHints":{"allow":["GET"]}}],"collection":[{"href":"https:\/\/www.europesays.com\/no\/wp-json\/wp\/v2\/posts"}],"about":[{"href":"https:\/\/www.europesays.com\/no\/wp-json\/wp\/v2\/types\/post"}],"author":[{"embeddable":true,"href":"https:\/\/www.europesays.com\/no\/wp-json\/wp\/v2\/users\/2"}],"replies":[{"embeddable":true,"href":"https:\/\/www.europesays.com\/no\/wp-json\/wp\/v2\/comments?post=91651"}],"version-history":[{"count":0,"href":"https:\/\/www.europesays.com\/no\/wp-json\/wp\/v2\/posts\/91651\/revisions"}],"wp:featuredmedia":[{"embeddable":true,"href":"https:\/\/www.europesays.com\/no\/wp-json\/wp\/v2\/media\/91652"}],"wp:attachment":[{"href":"https:\/\/www.europesays.com\/no\/wp-json\/wp\/v2\/media?parent=91651"}],"wp:term":[{"taxonomy":"category","embeddable":true,"href":"https:\/\/www.europesays.com\/no\/wp-json\/wp\/v2\/categories?post=91651"},{"taxonomy":"post_tag","embeddable":true,"href":"https:\/\/www.europesays.com\/no\/wp-json\/wp\/v2\/tags?post=91651"}],"curies":[{"name":"wp","href":"https:\/\/api.w.org\/{rel}","templated":true}]}}