{"id":91664,"date":"2025-11-20T08:07:21","date_gmt":"2025-11-20T08:07:21","guid":{"rendered":"https:\/\/www.europesays.com\/no\/91664\/"},"modified":"2025-11-20T08:07:21","modified_gmt":"2025-11-20T08:07:21","slug":"julekalender-med-alkohol-refses-en-darlig-plan","status":"publish","type":"post","link":"https:\/\/www.europesays.com\/no\/91664\/","title":{"rendered":"Julekalender med alkohol refses: &#8211; En d\u00e5rlig plan"},"content":{"rendered":"<p>    Kort fortalt<\/p>\n<p lang=\"nb-NO\">Vinmonopolet selger en julekalender med 24 sm\u00e5 flasker akevitt, noe som har skapt debatt.<\/p>\n<p lang=\"nb-NO\">Alkoholvettorganisasjoner som Actis og Av-og-til, mener produktet kan normalisere daglig alkoholinntak i desember.<\/p>\n<p lang=\"nb-NO\">Det Norske Brenneri forsvarer kalenderen som en smakskasse for \u00e5 fremme norsk akevittkultur.<\/p>\n<p lang=\"nb-NO\">Vinmonopolet sier at produktet er lovlig.<\/p>\n<p class=\"italic ai-disclaimer\" data-lab-italic=\"italic\">Sammendraget er laget av ChatGPT og godkjent av DinSide.<\/p>\n<p>      Vis mer<br \/>\n      Vis mindre<\/p>\n<p>N\u00e5r vi n\u00e5 snart entrer desember, er det i hvert fall \u00e9n ting som er klart:\u00a0<\/p>\n<p>Det er ikke mangel p\u00e5 utvalg n\u00e5r det kommer til jule- og adventskalendere.\u00a0<\/p>\n<p>Sminke, hudpleie, godteri, te, kaffe, leket\u00f8y &#8211; og for den saks skyld mer voksne varianter. Lista fortsetter n\u00e6rmest i det uendelige.\u00a0<\/p>\n<p>    <a itemprop=\"url\" href=\"https:\/\/dinside.dagbladet.no\/okonomi\/lop-og-fyll-fryseren\/83862906\" rel=\"nofollow noopener\" target=\"_blank\"><\/p>\n<p>      <img loading=\"lazy\" decoding=\"async\" src=\"https:\/\/www.europesays.com\/no\/wp-content\/uploads\/2025\/11\/1763626030_98_83862922.webp\" width=\"147\" height=\"98\" title=\"Full priskrig\" alt=\"\" class=\"lazyload\" style=\"--aspect-ratio-image: 1.50; \"\/><\/p>\n<p>        Full priskrig<\/p>\n<p>    <\/a><\/p>\n<p>Ogs\u00e5 julekalendere med ulikt innhold av alkohol, som \u00f8l, vin og brennevin, er etterspurt blant nordmenn.\u00a0\u00a0<\/p>\n<p>&#8211; En ganske tydelig holdning\t<\/p>\n<p>Hos Vinmonopolet selges det blant annet en variant med en rekke typer norsk akevitt.\u00a0<\/p>\n<p>Det f\u00e5r flere til \u00e5 reagere.\u00a0<\/p>\n<p>Rusfeltets samarbeidsorgan Actis kaller det en\u00a0\u00abd\u00e5rlig plan\u00bb.<\/p>\n<p>&#8211; N\u00e5r vi vet at jula er en h\u00f8ytid der folk gjerne drikker litt mer enn normalt i l\u00f8pet av en kortere periode, er det dumt \u00e5 starte m\u00e5neden med et alkoholinntak hver dag, sier generalsekret\u00e6r Inger Lise Hansen til DinSide.<\/p>\n<p>        <img loading=\"lazy\" decoding=\"async\" itemprop=\"image\" src=\"https:\/\/www.europesays.com\/no\/wp-content\/uploads\/2025\/11\/83873773.webp\" width=\"180\" height=\"180\" alt=\"&lt;br&gt;Inger Lise Hansen\"\/><\/p>\n<p>Inger Lise Hansen<br \/>\n            <br \/>Inger Lise<br \/>\n            Hansen        <\/p>\n<p>Generalsekret\u00e6r i Actis<\/p>\n<p>Hansen frykter at kalenderen kan v\u00e6re med p\u00e5 \u00e5 normalisere et daglig inntak av alkohol.<\/p>\n<p>&#8211; Her er det en tydelig anbefaling om akevitt hver eneste dag. Jeg regner ikke med at vi snakker om veldig store mengder, men dette er en ganske tydelig holdning. Det er ikke innafor det som er ansvarlig for en akt\u00f8r som driver alkoholsalg, mener Hansen.<\/p>\n<p>          <img loading=\"lazy\" decoding=\"async\" src=\"https:\/\/www.europesays.com\/no\/wp-content\/uploads\/2025\/11\/83872807.webp\" width=\"686\" height=\"488\" title=\"SKEPTISK: Generalsekret\u00e6r i Actis, Inger Lise Hansen, mener kalenderen kan v\u00e6re med p\u00e5 \u00e5 normalisere et daglig inntak. Foto: Kirsti \u00d8stvang \/ DinSide\" alt=\"\" class=\"\" style=\"--aspect-ratio-image: 1.41; \"\/><\/p>\n<p>\n          SKEPTISK: Generalsekret\u00e6r i Actis, Inger Lise Hansen, mener kalenderen kan v\u00e6re med p\u00e5 \u00e5 normalisere et daglig inntak. Foto: Kirsti \u00d8stvang \/ DinSide\n      <\/p>\n<p><a href=\"https:\/\/www.nrk.no\/nordland\/av-og-til-reagerer-pa-vinmonopolet-sin-julekalender-med-akevitt-i-desember-1.17650183\" target=\"_blank\" rel=\"nofollow noopener\">NRK<\/a>\u00a0omtalte saken f\u00f8rst.\u00a0<\/p>\n<p>Inger Lise Hansen synes derfor at Vinmonopolet burde ha tatt en ekstra runde f\u00f8r de tilb\u00f8d slike julekalendere til kundene.\u00a0<\/p>\n<p>&#8211; Det er ikke i tr\u00e5d med det \u00e5 v\u00e6re en ansvarlig akt\u00f8r som skal begrense og regulere salget av alkohol, for det er jo nettopp det polets rolle og oppdrag er.\u00a0<\/p>\n<p class=\"italic m-italic\" data-lab-italic=\"italic\">Les hva Vinmonopolet sier om kritikken lenger ned i artikkelen.\u00a0<\/p>\n<p>&#8211; Litt voldsomt med 24 akevitter\t<\/p>\n<p>Da DinSide m\u00f8tte akevitt-entusiastene\u00a0Tore \u00d8stnes\u00a0og\u00a0Nils Petter Str\u00f8mmen\u00a0p\u00e5 Oslo City onsdag formiddag, var de p\u00e5 vei for \u00e5 handle inn til akevitt-smaking p\u00e5 jobben. \u00c5rets kalender stod imidlertid ikke p\u00e5 handlelista.<\/p>\n<p>&#8211; Jeg har hatt en s\u00e5nn en gang, og det er litt voldsomt med 24 akevitter hjemme, sier \u00d8stnes og ler.<\/p>\n<p>&#8211; Hvis du ikke vil drikke 24, s\u00e5 kan du jo g\u00e5 ned til ti, legger han til, med henvisning til\u00a0Brenneriets Juletre\u00a0&#8211; en mindre variant med ti av produsentens beste juleakevitter, fire centiliter i hver flaske.\u00a0<\/p>\n<p>    <a itemprop=\"url\" href=\"https:\/\/dinside.dagbladet.no\/reise\/bytter-snart-drakter\/83869381\" rel=\"nofollow noopener\" target=\"_blank\"><\/p>\n<p>      <img loading=\"lazy\" decoding=\"async\" src=\"https:\/\/www.europesays.com\/no\/wp-content\/uploads\/2025\/11\/1763626033_202_83869784.webp\" width=\"147\" height=\"98\" title=\"Bytter\" alt=\"\" class=\"lazyload\" style=\"--aspect-ratio-image: 1.50; \"\/><\/p>\n<p>        Bytter<\/p>\n<p>    <\/a><\/p>\n<p>Den st\u00f8rre kalenderen,\u00a024 Norske Akevitter 2025, inneholder 23 flasker p\u00e5 to centiliter og \u00e9n p\u00e5 fire centiliter.<\/p>\n<p>\u00d8stnes forteller at han tidligere har kj\u00f8pt kalenderen, men at den ikke bare inneholdt norske akevitter.<\/p>\n<p>&#8211; Jeg fikk med noen jeg ikke er s\u00e5 glad i, sier han.<\/p>\n<p>          <img loading=\"lazy\" decoding=\"async\" src=\"https:\/\/www.europesays.com\/no\/wp-content\/uploads\/2025\/11\/83872806.webp\" width=\"686\" height=\"769\" title=\"P\u00c5 AKEVITT-SHOPPING: Akevitt-entusiastene Tore \u00d8stnes og Nils Petter Str\u00f8mmen var innom Vinmonopolet p\u00e5 Oslo City onsdag for \u00e5 handle inn til akevitt-smaking p\u00e5 jobben, men \u00e5rets julekalender sto ikke p\u00e5 handlelista. Foto: Kirsti \u00d8stvang \/ DinSide\" alt=\"\" class=\"\" style=\"--aspect-ratio-image: 0.89; \"\/><\/p>\n<p>\n          P\u00c5 AKEVITT-SHOPPING: Akevitt-entusiastene Tore \u00d8stnes og Nils Petter Str\u00f8mmen var innom Vinmonopolet p\u00e5 Oslo City onsdag for \u00e5 handle inn til akevitt-smaking p\u00e5 jobben, men \u00e5rets julekalender sto ikke p\u00e5 handlelista. Foto: Kirsti \u00d8stvang \/ DinSide\n      <\/p>\n<p>P\u00e5 jobben skal de to ha en egen akevitt-smaking.<\/p>\n<p>&#8211; Vi jobber med markedsanalyse, s\u00e5 vi f\u00e5r vel si at vi analyserer akevitten, sp\u00f8ker \u00d8stnes.<\/p>\n<p>&#8211; Det er ikke mye spytting der, nei. Det blir god stemning, legger han til.<\/p>\n<p>Selv beskriver \u00d8stnes seg som en ivrig akevitt-entusiast.<\/p>\n<p>&#8211; Jeg synes det er mye morsom akevitt. Jeg har faktisk to store flasker st\u00e5ende p\u00e5 hytta, s\u00e5 alle som kommer innom f\u00e5r smake, sier han.<\/p>\n<p>        NYTT: Det er ikke mange som har f\u00e5tt med seg dette! Video: Embla Hjort-Larsen<\/p>\n<p>Kritikken mot julekalenderen bekymrer ham lite.<\/p>\n<p>&#8211; Den kritikken har jo v\u00e6rt der f\u00f8r. Jeg synes folk ser ut til \u00e5 ta det med ro. Det er jo ikke en \u00abjule-julekalender\u00bb, sier \u00d8stnes.<\/p>\n<p>&#8211; Hvis man drikker en s\u00e5nn over 24 dager, s\u00e5 blir det jo ikke som \u00e5 drikke alt p\u00e5 \u00e9n gang. Det er jo bare sm\u00e5 smakspr\u00f8ver.<\/p>\n<p>    <a itemprop=\"url\" href=\"https:\/\/dinside.dagbladet.no\/fritid\/kraftig-advarsel-gift\/83847524\" rel=\"nofollow noopener\" target=\"_blank\"><\/p>\n<p>      <img loading=\"lazy\" decoding=\"async\" src=\"https:\/\/www.europesays.com\/no\/wp-content\/uploads\/2025\/11\/1763626034_252_83847545.webp\" width=\"147\" height=\"98\" title=\"Styr unna n\u00e5!\" alt=\"\" class=\"lazyload\" style=\"--aspect-ratio-image: 1.50; \"\/><\/p>\n<p>        Styr unna n\u00e5!<\/p>\n<p>    <\/a><\/p>\n<p>&#8211; 90 000 grunner\u00a0\t<\/p>\n<p>Tall fra <a href=\"https:\/\/www.helsedirektoratet.no\/rapporter\/utviklingen-i-norsk-kosthold-2024\/energi-og-naeringsstoffer\/alkohol\" target=\"_blank\" rel=\"nofollow noopener\">Helsedirektoratet<\/a> viser at det ble omsatt 6,16 liter rein alkohol per person over 15 \u00e5r i 2024.\u00a0<\/p>\n<p>Nordmenn handlet rundt 12 millioner vareliter brennevin samme \u00e5r, if\u00f8lge <a href=\"https:\/\/www.ssb.no\/varehandel-og-tjenesteyting\/varehandel\/statistikk\/alkoholomsetning\" target=\"_blank\" rel=\"nofollow noopener\">SSB<\/a>.\u00a0<\/p>\n<p>Desember er en av m\u00e5nedene med h\u00f8yest salg p\u00e5 Vinmonopolet.\u00a0<\/p>\n<p>          <img loading=\"lazy\" decoding=\"async\" src=\"https:\/\/www.europesays.com\/no\/wp-content\/uploads\/2025\/11\/83872802.webp\" width=\"686\" height=\"501\" title=\"24 SM\u00c5: Akevitt-kalenderen inneholder 23 sm\u00e5 flasker p\u00e5 to centiliter. I luke 24 finner du en noe st\u00f8rre variant, men til sammen inneholder kalenderen en halv liter med brennevin. Foto: Kirsti \u00d8stvang \/ DinSide\" alt=\"\" class=\"\" style=\"--aspect-ratio-image: 1.37; \"\/><\/p>\n<p>\n          24 SM\u00c5: Akevitt-kalenderen inneholder 23 sm\u00e5 flasker p\u00e5 to centiliter. I luke 24 finner du en noe st\u00f8rre variant, men til sammen inneholder kalenderen en halv liter med brennevin. Foto: Kirsti \u00d8stvang \/ DinSide\n      <\/p>\n<p>Alkovettorganisasjonen Av-og-til mener at det \u00e5 telle ned til julaften med alkohol hver dag, er en d\u00e5rlig id\u00e9. <\/p>\n<p>&#8211;\u00a0Akevitt er en viktig juletradisjon for mange, men det er stor forskjell p\u00e5 glasset til ribba p\u00e5 julaften og \u00e5 telle ned til jul med sprit hver dag i desember. Desember er allerede en m\u00e5ned med mange anledninger til \u00e5 drikke, men det er ogs\u00e5 mange helt vanlige hverdager, sier\u00a0generalsekret\u00e6r Ragnhild Kaski til DinSide.<\/p>\n<p>Hun p\u00e5peker at slike produkter har v\u00e6rt i salg i flere \u00e5r, og at organisasjonen gjentatte ganger har problematisert dette.\u00a0<\/p>\n<p>        <img loading=\"lazy\" decoding=\"async\" itemprop=\"image\" src=\"https:\/\/www.europesays.com\/no\/wp-content\/uploads\/2025\/11\/83873806.webp\" width=\"180\" height=\"180\" alt=\"&lt;br&gt;Ragnhild Kaski\"\/><\/p>\n<p>Ragnhild Kaski<br \/>\n            <br \/>Ragnhild<br \/>\n            Kaski        <\/p>\n<p>Generalsekret\u00e6r i Av-og-til<\/p>\n<p>&#8211;\u00a0Signalet som sendes ved \u00e5 tilby spritkalendere mener vi er uheldig, s\u00e6rlig med tanke p\u00e5 alle barna som allerede opplever at mamma eller pappa har litt for mange grunner til \u00e5 drikke mer i desember, sier hun og fortsetter:\u00a0<\/p>\n<p>&#8211;\u00a090\u00a0000 barn i Norge vokser opp med en mamma eller pappa som drikker for mye alkohol. Det er minst 90\u00a0000 gode grunner til \u00e5 ikke f\u00f8re dette produktet, og at Det norske brenneri tjener penger er ikke noe godt motargument. <\/p>\n<p>&#8211; Sv\u00e6rt problematisk\t<\/p>\n<p>Utvalget av akevitt-kalendere er bredt.\u00a0<\/p>\n<p>P\u00e5 Vinmonopolet p\u00e5 Oslo City fant DinSide blant annet en variant der nedtellingen til julaften er markert dag for dag p\u00e5 flaska.\u00a0<\/p>\n<p>          <img loading=\"lazy\" decoding=\"async\" src=\"https:\/\/www.europesays.com\/no\/wp-content\/uploads\/2025\/11\/83872803.webp\" width=\"686\" height=\"824\" title=\"FLERE VARIANTER: Det er ikke bare den tradisjonelle med luker som er \u00e5 finne i julekalender-utvalget. Foto: Kirsti \u00d8stvang \/ DinSide\" alt=\"\" class=\"\" style=\"--aspect-ratio-image: 0.83; \"\/><\/p>\n<p>\n          FLERE VARIANTER: Det er ikke bare den tradisjonelle med luker som er \u00e5 finne i julekalender-utvalget. Foto: Kirsti \u00d8stvang \/ DinSide\n      <\/p>\n<p>B\u00e5de Actis og Av-og-til mener at Vinmonopolet &#8211; og produsentene &#8211; b\u00f8r vise st\u00f8rre samfunnsansvar.<\/p>\n<p>&#8211; Dette er et produkt som jeg tenker at de ikke trenger \u00e5 selge. Det er jo laget av akt\u00f8rer som \u00f8nsker \u00e5 promotere sine produkter, og det i seg selv tenker jeg er sv\u00e6rt problematisk. Det er noe med \u00e5 ha en viss forst\u00e5else om alvoret rundt dette, sier Hansen i Actis.\u00a0<\/p>\n<p> &#8211; Vinmonopolet peker p\u00e5 at det er et lovlig produkt, og at de dermed er forpliktet til \u00e5 selge det. Samtidig skulle vi \u00f8nske at noen tok samfunnsansvar og et etisk valg om \u00e5 ikke tilby produktet &#8211; om det er polet eller produsenten \u00abDet norske brenneri\u00bb, mener Kaski i\u00a0Av-og-til.<\/p>\n<p>    <a itemprop=\"url\" href=\"https:\/\/dinside.dagbladet.no\/okonomi\/hardner-til-allerede-kuttet\/83858145\" rel=\"nofollow noopener\" target=\"_blank\"><\/p>\n<p>      <img loading=\"lazy\" decoding=\"async\" src=\"https:\/\/www.europesays.com\/no\/wp-content\/uploads\/2025\/11\/1763626037_134_83858241.webp\" width=\"980\" height=\"441\" title=\"Hardner til: - Allerede kuttet\" alt=\"\" class=\"lazyload\" style=\"--aspect-ratio-image: 2.22; \"\/><\/p>\n<p>        Hardner til: &#8211; Allerede kuttet<\/p>\n<p>    <\/a><\/p>\n<p> Landssjefen for Anora Norge &#8211; som produserer Gilde Juleaquavit &#8211; forteller at det er et tradisjonsrikt produkt, med flere ulike designelementer p\u00e5 flaska, som samlet gir et nostalgisk uttrykk mot advent og jul.\u00a0<\/p>\n<p>&#8211; Anora er opptatt av \u00e5 fremme en ansvarlig drikkekultur, spesielt i h\u00f8ytider som jula og oppfordrer dermed til et moderat alkoholforbruk, sier Holger Gramstad til DinSide.<\/p>\n<p>&#8211; Skivebom fra avholdsbevegelsen\t<\/p>\n<p>Grunder og akevittansvarlig i Det Norske Brenneri,\u00a0Odd Johan Nelvik\u00a0&#8211; tidligere redakt\u00f8r i\u00a0Se og H\u00f8r\u00a0&#8211; mener kritikken bommer fullstendig.<\/p>\n<p>&#8211; Dette er skivebom fra avholdsbevegelsen. \u00ab24 akevitter fra hele Norge\u00bb er en smakskasse for \u00e5 vise mangfoldet i norsk akevittproduksjon. Og akevitt er norsk drikkekultur. Ti destillerier fra Lyngen i nord til Grimstad i s\u00f8r er representert med en miniatyrflaske eller to &#8211; til sammen en halvliter brennevin til rundt 800 kroner.\u00a0<\/p>\n<p>        <img loading=\"lazy\" decoding=\"async\" itemprop=\"image\" src=\"https:\/\/www.europesays.com\/no\/wp-content\/uploads\/2025\/11\/83874203.webp\" width=\"180\" height=\"180\" alt=\"&lt;br&gt;Odd Johan Nelvik\"\/><\/p>\n<p>Odd Johan Nelvik<br \/>\n            <br \/>Odd Johan<br \/>\n            Nelvik        <\/p>\n<p>Grunder og akevittansvarlig i Det Norske Brenneri<br \/>Foto: Werner Juvik<\/p>\n<p>Han mener kritikerne overser poenget med produktet.<\/p>\n<p>&#8211; Jeg tror avholdsfolket m\u00e5 ta en ny tur p\u00e5 polet. Der vil de finne treliters vodka bag-in-boks til rundt 235 kroner per halvliter. Da snakker vi volum. Miniatyrformatet inneb\u00e6rer sm\u00e5 mengder, og er faktisk den mest ansvarlige m\u00e5ten \u00e5 introdusere kvalitetsbrennevin p\u00e5, sier Nelvik.<\/p>\n<p>    <a itemprop=\"url\" href=\"https:\/\/dinside.dagbladet.no\/fritid\/skaper-reaksjoner-ki-og-uten-sjel\/83840905\" rel=\"nofollow noopener\" target=\"_blank\"><\/p>\n<p>      <img loading=\"lazy\" decoding=\"async\" src=\"https:\/\/www.europesays.com\/no\/wp-content\/uploads\/2025\/11\/1763626038_644_83845254.webp\" width=\"147\" height=\"98\" title=\"Skaper reaksjoner: - KI og uten sjel\" alt=\"\" class=\"lazyload\" style=\"--aspect-ratio-image: 1.50; \"\/><\/p>\n<p>        Skaper reaksjoner: &#8211; KI og uten sjel<\/p>\n<p>    <\/a><\/p>\n<p>Han forteller at kalenderen har v\u00e6rt p\u00e5 markedet i flere \u00e5r, og at den er godt mottatt blant akevittkjennere som \u00f8nsker \u00e5 utforske de mange akevittene som finnes. <\/p>\n<p>&#8211; Det er tross alt bedre \u00e5 teste en miniatyrflaske enn en helflaske. Det tror jeg faktisk b\u00e5de vi som produsenter og avholdsfolket kan bli enige om, sier han.<\/p>\n<p>If\u00f8lge Nelvik handler produktet om l\u00e6ring, ikke underholdning.<\/p>\n<p>&#8211; \u00ab24 akevitter fra hele Norge\u00bb har nok liten underholdningsverdi. Form\u00e5let er l\u00e6ring, ikke daglig eller h\u00f8yt forbruk. Vi kjenner til flere som smaker sammen, gjerne p\u00e5 Teams. De diskuterer smaken og gir terningskast. Kanskje finner de en ny favoritt &#8211; eller akevitter de slett ikke liker. Slik er det \u00e5 ha et ansvarlig forhold til brennevin, mener han.<\/p>\n<p>    <a itemprop=\"url\" href=\"https:\/\/dinside.dagbladet.no\/okonomi\/ikke-sett-maken\/83847688\" rel=\"nofollow noopener\" target=\"_blank\"><\/p>\n<p>      <img loading=\"lazy\" decoding=\"async\" src=\"https:\/\/www.europesays.com\/no\/wp-content\/uploads\/2025\/11\/83848353.webp\" width=\"980\" height=\"441\" title=\"- Ikke sett maken\" alt=\"\" class=\"lazyload\" style=\"--aspect-ratio-image: 2.22; \"\/><\/p>\n<p>        &#8211; Ikke sett maken <\/p>\n<p>    <\/a><\/p>\n<p>&#8211; Ikke for hvem som helst\t<\/p>\n<p>Daglig leder i kulturorganisasjonen\u00a0\u00abNorske Akevitters Venner\u00bb,\u00a0Frank Bruun, peker p\u00e5 flere sider ved produktet.\u00a0<\/p>\n<p>&#8211; Det er 23 flasker p\u00e5 to centiliter, som er mindre enn hva du f\u00e5r i en drink p\u00e5 et utested. Til sammen har du en halvliter med alkohol, som gir en literpris p\u00e5 over 1700 kroner, sier han og fortsetter:\u00a0<\/p>\n<p>&#8211; En julekalender p\u00e5 polet kan heller ikke markedsf\u00f8res. Du m\u00e5 fysisk inn i en butikk hvor det er 20 \u00e5rs aldersgrense for \u00e5 kunne kj\u00f8pe. Du blir for eksempel ikke eksponert for denne p\u00e5 samme m\u00e5te som en \u00f8lkalender som st\u00e5r i hyllene i dagligvarebutikkene, hvor det ogs\u00e5 er mange barn og unge.\u00a0<\/p>\n<p>        <img loading=\"lazy\" decoding=\"async\" itemprop=\"image\" src=\"https:\/\/www.europesays.com\/no\/wp-content\/uploads\/2025\/11\/83873772.webp\" width=\"180\" height=\"180\" alt=\"&lt;br&gt;Frank Bruun\"\/><\/p>\n<p>Frank Bruun<br \/>\n            <br \/>Frank<br \/>\n            Bruun        <\/p>\n<p>Daglig leder i Norske Akevitters Venner<\/p>\n<p> Bruun understreker at organisasjonen verken oppfordrer til daglig alkoholbruk eller til \u00e5 drikke mer enn man t\u00e5ler. Samtidig mener han at b\u00e5de prisen og det tydelige nisjepreget gj\u00f8r at akkurat denne kalenderen ikke framst\u00e5r som skadelig. <\/p>\n<p>&#8211; Hvis noen \u00f8nsker \u00e5 kj\u00f8pe en akevittkalender for \u00e5 ruse seg, finnes det langt billigere produkter. Jeg tror ingen kj\u00f8per denne for det. Dette er et dyrt produkt som ikke er for hvem som helst.\u00a0<\/p>\n<p>        SKITTEN: Oppvaskkosten er en kilde for bakterier, men ved riktig behandling kan du unng\u00e5 at det blir en ekkel \u00abbakteriebombe\u00bb. Video: Embla Hjort-Larsen<\/p>\n<p>Han ser p\u00e5 julekalenderne som et\u00a0\u00abmorsomt produkt\u00bb.\u00a0<\/p>\n<p>&#8211; Det gir noen et perspektiv p\u00e5 at det n\u00e6rmer seg en h\u00f8ytid hvor vi skal ta godt vare p\u00e5 familien, de gode samtalene rundt bordet og alt det som ligger under juletradisjonene v\u00e5re.\u00a0<\/p>\n<p>Han p\u00e5peker ogs\u00e5 at det daglige brennevinsforbruket i Norge har g\u00e5tt ned de siste \u00e5ra. Samtidig har konsumet av den norske akevitten \u00f8kt noe, if\u00f8lge ham.\u00a0<\/p>\n<p>&#8211; Det tar vare p\u00e5 norske arbeidsplasser og norsk mat- og drikkekultur.\u00a0<\/p>\n<p>    <a itemprop=\"url\" href=\"https:\/\/dinside.dagbladet.no\/fritid\/kan-sette-forbrukerne-i-fare\/83868865\" rel=\"nofollow noopener\" target=\"_blank\"><\/p>\n<p>      <img loading=\"lazy\" decoding=\"async\" src=\"https:\/\/www.europesays.com\/no\/wp-content\/uploads\/2025\/11\/83868931.webp\" width=\"980\" height=\"441\" title=\"- Falsk trygghet\" alt=\"\" class=\"lazyload\" style=\"--aspect-ratio-image: 2.22; \"\/><\/p>\n<p>        &#8211; Falsk trygghet<\/p>\n<p>    <\/a><\/p>\n<p>Folkehelseinstituttet (FHI) sier det ikke er noe som tyder p\u00e5 at salget av julekalendere med alkohol p\u00e5virker det samlede alkoholkonsumet i desember.<\/p>\n<p>&#8211; Om lag ni av ti drikker alkohol, og det foreg\u00e5r i all hovedsak i helgene. At denne kalenderen vil v\u00e6re med p\u00e5 \u00e5 normalisere daglig alkoholinntak i desember, er nok tvilsomt, sier seniorforsker ved avdeling for rusmidler og tobakk i FHI, Elin K. Bye, til DinSide.<\/p>\n<p>Kan ikke nekte produktet\t<\/p>\n<p>Vinmonopolet forklarer til DinSide at de ikke kan nekte salg\u00a0av denne type produkter, da de ikke bryter med alkoholreklameforbudet.\u00a0<\/p>\n<p>Samtidig p\u00e5peker de at det er Helsedirektoratet som forvalter alkoholreklameforbudet.\u00a0<\/p>\n<p>&#8211; Det foreligger ikke noen ny vurdering fra deres side om at julekalendere med alkoholholdig drikke er i strid med reklameforbudet, sier pressekontakt Sunniva Agnete Tr\u00f8en.\u00a0<\/p>\n<p>S\u00e5 lenge produktene er innafor regelverket i E\u00d8S-avtalen, kan levrand\u00f8rene selge alle sine produkter gjennom bestillingsutvalget, if\u00f8lge Tr\u00f8en.\u00a0<\/p>\n<p>    <a itemprop=\"url\" href=\"https:\/\/dinside.dagbladet.no\/fritid\/dropper-dette\/83867190\" rel=\"nofollow noopener\" target=\"_blank\"><\/p>\n<p>      <img loading=\"lazy\" decoding=\"async\" src=\"https:\/\/www.europesays.com\/no\/wp-content\/uploads\/2025\/11\/83868553.webp\" width=\"147\" height=\"98\" title=\"Dropper dette\" alt=\"\" class=\"lazyload\" style=\"--aspect-ratio-image: 1.50; \"\/><\/p>\n<p>        Dropper dette<\/p>\n<p>    <\/a><\/p>\n<p>Vinmonopolet kan med andre ord ikke fjerne produkter fra utvalget, med mindre de bryter disse rammene.<\/p>\n<p>&#8211;\u00a0For \u00e5 kunne la v\u00e6re \u00e5 f\u00f8re julekalendere, m\u00e5 vi ha et juridisk grunnlag for \u00e5 unnlate \u00e5 gi grossist markedsadgang hos oss. Vi har hatt flere gjennomganger av denne type produkter, og ser at vi ikke har tilstrekkelig grunnlag for \u00e5 unnlate \u00e5 listef\u00f8re det. <\/p>\n<p>Samtidig legger hun til at det er flere forhold som indikerer at det er vanskelig \u00e5 unnlate og f\u00f8re slike produkter.\u00a0<\/p>\n<p>&#8211;\u00a0Produktet kan ikke anses \u00e5 oppfordre til stort og uforsvarlig alkoholkonsum, det er et forholdsvis lavt volum til en h\u00f8y pris. Videre er det vanskelig \u00e5 sl\u00e5 fast at produktet retter seg mot barn, selv om det er en julekalender. <\/p>\n","protected":false},"excerpt":{"rendered":"Kort fortalt Vinmonopolet selger en julekalender med 24 sm\u00e5 flasker akevitt, noe som har skapt debatt. Alkoholvettorganisasjoner som&hellip;\n","protected":false},"author":2,"featured_media":91665,"comment_status":"","ping_status":"","sticky":false,"template":"","format":"standard","meta":{"footnotes":""},"categories":[10],"tags":[11981,1095,11982,20,21,3524,24,25,728,15,5593,22,23,737,13,30,28,29,14,16,26,27],"class_list":{"0":"post-91664","1":"post","2":"type-post","3":"status-publish","4":"format-standard","5":"has-post-thumbnail","7":"category-norge","8":"tag-akevitt","9":"tag-alkohol","10":"tag-av-og-til","11":"tag-breaking-news","12":"tag-breakingnews","13":"tag-drikke","14":"tag-featured-news","15":"tag-featurednews","16":"tag-fritid","17":"tag-headlines","18":"tag-jul","19":"tag-latest-news","20":"tag-latestnews","21":"tag-mat","22":"tag-news","23":"tag-no","24":"tag-norge","25":"tag-norway","26":"tag-nyheter","27":"tag-overskrifter","28":"tag-top-stories","29":"tag-topstories"},"share_on_mastodon":{"url":"https:\/\/pubeurope.com\/@no\/115581003321875810","error":""},"_links":{"self":[{"href":"https:\/\/www.europesays.com\/no\/wp-json\/wp\/v2\/posts\/91664","targetHints":{"allow":["GET"]}}],"collection":[{"href":"https:\/\/www.europesays.com\/no\/wp-json\/wp\/v2\/posts"}],"about":[{"href":"https:\/\/www.europesays.com\/no\/wp-json\/wp\/v2\/types\/post"}],"author":[{"embeddable":true,"href":"https:\/\/www.europesays.com\/no\/wp-json\/wp\/v2\/users\/2"}],"replies":[{"embeddable":true,"href":"https:\/\/www.europesays.com\/no\/wp-json\/wp\/v2\/comments?post=91664"}],"version-history":[{"count":0,"href":"https:\/\/www.europesays.com\/no\/wp-json\/wp\/v2\/posts\/91664\/revisions"}],"wp:featuredmedia":[{"embeddable":true,"href":"https:\/\/www.europesays.com\/no\/wp-json\/wp\/v2\/media\/91665"}],"wp:attachment":[{"href":"https:\/\/www.europesays.com\/no\/wp-json\/wp\/v2\/media?parent=91664"}],"wp:term":[{"taxonomy":"category","embeddable":true,"href":"https:\/\/www.europesays.com\/no\/wp-json\/wp\/v2\/categories?post=91664"},{"taxonomy":"post_tag","embeddable":true,"href":"https:\/\/www.europesays.com\/no\/wp-json\/wp\/v2\/tags?post=91664"}],"curies":[{"name":"wp","href":"https:\/\/api.w.org\/{rel}","templated":true}]}}