{"id":91703,"date":"2025-11-20T08:59:38","date_gmt":"2025-11-20T08:59:38","guid":{"rendered":"https:\/\/www.europesays.com\/no\/91703\/"},"modified":"2025-11-20T08:59:38","modified_gmt":"2025-11-20T08:59:38","slug":"helse-og-omsorg-forskning-internasjonal-mannsdag-i-dag-dette-har-fatt-forbausende-lite-oppmerksomhet","status":"publish","type":"post","link":"https:\/\/www.europesays.com\/no\/91703\/","title":{"rendered":"Helse og omsorg, Forskning | Internasjonal mannsdag i dag: \u2013 Dette har f\u00e5tt forbausende lite oppmerksomhet"},"content":{"rendered":"\n<p>I fjor var forventet levealder for kvinner 84,8 \u00e5r og 81,6 \u00e5r for menn i Norge.<\/p>\n<p>Men forskjellen i levealder mellom menn som tjener mest og de som tjener minst er hele 13,8 \u00e5r. Denne forskjellen er bare 8,4 \u00e5r blant kvinner. Utdanningsniv\u00e5et gir ogs\u00e5 st\u00f8rre forskjeller hos menn enn kvinner.<\/p>\n<p>\u2013 Dette har f\u00e5tt forbausende lite oppmerksomhet, konstaterer N\u00e6ss i et blogginnlegg og en pressemelding fra Det medisinske fakultet ved Universitetet i Oslo.<\/p>\n<p>\u2013 P\u00e5fallende<\/p>\n<p>Han synes det er enda mer p\u00e5fallende at ogs\u00e5 forskningen i stor grad har oversett dette.<\/p>\n<p>\u2013 Det finnes omfattende litteratur om sosial ulikhet i helse, men studier som unders\u00f8ker samspillet mellom kj\u00f8nn og sosial ulikhet er nesten frav\u00e6rende, p\u00e5peker professoren.<\/p>\n<p>   <img decoding=\"async\" width=\"150\" height=\"200\" fetchpriority=\"low\"  loading=\"lazy\"  src=\"https:\/\/www.europesays.com\/no\/wp-content\/uploads\/2025\/11\/oyvindn.jpg\" alt=\"\" class=\"brick-c-cFOWSL\" style=\"--brick-image-ratio: 150 \/ 200;\"\/><\/p>\n<p>      PROFESSOR: \u00d8yvind N\u00e6ss ved avdeling for samfunnsmedisin og global helse p\u00e5 Det medisinske fakultet ved Universitetet i Oslo.<br \/>\n      Foto: UIO\n    <\/p>\n<p>I aldersgruppen 15\u201349 \u00e5r har menn dobbelt s\u00e5 mange tapte leve\u00e5r som kvinner, hovedsakelig p\u00e5 grunn av selvmord, rusrelaterte d\u00f8dsfall og ulykker. I alderen 50\u201375 \u00e5r skyldes den h\u00f8yere byrden blant menn kroniske sykdommer som hjerte- og karsykdommer, kreft og kroniske lungesykdommer.<\/p>\n<p>\u2013 Dette er ulykker og sykdommer som i stor grad kan forebygges. Menn i lavere sosiale posisjoner er overrepresentert blant dem som rammes, sier \u00d8yvind N\u00e6ss.<\/p>\n<p>\u2013 Et samfunnsproblem<\/p>\n<p>Biologiske forskjeller er brukt som forklaring p\u00e5 at menn lever kortere enn kvinner i nesten alle samfunn. Hormonelle forskjeller nevnes ogs\u00e5, fordi \u00f8strogen antas \u00e5 beskytte mot hjerte- og karsykdommer f\u00f8r overgangsalderen og testosteron til \u00e5 \u00f8ke risikofull adferd og ugunstig metabolisme (det vil si kroppens forbrenning av n\u00e6ringsstoffer).<\/p>\n<p>\u2013 Det er likevel problematisk \u00e5 la biologiske forklaringer dominere, fastsl\u00e5r N\u00e6ss, som synes det i stedet burde tolkes som et samfunnsproblem.<\/p>\n<p>Han trekker til slutt frem at menn basert p\u00e5 forskningen vil ha mest \u00e5 vinne p\u00e5 brede folkehelsetiltak.<\/p>\n<p>\u2013 Universelle folkehelsetiltak vil derfor kunne treffe bredere, redusere sosiale helseforskjeller og utjevne kj\u00f8nnsforskjeller. Det gir en dobbel gevinst for folkehelsen \u2013 og et mer rettferdig samfunn, konkluderer professor \u00d8yvind N\u00e6ss p\u00e5 den internasjonale mannsdagen.<\/p>\n","protected":false},"excerpt":{"rendered":"I fjor var forventet levealder for kvinner 84,8 \u00e5r og 81,6 \u00e5r for menn i Norge. Men forskjellen&hellip;\n","protected":false},"author":2,"featured_media":6127,"comment_status":"","ping_status":"","sticky":false,"template":"","format":"standard","meta":{"footnotes":""},"categories":[10],"tags":[36,20,21,24,25,2885,15,39,22,23,13,30,28,29,14,16,1510,26,27,3528],"class_list":{"0":"post-91703","1":"post","2":"type-post","3":"status-publish","4":"format-standard","5":"has-post-thumbnail","7":"category-norge","8":"tag-art","9":"tag-breaking-news","10":"tag-breakingnews","11":"tag-featured-news","12":"tag-featurednews","13":"tag-forskning","14":"tag-headlines","15":"tag-helse-og-omsorg","16":"tag-latest-news","17":"tag-latestnews","18":"tag-news","19":"tag-no","20":"tag-norge","21":"tag-norway","22":"tag-nyheter","23":"tag-overskrifter","24":"tag-story","25":"tag-top-stories","26":"tag-topstories","27":"tag-universitetet-i-oslo"},"share_on_mastodon":{"url":"https:\/\/pubeurope.com\/@no\/115581207823254818","error":""},"_links":{"self":[{"href":"https:\/\/www.europesays.com\/no\/wp-json\/wp\/v2\/posts\/91703","targetHints":{"allow":["GET"]}}],"collection":[{"href":"https:\/\/www.europesays.com\/no\/wp-json\/wp\/v2\/posts"}],"about":[{"href":"https:\/\/www.europesays.com\/no\/wp-json\/wp\/v2\/types\/post"}],"author":[{"embeddable":true,"href":"https:\/\/www.europesays.com\/no\/wp-json\/wp\/v2\/users\/2"}],"replies":[{"embeddable":true,"href":"https:\/\/www.europesays.com\/no\/wp-json\/wp\/v2\/comments?post=91703"}],"version-history":[{"count":0,"href":"https:\/\/www.europesays.com\/no\/wp-json\/wp\/v2\/posts\/91703\/revisions"}],"wp:featuredmedia":[{"embeddable":true,"href":"https:\/\/www.europesays.com\/no\/wp-json\/wp\/v2\/media\/6127"}],"wp:attachment":[{"href":"https:\/\/www.europesays.com\/no\/wp-json\/wp\/v2\/media?parent=91703"}],"wp:term":[{"taxonomy":"category","embeddable":true,"href":"https:\/\/www.europesays.com\/no\/wp-json\/wp\/v2\/categories?post=91703"},{"taxonomy":"post_tag","embeddable":true,"href":"https:\/\/www.europesays.com\/no\/wp-json\/wp\/v2\/tags?post=91703"}],"curies":[{"name":"wp","href":"https:\/\/api.w.org\/{rel}","templated":true}]}}