{"id":91714,"date":"2025-11-20T09:08:09","date_gmt":"2025-11-20T09:08:09","guid":{"rendered":"https:\/\/www.europesays.com\/no\/91714\/"},"modified":"2025-11-20T09:08:09","modified_gmt":"2025-11-20T09:08:09","slug":"da-far-du-ikke-halv-skatt","status":"publish","type":"post","link":"https:\/\/www.europesays.com\/no\/91714\/","title":{"rendered":"Da f\u00e5r du ikke halv skatt"},"content":{"rendered":"<p class=\"kicker bg-blue color_mobile_bg-blue hasTextPadding mobile-hasTextPadding\" style=\"\">\u00d8konomi<\/p>\n<p>  N\u00e5 kommer\u00a0\u00absuperl\u00f8nna\u00bb, men du f\u00e5r kanskje ikke utbetalt like mye som du tror.<\/p>\n<p>\n    \u00abHALV SKATT\u00bb: Mange ser ekstra mye fram til l\u00f8nna f\u00f8r jul p\u00e5 grunn av halv skatt, men deler av l\u00f8nna betaler du faktisk full skatt p\u00e5. Foto: Gorm Kallestad\/NTB\n  <\/p>\n<p>    Kort fortalt<\/p>\n<p lang=\"nb-NO\">Mange ser frem til november eller desember for halv skatt, men det er egentlig halvt skattetrekk.<\/p>\n<p lang=\"nb-NO\">\u00d8ivind Elvestad fra Simployer forklarer at skattetrekket beregnes ved \u00e5 dele skatten p\u00e5 10,5 m\u00e5neder.<\/p>\n<p lang=\"nb-NO\">Dette gir ekstra penger til ferie og julegaver, men inneb\u00e6rer h\u00f8yere skatt de andre m\u00e5nedene.<\/p>\n<p lang=\"nb-NO\">Halvt skattetrekk gjelder ikke for overtid og tillegg, som ofte trekkes med full skatt.<\/p>\n<p class=\"italic ai-disclaimer\" data-lab-italic=\"italic\">Sammendraget er laget av ChatGPT og godkjent av DinSide.<\/p>\n<p>      Vis mer<br \/>\n      Vis mindre<\/p>\n<p style=\"pointer-events: none;\">Mange av oss ser ekstra fram til l\u00f8nna som kommer i november eller desember, for da er det\u00a0\u00abhalv skatt\u00bb p\u00e5 inntekten. Eller er det det?<\/p>\n<p style=\"pointer-events: none;\"> \u00d8ivind Elvestad, r\u00e5dgiver \u00f8konomi i Simployer, forklarer til DinSide at det egentlig ikke er halv skatt p\u00e5 l\u00f8nna, men halvt skattetrekk.<\/p>\n<p style=\"pointer-events: none;\"> &#8211; Skatteetaten oppretter et skattekort basert p\u00e5 hvor mye du kommer til \u00e5 tjene neste \u00e5r, beregner skatten\u00a0og deler\u00a0skattebel\u00f8pet p\u00e5 10,5 for \u00e5 beregne skattetrekket ditt det \u00e5ret, forteller han. <\/p>\n<p>        AVSL\u00d8RING: De to kameratene utviklet en l\u00f8sning som gjorde det mulig \u00e5 \u00e5pne hvilken som helst pakkeboks. Video: Ole Petter Bauger\u00f8d Stokke.<\/p>\n<p>Litt ekstra til julegaver\t<\/p>\n<p style=\"pointer-events: none;\"> \u00c5rsaken til at de deler p\u00e5 10,5 m\u00e5neder i stedet for 12, er for at l\u00f8nnsmottakeren skal ha trekkfritak\u00a0i feriepengene og halvt skattetrekk f\u00f8r jul. <\/p>\n<p style=\"pointer-events: none;\">&#8211; Det er for at du skal ha ekstra penger til ferien p\u00e5 sommeren og penger til julegaver, forklarer Elvestad.<\/p>\n<p style=\"pointer-events: none;\"> I stedet betaler du litt mer skatt de andre m\u00e5nedene i \u00e5ret.<\/p>\n<p>        <img loading=\"lazy\" decoding=\"async\" itemprop=\"image\" src=\"https:\/\/www.europesays.com\/no\/wp-content\/uploads\/2025\/11\/83872823.webp\" width=\"180\" height=\"180\" alt=\"&lt;br&gt;\u2b05 \u00d8ivind Elvestad\"\/><\/p>\n<p>\u2b05 \u00d8ivind Elvestad<br \/>\n            <br \/>\u2b05 \u00d8ivind<br \/>\n            Elvestad        <\/p>\n<p>R\u00e5dgiver \u00f8konomi i Simployer<\/p>\n<p> &#8211; Du kan si det s\u00e5nn at staten sparer til ferie og julegaver for deg. S\u00e5nn sett er det en grei ordning, ettersom det er flere som sliter med \u00e5 sette av penger til dette selv. <\/p>\n<p>N\u00e5r det gjelder selve utbetalingen, er det arbeidsgiver med sin styringsrett som bestemmer om det halve skattetrekket skal komme p\u00e5 november- eller desemberl\u00f8nna. Mange f\u00e5r litt ekstra utbetalt n\u00e5 i slutten av november, mens andre f\u00e5r det f\u00f8r jul i desember.<\/p>\n<p>        Tips oss<\/p>\n<p class=\"subtitle\">Har du innspill til saker om dagligvarepriser, sparing eller skatt? Send oss et tips! \ud83d\udcb0<\/p>\n<p>Ikke halv skatt p\u00e5 alt\t<\/p>\n<p> Elvestad minner samtidig om at du ikke n\u00f8dvendigvis f\u00e5r halvt skattetrekk p\u00e5 hele l\u00f8nna, som flere tror. Hvis du har jobbet mange kvelder, helger og kanskje litt overtid, og tror du f\u00e5r halv skatt p\u00e5 det ogs\u00e5, har han en d\u00e5rlig nyhet:<\/p>\n<p>&#8211; Det er ikke halvt skattetrekk p\u00e5 tilleggsytelser som overtid og ulempe. Regelen sier at det ikke er halvt skattetrekk p\u00e5 mer enn det som er gjennomsnittsl\u00f8nna di de f\u00f8rste ti m\u00e5nedene av \u00e5ret, forklarer l\u00f8nnseksperten.<\/p>\n<p> Elvestad forteller at dersom arbeidsgivers l\u00f8nnsprogram ikke gj\u00f8r dette automatisk, s\u00e5 har han inntrykk av at mange trekker vanlig forskuddstrekk, alts\u00e5 full skatt, av eventuelle tillegg i november og desember, for \u00e5 slippe \u00e5 gj\u00f8re den regne\u00f8velsen manuelt.<\/p>\n","protected":false},"excerpt":{"rendered":"\u00d8konomi N\u00e5 kommer\u00a0\u00absuperl\u00f8nna\u00bb, men du f\u00e5r kanskje ikke utbetalt like mye som du tror. \u00abHALV SKATT\u00bb: Mange ser&hellip;\n","protected":false},"author":2,"featured_media":91715,"comment_status":"","ping_status":"","sticky":false,"template":"","format":"standard","meta":{"footnotes":""},"categories":[5],"tags":[20,21,24,25,11985,15,19,22,23,17,18,13,30,28,29,14,16,572,1289,26,27],"class_list":{"0":"post-91714","1":"post","2":"type-post","3":"status-publish","4":"format-standard","5":"has-post-thumbnail","7":"category-overskrifter","8":"tag-breaking-news","9":"tag-breakingnews","10":"tag-featured-news","11":"tag-featurednews","12":"tag-halv-skatt","13":"tag-headlines","14":"tag-hovedoppslag","15":"tag-latest-news","16":"tag-latestnews","17":"tag-main-news","18":"tag-mainnews","19":"tag-news","20":"tag-no","21":"tag-norge","22":"tag-norway","23":"tag-nyheter","24":"tag-overskrifter","25":"tag-okonomi","26":"tag-skatt","27":"tag-top-stories","28":"tag-topstories"},"share_on_mastodon":{"url":"https:\/\/pubeurope.com\/@no\/115581243010861311","error":""},"_links":{"self":[{"href":"https:\/\/www.europesays.com\/no\/wp-json\/wp\/v2\/posts\/91714","targetHints":{"allow":["GET"]}}],"collection":[{"href":"https:\/\/www.europesays.com\/no\/wp-json\/wp\/v2\/posts"}],"about":[{"href":"https:\/\/www.europesays.com\/no\/wp-json\/wp\/v2\/types\/post"}],"author":[{"embeddable":true,"href":"https:\/\/www.europesays.com\/no\/wp-json\/wp\/v2\/users\/2"}],"replies":[{"embeddable":true,"href":"https:\/\/www.europesays.com\/no\/wp-json\/wp\/v2\/comments?post=91714"}],"version-history":[{"count":0,"href":"https:\/\/www.europesays.com\/no\/wp-json\/wp\/v2\/posts\/91714\/revisions"}],"wp:featuredmedia":[{"embeddable":true,"href":"https:\/\/www.europesays.com\/no\/wp-json\/wp\/v2\/media\/91715"}],"wp:attachment":[{"href":"https:\/\/www.europesays.com\/no\/wp-json\/wp\/v2\/media?parent=91714"}],"wp:term":[{"taxonomy":"category","embeddable":true,"href":"https:\/\/www.europesays.com\/no\/wp-json\/wp\/v2\/categories?post=91714"},{"taxonomy":"post_tag","embeddable":true,"href":"https:\/\/www.europesays.com\/no\/wp-json\/wp\/v2\/tags?post=91714"}],"curies":[{"name":"wp","href":"https:\/\/api.w.org\/{rel}","templated":true}]}}