{"id":91716,"date":"2025-11-20T09:09:27","date_gmt":"2025-11-20T09:09:27","guid":{"rendered":"https:\/\/www.europesays.com\/no\/91716\/"},"modified":"2025-11-20T09:09:27","modified_gmt":"2025-11-20T09:09:27","slug":"magne-myrmo-dodsfall-magne-myrmo-er-dod-siste-vm-vinner-pa-treski","status":"publish","type":"post","link":"https:\/\/www.europesays.com\/no\/91716\/","title":{"rendered":"Magne Myrmo, D\u00f8dsfall | Magne Myrmo er d\u00f8d \u2013 siste VM-vinner p\u00e5 treski"},"content":{"rendered":"\n<p>Myrmo d\u00f8de p\u00e5 B\u00e6rum sykehus onsdag ettermiddag, opplyser hans kone Mona Lill Ruud Myrmo til NTB.<\/p>\n<p>\u2013 Det var hjertet som sviktet, forteller hun.<\/p>\n<p>Magne Myrmo ble f\u00f8dt i 1943 og oppvokst i Rennebu kommune i S\u00f8r-Tr\u00f8ndelag, men bodde i B\u00e6rum.<\/p>\n<p>\u2013 Han var vel en av de f\u00e5 som faktisk var f\u00f8dt med ski p\u00e5 beina. Faren hans hoppet i Holmenkollen, og det var ski hele tiden i familien. Man han var alltid s\u00e5 beskjeden og hadde ikke spisse albuer. De var ganske runde, sier kona.<\/p>\n<p>I motsetning til mange av landslagsl\u00f8perne p\u00e5 hans tid, jobbet ikke Myrmo i skogen. Han jobbet i en kolonial p\u00e5 Berk\u00e5k. Han fikk ekstra trening ved \u00e5 l\u00f8pe de 20 kilometerne til og fra hjem og arbeid.<\/p>\n<p>Historisk suksess<\/p>\n<p>Han startet sin karriere p\u00e5 slutten av 1960-tallet. Han tok sin f\u00f8rste og eneste OL-medalje med s\u00f8lvet p\u00e5 femmila bak P\u00e5l Tyldum i 1972. Det var likevel VM-gullet i Falun han ble mest kjent for.<\/p>\n<p>De fleste ut\u00f8verne hadde tatt i bruk glassfiberski under mesterskapet, og nordmennene ble parkert p\u00e5 \u00e5pningsdistansen 30 kilometer med h\u00e5pl\u00f8se ski. \u00c5pningsdistansen gikk p\u00e5 bl\u00f8t sn\u00f8, men det hadde frosset p\u00e5 til 15 kilometeren.<\/p>\n<p>   <img decoding=\"async\" width=\"4090\" height=\"3844\" fetchpriority=\"low\"  loading=\"lazy\"  src=\"https:\/\/www.europesays.com\/no\/wp-content\/uploads\/2025\/11\/cueres_scp-ymbtkzjs_8YmbTKZ-J4s.jpg\" alt=\"Oslo 196803.&#10;Magne Myrmo i aksjon 50  km langrenn under Holmenkollrennene. Holmenkollbakken og publikum i bakgrunnen.&#10;Foto Arild Hordnes \/ NTB \/ NTB  &#10;&#10;&#10;&#10;\" class=\"brick-c-cFOWSL\" style=\"--brick-image-ratio: 4090 \/ 3844;\"\/><\/p>\n<p>      Magne Myrmo i aksjon 50 km langrenn under Holmenkollrennene.<br \/>\n      Foto: Hordnes, Arild\n    <\/p>\n<p>Myrmo satte sin lit til sine Landsem-ski med stoffet Bitumen, og han valgte bevisst en tidlig gruppe. Med startnummer 18 utnyttet han det islagte sporet og gikk i m\u00e5l p\u00e5 den raskeste 15-kilometeren som var g\u00e5tt i et VM. Selv med glassfiberski og moderne staver klarte ikke konkurrentene \u00e5 matche Myrmo. \u00d8sttyske Gerard Grimmer kom 0,9 sekunder for sent i m\u00e5l etter blant annet \u00e5 ha falt mot slutten. Sovjeteren Vassilij Rotsjev var 1,5 sekunder bak. Begge gikk p\u00e5 glassfiberski.<\/p>\n<p>Det var her radiosportens Bj\u00f8rge Lillelien kommenterte: \u00abG\u00e5 litt fortere da, klokke&#8230;..\u00bb. De fleste norske skiinteresserte fulgte derimot TV-skjermen hvor tiden tikket ned.<\/p>\n<p>Myrmo fikk ogs\u00e5 med seg to NM-gull i karrieren.<\/p>\n<p>Sm\u00f8resuksess<\/p>\n<p>Etter at hans aktive karriere var over i 1976, ble han en del av det norske landslaget, blant annet som leder og sm\u00f8rer. Ofte sto han bak norske sm\u00f8resuksesser i b\u00e5de langrenn og skiskyting, og han var med i hele ti olympiske og paralympiske leker. Hans siste jobb som sm\u00f8rer var i Sotsji i 2014.<\/p>\n<p>   <img decoding=\"async\" width=\"2283\" height=\"1928\" fetchpriority=\"low\"  loading=\"lazy\"  src=\"https:\/\/www.europesays.com\/no\/wp-content\/uploads\/2025\/11\/S%C3%98PPELDUNK002.jpg\" alt=\"\" class=\"brick-c-cFOWSL\" style=\"--brick-image-ratio: 2283 \/ 1928;\"\/><\/p>\n<p>      Magne Myrmo i Budstikka i 2005. Da var han blitt frastj\u00e5let et s\u00f8ppelstativ fra hjemmet p\u00e5 H\u00f8vik. P\u00e5 sp\u00f8rsm\u00e5l om han mistenkte \u00abGerhard Grimmer, han som du slo med ett snaut sekund i VM, har hevnet seg for tapet?\u00bb svarte Myrmo avkreftende.<br \/>\n      Foto: PER ERIK HAGEN\n    <\/p>\n<p>I OL i 2006, hvor de norske l\u00f8perne ikke klarte \u00e5 ta et eneste gull i skisporet, hadde Myrmo likevel suksess. Da var han engasjert av Estland. Det var Myrmo som var mannen bak skiene til gullvinner Andrus Veerpalu. Mens de norske ut\u00f8verne sto foran start med klister under skiene, kunne Veerpalu stille til start med voks under skiene. Frode Estil &amp; co. satt bokstavelig talt i klisteret.<\/p>\n<p>\u2013 Jeg pleier \u00e5 se ut av vinduet n\u00e5r jeg skal sjekke v\u00e6ret, svarte han p\u00e5 sp\u00f8rsm\u00e5l fra norsk presse om \u00abgulloppskriften\u00bb. Det norske sm\u00f8reteamet hadde blant annet hentet inn meteorologer i teamet sitt.<\/p>\n<p>Myrmo slet i sine siste leve\u00e5r med Alzheimer.<\/p>\n<p>\u2013 Men det endret ikke p\u00e5 den han var, sier kona Mona Lill til NTB.<\/p>\n","protected":false},"excerpt":{"rendered":"Myrmo d\u00f8de p\u00e5 B\u00e6rum sykehus onsdag ettermiddag, opplyser hans kone Mona Lill Ruud Myrmo til NTB. \u2013 Det&hellip;\n","protected":false},"author":2,"featured_media":91717,"comment_status":"","ping_status":"","sticky":false,"template":"","format":"standard","meta":{"footnotes":""},"categories":[59],"tags":[36,576,7647,11986,30,28,29,83,82,1510],"class_list":{"0":"post-91716","1":"post","2":"type-post","3":"status-publish","4":"format-standard","5":"has-post-thumbnail","7":"category-sport","8":"tag-art","9":"tag-dodsfall","10":"tag-hovik","11":"tag-magne-myrmo","12":"tag-no","13":"tag-norge","14":"tag-norway","15":"tag-sport","16":"tag-sports","17":"tag-story"},"share_on_mastodon":{"url":"https:\/\/pubeurope.com\/@no\/115581246785825953","error":""},"_links":{"self":[{"href":"https:\/\/www.europesays.com\/no\/wp-json\/wp\/v2\/posts\/91716","targetHints":{"allow":["GET"]}}],"collection":[{"href":"https:\/\/www.europesays.com\/no\/wp-json\/wp\/v2\/posts"}],"about":[{"href":"https:\/\/www.europesays.com\/no\/wp-json\/wp\/v2\/types\/post"}],"author":[{"embeddable":true,"href":"https:\/\/www.europesays.com\/no\/wp-json\/wp\/v2\/users\/2"}],"replies":[{"embeddable":true,"href":"https:\/\/www.europesays.com\/no\/wp-json\/wp\/v2\/comments?post=91716"}],"version-history":[{"count":0,"href":"https:\/\/www.europesays.com\/no\/wp-json\/wp\/v2\/posts\/91716\/revisions"}],"wp:featuredmedia":[{"embeddable":true,"href":"https:\/\/www.europesays.com\/no\/wp-json\/wp\/v2\/media\/91717"}],"wp:attachment":[{"href":"https:\/\/www.europesays.com\/no\/wp-json\/wp\/v2\/media?parent=91716"}],"wp:term":[{"taxonomy":"category","embeddable":true,"href":"https:\/\/www.europesays.com\/no\/wp-json\/wp\/v2\/categories?post=91716"},{"taxonomy":"post_tag","embeddable":true,"href":"https:\/\/www.europesays.com\/no\/wp-json\/wp\/v2\/tags?post=91716"}],"curies":[{"name":"wp","href":"https:\/\/api.w.org\/{rel}","templated":true}]}}