{"id":91718,"date":"2025-11-20T09:13:15","date_gmt":"2025-11-20T09:13:15","guid":{"rendered":"https:\/\/www.europesays.com\/no\/91718\/"},"modified":"2025-11-20T09:13:15","modified_gmt":"2025-11-20T09:13:15","slug":"storbritannia-i-uerklaert-krig-med-russland","status":"publish","type":"post","link":"https:\/\/www.europesays.com\/no\/91718\/","title":{"rendered":"Storbritannia i uerkl\u00e6rt krig med Russland"},"content":{"rendered":"<p class=\"kicker t15 font-weight-bold m-font-weight-bold color_mobile_no_bg_color quaternary color_mobile_quaternary font-Trim text-case-transform-upper mobile-hasTextPadding\" style=\"\">Nyheter<\/p>\n<p>    Tidligere britisk sj\u00f8forsvarssjef sier at russisk press var grunnen til at Norge kj\u00f8pte britiske fregatter.<\/p>\n<p>\n        FREMTIDIG FREGATT: Storbritannias nye fregatt HMS \u00abGlasgow\u00bb ble d\u00f8pt i Glasgow den 22. mai 2025. Fregatten er den f\u00f8rste av Storbritannias Type 26-fregatter og den f\u00f8rste i City-klassen. Norge har avtalt \u00e5 kj\u00f8pe fem Type 26.<br \/>\n        Foto: Royal Navy\n    <\/p>\n<p>I en episode av det britiske parlamentets podcast, <a href=\"https:\/\/www.parliament.uk\/business\/lords\/house-of-lords-podcast\/lord-robertson-of-port-ellen-and-lord-west-of-spithead-lord-speakers-corner\/\" target=\"_blank\" rel=\"nofollow noopener\">Lord Speaker\u00b4s Corner<\/a>, advarer Lord Alan West, tidligere sjef for det britiske sj\u00f8forsvaret, at Storbritannia befinner seg i en uerkl\u00e6rt konflikt med Russland, melder <a href=\"https:\/\/ukdefencejournal.org.uk\/lord-west-warns-uk-effectively-at-war-with-russia\/\" target=\"_blank\" rel=\"nofollow noopener\">UK Defence Journal<\/a>.<\/p>\n<p>Han argumenterer for at russisk kartlegging av undersj\u00f8isk infrastruktur og droner med tilknytning til Russland holder Storbritannia p\u00e5 t\u00e5 hev.\u00a0<\/p>\n<p>\u2013 Det er ekstraordin\u00e6rt at vi n\u00e5 befinner oss i denne gr\u00e5sonekrigf\u00f8ringen. Jeg mener, i praksis er vi i krig med Russland, sier han.<\/p>\n<p>Han legger til at Norge ogs\u00e5 havner i denne gr\u00e5sonekrigf\u00f8ringen p\u00e5 grunn av russisk press i nord.<\/p>\n<p>\u2013 Det enorme presset Russland legger p\u00e5 den arktiske regionen for\u00e5rsaker reelle problemer for Skandinavia, som er grunnen til at Norge kj\u00f8pte fregattene v\u00e5re og er veldig involvert med oss.<\/p>\n<p>                <img decoding=\"async\" src=\"https:\/\/www.europesays.com\/no\/wp-content\/uploads\/2025\/11\/467778.webp\" width=\"480\" height=\"322\" title=\"ADMIRAL (P): Tidligere First Sea Lord Alan West.\" alt=\"\" loading=\"lazy\" style=\"\"\/><\/p>\n<p>\n            ADMIRAL (P): Tidligere First Sea Lord Alan West.<br \/>\n            Foto: Roger Harris, UK Parliament\n        <\/p>\n<p>Lord West forteller videre at Russlands president Vladimir Putin gikk p\u00e5 en strategisk blunder da han bestemte seg for \u00e5 invadere Ukraina. Han mener at krigen i Ukraina kan ha konsekvenser for Russlands forhold med Kina.<\/p>\n<p>\u2013 Jeg kjenner kineserne sv\u00e6rt godt fordi jeg har hatt med dem \u00e5 gj\u00f8re i mange \u00e5r, og deres ledere liker ikke krig. De hater kriger fordi de ikke kan forutsi dem, sier han.\u00a0<\/p>\n<p>Den tidligere sj\u00f8forsvarssjefen frykter likevel for hvordan det hele kommer til \u00e5 ende.<\/p>\n<p>Han mener i podcasten at Russland ikke klarer \u00e5 sl\u00e5 Nato i en fullskala krig.<\/p>\n<p>\u2013 Faren hvis de taper, er om de vil beg\u00e5 den dumme feilen \u00e5 ty til atomv\u00e5pen? Og det gagner ingen.<\/p>\n<p>Lord Alan West var sjef for det britiske sj\u00f8forsvaret fra 2002 til 2006.\u00a0<\/p>\n<p>Fra 2007 til 2010 var han partiet Labours parlamentariske statssekret\u00e6r i det britiske innenriksdepartementet med ansvar for sikkerhet. Han var ogs\u00e5 sikkerhetsr\u00e5dgiver for tidligere statsminister Gordon Brown.<\/p>\n","protected":false},"excerpt":{"rendered":"Nyheter Tidligere britisk sj\u00f8forsvarssjef sier at russisk press var grunnen til at Norge kj\u00f8pte britiske fregatter. FREMTIDIG FREGATT:&hellip;\n","protected":false},"author":2,"featured_media":91719,"comment_status":"","ping_status":"","sticky":false,"template":"","format":"standard","meta":{"footnotes":""},"categories":[12],"tags":[20,21,24,25,15,22,23,13,30,28,29,14,16,26,27,42,43,44,45],"class_list":{"0":"post-91718","1":"post","2":"type-post","3":"status-publish","4":"format-standard","5":"has-post-thumbnail","7":"category-verden","8":"tag-breaking-news","9":"tag-breakingnews","10":"tag-featured-news","11":"tag-featurednews","12":"tag-headlines","13":"tag-latest-news","14":"tag-latestnews","15":"tag-news","16":"tag-no","17":"tag-norge","18":"tag-norway","19":"tag-nyheter","20":"tag-overskrifter","21":"tag-top-stories","22":"tag-topstories","23":"tag-verden","24":"tag-world","25":"tag-world-news","26":"tag-worldnews"},"share_on_mastodon":{"url":"https:\/\/pubeurope.com\/@no\/115581262739275402","error":""},"_links":{"self":[{"href":"https:\/\/www.europesays.com\/no\/wp-json\/wp\/v2\/posts\/91718","targetHints":{"allow":["GET"]}}],"collection":[{"href":"https:\/\/www.europesays.com\/no\/wp-json\/wp\/v2\/posts"}],"about":[{"href":"https:\/\/www.europesays.com\/no\/wp-json\/wp\/v2\/types\/post"}],"author":[{"embeddable":true,"href":"https:\/\/www.europesays.com\/no\/wp-json\/wp\/v2\/users\/2"}],"replies":[{"embeddable":true,"href":"https:\/\/www.europesays.com\/no\/wp-json\/wp\/v2\/comments?post=91718"}],"version-history":[{"count":0,"href":"https:\/\/www.europesays.com\/no\/wp-json\/wp\/v2\/posts\/91718\/revisions"}],"wp:featuredmedia":[{"embeddable":true,"href":"https:\/\/www.europesays.com\/no\/wp-json\/wp\/v2\/media\/91719"}],"wp:attachment":[{"href":"https:\/\/www.europesays.com\/no\/wp-json\/wp\/v2\/media?parent=91718"}],"wp:term":[{"taxonomy":"category","embeddable":true,"href":"https:\/\/www.europesays.com\/no\/wp-json\/wp\/v2\/categories?post=91718"},{"taxonomy":"post_tag","embeddable":true,"href":"https:\/\/www.europesays.com\/no\/wp-json\/wp\/v2\/tags?post=91718"}],"curies":[{"name":"wp","href":"https:\/\/api.w.org\/{rel}","templated":true}]}}