{"id":91734,"date":"2025-11-20T09:27:19","date_gmt":"2025-11-20T09:27:19","guid":{"rendered":"https:\/\/www.europesays.com\/no\/91734\/"},"modified":"2025-11-20T09:27:19","modified_gmt":"2025-11-20T09:27:19","slug":"mexico-avviser-trump-forslag-om-militaere-angrep-mot-karteller","status":"publish","type":"post","link":"https:\/\/www.europesays.com\/no\/91734\/","title":{"rendered":"Mexico avviser Trump-forslag om milit\u00e6re angrep mot karteller"},"content":{"rendered":"<p><strong>Mexicos president Claudia Sheinbaum sier klart nei til muligheten for amerikanske milit\u00e6re angrep mot narkotikakarteller p\u00e5 mexicansk territorium, etter at tidligere president Donald Trump uttalte at han ville gj\u00f8re \u00abhva som helst som trengs\u00bb for \u00e5 stoppe narkotika fra \u00e5 komme inn i USA. Det melder<a href=\"https:\/\/www.foxnews.com\/politics\/mexicos-president-firmly-refuses-trumps-proposal-us-military-strikes-against-cartels\" rel=\"nofollow noopener\" target=\"_blank\"> Fox News.<\/a><\/strong><\/p>\n<p>Sheinbaum understreker at Mexicos suverenitet ikke kan forhandles bort, og at landet kun aksepterer samarbeid som respekterer nasjonens myndighet. Det skjer samtidig som Mexico preges av voldsomme<a href=\"https:\/\/inyheter.no\/16\/11\/2025\/opptoyer-i-mexico-tusenvis-i-gatene-etter-ordforerdrap-narco-regjering-ut\/\" rel=\"nofollow noopener\" target=\"_blank\"> demonstrasjoner mot regjeringen.<\/a><\/p>\n<p>\u2013 Det kommer ikke til \u00e5 skje, sier Sheinbaum til journalister og viser til tidligere samtaler med Trump om mulig amerikansk intervensjon. Hun presiserer at Mexico \u00f8nsker etterretningssamarbeid, men ikke vil tillate fremmede styrker \u00e5 operere innenfor sine grenser.<\/p>\n<p>Trump hadde p\u00e5 sin side sagt at han kunne vurdere \u00e5 autorisere amerikanske angrep inne i Mexico for \u00e5 stoppe narkotikaflyten, og hevdet at slike tiltak kunne redde \u00abmillioner av liv\u00bb i USA. Han viste til tidligere suksess med \u00e5 stoppe narkotika til sj\u00f8s og antydet at lignende operasjoner kunne skje p\u00e5 land.<\/p>\n<blockquote class=\"twitter-tweet\">\n<p lang=\"en\" dir=\"ltr\">Mexican President Claudia Sheinbaum rejected on Tuesday a potential U.S. military intervention in Mexico after President Donald Trump suggested the previous day he would support more aggressive measures against drug cartels, including ground strikes.<\/p>\n<p>Sheinbaum stated that Trump\u2026 <a href=\"https:\/\/t.co\/mSwThnzjB0\" rel=\"nofollow\">pic.twitter.com\/mSwThnzjB0<\/a><\/p>\n<p>\u2014 CBS News (@CBSNews) <a href=\"https:\/\/twitter.com\/CBSNews\/status\/1990885133893976444?ref_src=twsrc%5Etfw\" rel=\"nofollow noopener\" target=\"_blank\">November 18, 2025<\/a><\/p><\/blockquote>\n<p>Sp\u00f8rsm\u00e5let om grenseterritorium har ogs\u00e5 skapt spenning. Mandag ble det observert at personer plasserte skilt p\u00e5 en strand i det nord\u00f8stlige Mexico, som markerte omr\u00e5det som amerikansk forsvarsomr\u00e5de. <\/p>\n<p>Mexicos utenriksdepartement fjernet skiltene etter \u00e5 ha fastsl\u00e5tt at de stod p\u00e5 mexicansk jord. Sheinbaum forklarer at skiltet ble satt opp av entrepren\u00f8rer som jobbet for en amerikansk myndighet, og at elvebredder som endrer seg gj\u00f8r grenseavklaringen komplisert.<\/p>\n<p>\u2013 Vi opererer p\u00e5 v\u00e5rt territorium, sier Sheinbaum og understreker at Mexicos suverenitet er ufravikelig. Hun har informert b\u00e5de Trump og utenriksminister Marco Rubio om landets posisjon, og opplyser at begge forst\u00e5r begrensningene for amerikansk operasjon p\u00e5 mexicansk jord.<\/p>\n<p>Hendelsen skjer n\u00e6r SpaceX sitt Starbase-anlegg i Boca Chica, Texas, som opererer under kontrakter med NASA og Pentagon. Sheinbaum har tidligere uttrykt bekymring for at romfartsaktiviteter, som eksplosjonstester, kan p\u00e5virke mexicansk territorium.<\/p>\n<p>Spenningen mellom USA og Mexico om milit\u00e6r intervensjon og territorielle sp\u00f8rsm\u00e5l gjenspeiler et bredere konfliktbilde, inkludert tidligere forslag fra Trump om \u00e5 omd\u00f8pe Mexicogolfen til Gulf of America, et initiativ Mexico sterkt har motsatt seg.<\/p>\n<p><script async src=\"https:\/\/platform.twitter.com\/widgets.js\" charset=\"utf-8\"><\/script><\/p>\n","protected":false},"excerpt":{"rendered":"Mexicos president Claudia Sheinbaum sier klart nei til muligheten for amerikanske milit\u00e6re angrep mot narkotikakarteller p\u00e5 mexicansk territorium,&hellip;\n","protected":false},"author":2,"featured_media":61142,"comment_status":"","ping_status":"","sticky":false,"template":"","format":"standard","meta":{"footnotes":""},"categories":[12],"tags":[20,21,8951,55,24,25,15,11988,22,23,5881,13,30,28,29,14,16,26,27,42,43,44,45],"class_list":{"0":"post-91734","1":"post","2":"type-post","3":"status-publish","4":"format-standard","5":"has-post-thumbnail","7":"category-verden","8":"tag-breaking-news","9":"tag-breakingnews","10":"tag-claudia-sheinbaum","11":"tag-donald-trump","12":"tag-featured-news","13":"tag-featurednews","14":"tag-headlines","15":"tag-karteller","16":"tag-latest-news","17":"tag-latestnews","18":"tag-mexico","19":"tag-news","20":"tag-no","21":"tag-norge","22":"tag-norway","23":"tag-nyheter","24":"tag-overskrifter","25":"tag-top-stories","26":"tag-topstories","27":"tag-verden","28":"tag-world","29":"tag-world-news","30":"tag-worldnews"},"share_on_mastodon":{"url":"https:\/\/pubeurope.com\/@no\/115581317601417489","error":""},"_links":{"self":[{"href":"https:\/\/www.europesays.com\/no\/wp-json\/wp\/v2\/posts\/91734","targetHints":{"allow":["GET"]}}],"collection":[{"href":"https:\/\/www.europesays.com\/no\/wp-json\/wp\/v2\/posts"}],"about":[{"href":"https:\/\/www.europesays.com\/no\/wp-json\/wp\/v2\/types\/post"}],"author":[{"embeddable":true,"href":"https:\/\/www.europesays.com\/no\/wp-json\/wp\/v2\/users\/2"}],"replies":[{"embeddable":true,"href":"https:\/\/www.europesays.com\/no\/wp-json\/wp\/v2\/comments?post=91734"}],"version-history":[{"count":0,"href":"https:\/\/www.europesays.com\/no\/wp-json\/wp\/v2\/posts\/91734\/revisions"}],"wp:featuredmedia":[{"embeddable":true,"href":"https:\/\/www.europesays.com\/no\/wp-json\/wp\/v2\/media\/61142"}],"wp:attachment":[{"href":"https:\/\/www.europesays.com\/no\/wp-json\/wp\/v2\/media?parent=91734"}],"wp:term":[{"taxonomy":"category","embeddable":true,"href":"https:\/\/www.europesays.com\/no\/wp-json\/wp\/v2\/categories?post=91734"},{"taxonomy":"post_tag","embeddable":true,"href":"https:\/\/www.europesays.com\/no\/wp-json\/wp\/v2\/tags?post=91734"}],"curies":[{"name":"wp","href":"https:\/\/api.w.org\/{rel}","templated":true}]}}