{"id":91735,"date":"2025-11-20T09:28:16","date_gmt":"2025-11-20T09:28:16","guid":{"rendered":"https:\/\/www.europesays.com\/no\/91735\/"},"modified":"2025-11-20T09:28:16","modified_gmt":"2025-11-20T09:28:16","slug":"er-det-lonnsomt-eller-ikke-det-er-det-alle-lurer-pa-fvn-no","status":"publish","type":"post","link":"https:\/\/www.europesays.com\/no\/91735\/","title":{"rendered":"(+) \u2013 Er det l\u00f8nnsomt eller ikke? Det er det alle lurer p\u00e5. &#8211; fvn.no"},"content":{"rendered":"<ol>\n<li><a href=\"https:\/\/news.google.com\/rss\/articles\/CBMiqAFBVV95cUxPeWxiOGlVSGl0ZFFrTE55QThET291dWJMZUtrRldJeDk1VmNDQ2hjTkVkR3VOSEd6cGd3bXZTc3BGdmRLeUNFWXN6elB1UVhjd0N2Ml8xOUVhUkg2MlNKMHY4TDkxNC1WT2tYLWlhaG9UcWt1dVk5YzRvYXJNWmVpRkdkSzEyNEVHeThfN3Iyc3JvOHV3NjZEOVk4bkUxZlVSNGJpX0drT2g?oc=5\" target=\"_blank\" rel=\"nofollow noopener\">(+) \u2013 Er det l\u00f8nnsomt eller ikke? Det er det alle lurer p\u00e5.<\/a>&nbsp;&nbsp;fvn.no<\/li>\n<li><a href=\"https:\/\/news.google.com\/rss\/articles\/CBMiwAFBVV95cUxQcl81SDFySlFPa0NfbnZjR0JEb1gxck9IcHlhTEEybGc1b2JCOHltQzNjdjJlcC16djdMRF9XekVPbjN3aDFUbUlqYVJ3MmplLTNFNGdJV3NVYnM1eWdXaFpJVksyc19lbWFMWjdUUHNHV2h3RzcwdHhONWNPakFaczk1NVVmQ3FKOTNibk01TDRZYks3SnZPc01aMUk3a2tHOXl6NTRiZXZoVTI5b2hzRDNZX29CNVhDOGc1Qk9oSHU?oc=5\" target=\"_blank\" rel=\"nofollow noopener\">St\u00f8re ringte EU-topp om toll: \u2013 Hun omtaler det som et enkeltst\u00e5ende tilfelle<\/a>&nbsp;&nbsp;E24<\/li>\n<li><a href=\"https:\/\/news.google.com\/rss\/articles\/CBMimAFBVV95cUxNVDE0WjlnMlFOYUNGUkhEc1pKR2tGU1d0ZHlBV0hEZWF3SnJBbmxTWVozb0pyeVM4QzZjakNra1otbklpZC1EejdhY1E0UEZPbnRxbEhPbUs1blluT0Q1Q0VMTzFuRVMxeFllemJIMng3Uk1vU1p0LUI4OVh6c0pMWjZKZUQ5X1lEYkJHVW5JTlFQSElEdmFHYQ?oc=5\" target=\"_blank\" rel=\"nofollow noopener\">Nei, Udjus \u2013 det dummeste er \u00e5 ikke gj\u00f8re noe!<\/a>&nbsp;&nbsp;fvn.no<\/li>\n<li><a href=\"https:\/\/news.google.com\/rss\/articles\/CBMipAFBVV95cUxQMTRFV2J4Z1RoMERscEZaRTBlY1BjVXRuMnhKRHpMYXNPZllHeFpDX2xxU05CdHhKSHVEN2hYUkIxTWxtbDlNU19FLU10eFZIY0xhVzUwRGxKYVRJaGtuYlRVQjV6OE9iS2dLYXUwNzdCWjAwZkl0NXd1M1J5QVA2RlhoQkJnUWUzNXBfRkU3ZDFVNU1WWHRXYnp6ekFWSTdYMWVCaA?oc=5\" target=\"_blank\" rel=\"nofollow noopener\">Island steiler over EUs jernvedtak: \u2013\u2060 N\u00e5 m\u00e5 Norge reagere<\/a>&nbsp;&nbsp;VG<\/li>\n<li><a href=\"https:\/\/news.google.com\/rss\/articles\/CBMimwFBVV95cUxQbEMwcGYzWFdJU242NFpaNkc3MlBWNEs1T0pOeGVxMWpSTXRzWnRYYzJLSzRKbU41cTJNSk9zcFl4aERxZk9oRGNtY25LODl4NHQxU3ZDX0N1UGJCWkNyckw0dGp1NFJlcW9vWXNsazR3dTRSYmlWc2Y5ZkM1M2tXcFdpNS1YcVNiRUtwbkp0ZFkxc0lkNi0yblhGNA?oc=5\" target=\"_blank\" rel=\"nofollow noopener\">Sjef\u00f8konom om Holte-bok: \u2013 Problematikken er h\u00f8yst relevant (+)<\/a>&nbsp;&nbsp;Dagens N\u00e6ringsliv<\/li>\n<\/ol>\n","protected":false},"excerpt":{"rendered":"(+) \u2013 Er det l\u00f8nnsomt eller ikke? Det er det alle lurer p\u00e5.&nbsp;&nbsp;fvn.no St\u00f8re ringte EU-topp om toll:&hellip;\n","protected":false},"author":2,"featured_media":91736,"comment_status":"","ping_status":"","sticky":false,"template":"","format":"standard","meta":{"footnotes":""},"categories":[10],"tags":[20,21,279,274,24,25,15,537,2986,22,23,62,13,30,28,29,14,16,365,26,27],"class_list":{"0":"post-91735","1":"post","2":"type-post","3":"status-publish","4":"format-standard","5":"has-post-thumbnail","7":"category-norge","8":"tag-breaking-news","9":"tag-breakingnews","10":"tag-eu","11":"tag-europa","12":"tag-featured-news","13":"tag-featurednews","14":"tag-headlines","15":"tag-industri","16":"tag-kvinesdal","17":"tag-latest-news","18":"tag-latestnews","19":"tag-naeringsliv","20":"tag-news","21":"tag-no","22":"tag-norge","23":"tag-norway","24":"tag-nyheter","25":"tag-overskrifter","26":"tag-toll","27":"tag-top-stories","28":"tag-topstories"},"share_on_mastodon":{"url":"https:\/\/pubeurope.com\/@no\/115581321629722448","error":""},"_links":{"self":[{"href":"https:\/\/www.europesays.com\/no\/wp-json\/wp\/v2\/posts\/91735","targetHints":{"allow":["GET"]}}],"collection":[{"href":"https:\/\/www.europesays.com\/no\/wp-json\/wp\/v2\/posts"}],"about":[{"href":"https:\/\/www.europesays.com\/no\/wp-json\/wp\/v2\/types\/post"}],"author":[{"embeddable":true,"href":"https:\/\/www.europesays.com\/no\/wp-json\/wp\/v2\/users\/2"}],"replies":[{"embeddable":true,"href":"https:\/\/www.europesays.com\/no\/wp-json\/wp\/v2\/comments?post=91735"}],"version-history":[{"count":0,"href":"https:\/\/www.europesays.com\/no\/wp-json\/wp\/v2\/posts\/91735\/revisions"}],"wp:featuredmedia":[{"embeddable":true,"href":"https:\/\/www.europesays.com\/no\/wp-json\/wp\/v2\/media\/91736"}],"wp:attachment":[{"href":"https:\/\/www.europesays.com\/no\/wp-json\/wp\/v2\/media?parent=91735"}],"wp:term":[{"taxonomy":"category","embeddable":true,"href":"https:\/\/www.europesays.com\/no\/wp-json\/wp\/v2\/categories?post=91735"},{"taxonomy":"post_tag","embeddable":true,"href":"https:\/\/www.europesays.com\/no\/wp-json\/wp\/v2\/tags?post=91735"}],"curies":[{"name":"wp","href":"https:\/\/api.w.org\/{rel}","templated":true}]}}