{"id":91737,"date":"2025-11-20T09:29:14","date_gmt":"2025-11-20T09:29:14","guid":{"rendered":"https:\/\/www.europesays.com\/no\/91737\/"},"modified":"2025-11-20T09:29:14","modified_gmt":"2025-11-20T09:29:14","slug":"internasjonale-forskere-vil-ha-tiltak-mot-ultraprosessert-mat","status":"publish","type":"post","link":"https:\/\/www.europesays.com\/no\/91737\/","title":{"rendered":"Internasjonale forskere vil ha tiltak mot ultraprosessert mat"},"content":{"rendered":"<p class=\"extendedContent hyperion-css-eyn926\" data-test-tag=\"lead-text\">Global forskning viser helseutfordringene ved ultraprosessert mat og etterlyser tiltak p\u00e5 nasjonalt niv\u00e5 \u2013 ogs\u00e5 i Norge.<\/p>\n<p><img decoding=\"async\" class=\"image-asset hyperion-css-u06ts1\" data-test-tag=\"image-asset\" src=\"https:\/\/www.europesays.com\/no\/wp-content\/uploads\/2025\/11\/8cb10f1c-28e0-4bb7-abe5-aaa713fcb1ab\"  alt=\"En norsk pilotstudie fra 2024 viser at norske voksne i gjennomsnitt f\u00e5r 48 prosent av energien sin fra ultraprosesserte produkter. En analyse av det norske forbruksm\u00f8nsteret fra 2019 viste at 46,5 prosent av husholdningenes matutgifter gikk til ultraprosessert mat. \"  loading=\"eager\" fetchpriority=\"high\" style=\"aspect-ratio:2048 \/ 1365\"\/>En norsk pilotstudie fra 2024 viser at norske voksne i gjennomsnitt f\u00e5r 48 prosent av energien sin fra ultraprosesserte produkter. En analyse av det norske forbruksm\u00f8nsteret fra 2019 viste at 46,5 prosent av husholdningenes matutgifter gikk til ultraprosessert mat. Foto: Terje Pedersen \/ NTB<\/p>\n<p>Publisert: 20.11.2025 06:00<\/p>\n<p class=\"paywall hyperion-css-1j42uic\"> En artikkelserie i <a aria-label=\"det medisinske tidsskriftet The Lancet\" class=\"default hyperion-css-1raymq9\" href=\"https:\/\/www.thelancet.com\/series-do\/ultra-processed-food\" target=\"_blank\" rel=\"noopener nofollow noreferrer\" data-test-tag=\"external-link\">det medisinske tidsskriftet The Lancet<\/a> tar denne uken for seg hvordan menneskers helse p\u00e5virkes av ultraprosessert mat, og konkluderer med det som har v\u00e6rt p\u00e5pekt fra mange hold i flere \u00e5r:<\/p>\n<p class=\"paywall hyperion-css-1j42uic\"> \u2013 Ultraprosessert mat er koblet til massive helseproblemer, sier forsker og ern\u00e6ringsbiolog Marit Kolby til <a data-test-tag=\"internal-link\" href=\"https:\/\/www.aftenposten.no\/sprek\/i\/K8Bvay\/ny-the-lancet-serie-om-ultraprosessert-mat-koblet-til-massive-helseproblemer\" class=\"hyperion-css-1raymq9\" rel=\"nofollow noopener\" target=\"\" aria-label=\"Aftenposten\">Aftenposten<\/a>. <\/p>\n<p class=\"paywall hyperion-css-1j42uic\">Hun er en av 43 forfattere som oppsummerer forskningen p\u00e5 feltet i The Lancet.<\/p>\n<p class=\"paywall hyperion-css-1j42uic\">\u2013 Den samlede dokumentasjonen som kommer frem her, b\u00f8r parkere alle tidligere diskusjoner om ultraprosessert mat, sier hun. <\/p>\n<p>Bra med nyansering<\/p>\n<p class=\"paywall hyperion-css-1j42uic\">Helsedirektoratet i Norge \u00f8nsker oppsummeringsstudien p\u00e5 ultraprosessert mat og helse varmt velkommen. <\/p>\n<p class=\"paywall hyperion-css-1j42uic\">Helsemyndighetene her til lands har imidlertid v\u00e6rt varsomme med \u00e5 sette likhetstegn mellom ultraprosessert mat og uhelse, prim\u00e6rt fordi man bruker den s\u00e5kalte Nova-klassifiseringen. Der m\u00e5les mat eller drikke p\u00e5 en skala fra 1 til 4, der 1 er ren vare og 4 er ultraprosessert. Ultraprosessert mat kan v\u00e6re energitett, med lite fiber, h\u00f8yt salt-, fett- og sukkerinnhold og inneholde kunstige tilsetningsstoffer. Men med inndelingen vil for eksempel en del lettprodukter med redusert fett- eller sukkerinnhold inkluderes. <\/p>\n<p class=\"paywall hyperion-css-1j42uic\">\u2013 I Nova-gruppe 4 s\u00e5 har man utelukkende sett p\u00e5 graden av bearbeiding og tilsetninger. Det maskerer litt de sunne produktene. Jeg pleier \u00e5 si at den litt uh\u00e5ndterlige gruppe 4 inkluderer b\u00e5de seigmenn og grovbr\u00f8d bakt i butikk, sier direkt\u00f8r Linda Granlund i Helsedirektoratet til NTB.<\/p>\n<p class=\"paywall hyperion-css-1j42uic\">Hun p\u00e5peker videre at en del tilsetningsstoffer er der for \u00e5 gi matvarene holdbarhet.<\/p>\n<p class=\"paywall hyperion-css-1j42uic\">\u2013 Men slik jeg leser denne forskningen n\u00e5, tar forskerne i tiltaksforslagene til orde for mer nyansering av definisjonen rundt den gruppe 4-kategoriseringen, og det er bra.<\/p>\n<p>Vil reversere utviklingen<\/p>\n<p class=\"paywall hyperion-css-1j42uic\"> I en av artiklene i <a aria-label=\"The Lancet\" class=\"default hyperion-css-1raymq9\" href=\"https:\/\/www.thelancet.com\/journals\/lancet\/article\/PIIS0140-6736(25)01566-1\/abstract\" target=\"_blank\" rel=\"noopener nofollow noreferrer\" data-test-tag=\"external-link\">The Lancet<\/a> foresl\u00e5s flere tiltak som kan gj\u00f8res nasjonale, for \u00e5 reversere utviklingen i produksjon og konsum av ultraprosessert mat.<\/p>\n<p class=\"paywall hyperion-css-1j42uic\">\u2013 N\u00e5r de kommer til disse forskjellige tiltakene, s\u00e5 g\u00e5r de inn mer p\u00e5 matvarekategori, og det er den nyanseringen vi er forn\u00f8yd med. Da er det jo snakk om \u00e5 redusere inntak av usunne produkter. sier Granlund. <\/p>\n<p class=\"paywall hyperion-css-1j42uic\">\u2013 De sier at det b\u00f8r v\u00e6re obligatorisk merking eller advarselsmerking for mettet fett, salt og sukker. S\u00e5 kommer de med et av forslagene som Norge allerede n\u00e5 har innf\u00f8rt: markedsf\u00f8ringsrestriksjoner p\u00e5 usunn mat og drikke rettet mot barn og unge.<\/p>\n<p class=\"paywall hyperion-css-1j42uic\">Helsedirekt\u00f8ren noterer seg ogs\u00e5 et av forslagene som allerede er lagt p\u00e5 bordet i Norge, men ikke innf\u00f8rt:<\/p>\n<p class=\"paywall hyperion-css-1j42uic\">\u2013 De foresl\u00e5r skatter p\u00e5 for eksempel sukkerholdig drikke og at det b\u00f8r v\u00e6re lavere pris p\u00e5, subsidier for, mat vi b\u00f8r spise mer av. Dette er i tr\u00e5d med det vi snakker om n\u00e5r vi snakker om sunn skatteveksling.<\/p>\n<p>Trenger sterkere tiltak<\/p>\n<p class=\"paywall hyperion-css-1j42uic\">Marit Kolby mener \u00e5 diskutere definisjonen av ultraprosessert mat er en avledningsman\u00f8ver, vekk fra de klare faktaene og det helt sentrale funnet: h\u00f8yt inntak av ultraprosessert mat er assosiert med \u00f8kt risiko for overvekt, hjerte- og karsykdommer og andre tilstander, og b\u00f8r reduseres.<\/p>\n<p class=\"paywall hyperion-css-1j42uic\">\u2013 De eneste som har noe \u00e5 tape p\u00e5 det, er den industrien som selger de ultraprosesserte produktene, sier hun til NTB.<\/p>\n<p class=\"paywall hyperion-css-1j42uic\">\u2013 Vi bruker omtrent halvparten av matbudsjettet v\u00e5rt p\u00e5 ultraprosessert mat. Vi ser at jo st\u00f8rre grad av ultraprosessert mat kostholdet har, desto st\u00f8rre risiko for uhelse har du.<\/p>\n<p class=\"paywall hyperion-css-1j42uic\">Kolby p\u00e5peker at kostholdet utvikler seg i en retning som ikke er egnet til \u00e5 opprettholde helse hos befolkningen over tid. <\/p>\n<p class=\"paywall hyperion-css-1j42uic\">\u2013 Vi ser n\u00e5 omfattende helseproblemer og sykefrav\u00e6r i befolkningen, og helseutgifter som skyter i v\u00e6ret. Da tenker jeg at det blir veldig presserende \u00e5 handle p\u00e5 dette her n\u00e5. S\u00e5 det vi m\u00e5 f\u00e5 p\u00e5 plass, er tiltak som gj\u00f8r at befolkningen i st\u00f8rre grad vender tilbake til r\u00e5varer og minimalt prosessert mat, det er ogs\u00e5 helt uten risiko \u00e5 gj\u00f8re det.<\/p>\n","protected":false},"excerpt":{"rendered":"Global forskning viser helseutfordringene ved ultraprosessert mat og etterlyser tiltak p\u00e5 nasjonalt niv\u00e5 \u2013 ogs\u00e5 i Norge. En&hellip;\n","protected":false},"author":2,"featured_media":91738,"comment_status":"","ping_status":"","sticky":false,"template":"","format":"standard","meta":{"footnotes":""},"categories":[5],"tags":[20,21,24,25,15,19,22,23,17,18,13,30,28,29,14,16,26,27],"class_list":{"0":"post-91737","1":"post","2":"type-post","3":"status-publish","4":"format-standard","5":"has-post-thumbnail","7":"category-overskrifter","8":"tag-breaking-news","9":"tag-breakingnews","10":"tag-featured-news","11":"tag-featurednews","12":"tag-headlines","13":"tag-hovedoppslag","14":"tag-latest-news","15":"tag-latestnews","16":"tag-main-news","17":"tag-mainnews","18":"tag-news","19":"tag-no","20":"tag-norge","21":"tag-norway","22":"tag-nyheter","23":"tag-overskrifter","24":"tag-top-stories","25":"tag-topstories"},"share_on_mastodon":{"url":"https:\/\/pubeurope.com\/@no\/115581325602449316","error":""},"_links":{"self":[{"href":"https:\/\/www.europesays.com\/no\/wp-json\/wp\/v2\/posts\/91737","targetHints":{"allow":["GET"]}}],"collection":[{"href":"https:\/\/www.europesays.com\/no\/wp-json\/wp\/v2\/posts"}],"about":[{"href":"https:\/\/www.europesays.com\/no\/wp-json\/wp\/v2\/types\/post"}],"author":[{"embeddable":true,"href":"https:\/\/www.europesays.com\/no\/wp-json\/wp\/v2\/users\/2"}],"replies":[{"embeddable":true,"href":"https:\/\/www.europesays.com\/no\/wp-json\/wp\/v2\/comments?post=91737"}],"version-history":[{"count":0,"href":"https:\/\/www.europesays.com\/no\/wp-json\/wp\/v2\/posts\/91737\/revisions"}],"wp:featuredmedia":[{"embeddable":true,"href":"https:\/\/www.europesays.com\/no\/wp-json\/wp\/v2\/media\/91738"}],"wp:attachment":[{"href":"https:\/\/www.europesays.com\/no\/wp-json\/wp\/v2\/media?parent=91737"}],"wp:term":[{"taxonomy":"category","embeddable":true,"href":"https:\/\/www.europesays.com\/no\/wp-json\/wp\/v2\/categories?post=91737"},{"taxonomy":"post_tag","embeddable":true,"href":"https:\/\/www.europesays.com\/no\/wp-json\/wp\/v2\/tags?post=91737"}],"curies":[{"name":"wp","href":"https:\/\/api.w.org\/{rel}","templated":true}]}}