{"id":91742,"date":"2025-11-20T09:35:17","date_gmt":"2025-11-20T09:35:17","guid":{"rendered":"https:\/\/www.europesays.com\/no\/91742\/"},"modified":"2025-11-20T09:35:17","modified_gmt":"2025-11-20T09:35:17","slug":"nye-opplysninger-kaster-lys-over-ismoralpoliti-i-beryktede-leire-nrk-norge-oversikt-over-nyheter-fra-ulike-deler-av-landet","status":"publish","type":"post","link":"https:\/\/www.europesays.com\/no\/91742\/","title":{"rendered":"Nye opplysninger kaster lys over IS\u00b4moralpoliti i beryktede leire \u2013 NRK Norge \u2013 Oversikt over nyheter fra ulike deler av landet"},"content":{"rendered":"<p>Opplysningene ble samlet inn av PST og p\u00e5talemyndigheten etter at de norske s\u00f8strene fra B\u00e6rum anket dommen mot seg.<\/p>\n<p>Kvinnene ble i Oslo tingrett d\u00f8mt til <a href=\"https:\/\/www.nrk.no\/norge\/baerum-sostrene-domde-til-fengsel-for-deltaking-i-is-1.17217122\" ec-id=\"pp:article:1.17217122\" ec-name=\"to og fire \u00e5rs fengsel\" rel=\"nofollow noopener\" target=\"_blank\">to og fire \u00e5rs fengsel<\/a> for deltagelse i IS.<\/p>\n<p><strong>Det nye materialet kaster lys over hvordan IS sitt moralpoliti skal ha operert i de store leirene Al Hol og Roj, og brutaliteten kvinner der kunne bli utsatt for. <\/strong><\/p>\n<p>Leirene huser i dag i overkant av 30.000 personer, blant dem to norske kvinner og s\u00f8nnen til en av kvinnene.<\/p>\n<p><img decoding=\"async\"   src=\"data:image\/gif;base64,R0lGODlhAQABAIAAAAAAAP\/\/\/yH5BAEAAAAALAAAAAABAAEAAAIBRAA7\" loading=\"eager\" alt=\"En massiv teltleir sett fra luften\" title=\"Foto: DELIL SOULEIMAN \/ AFP\"\/><\/p>\n<p class=\"\">Den overfylte Al Hol-leiren huset rundt 70.000 personer p\u00e5 det meste. I dag bor det i underkant av 30.000 personer i leiren. <\/p>\n<p>Foto: DELIL SOULEIMAN \/ AFP<\/p>\n<p>Materialet inneholder ogs\u00e5 nye detaljer om vaktordninger, angre-ritual og vold. If\u00f8lge opplysningene skal s\u00f8strene ha v\u00e6rt med p\u00e5 noen av disse aktivitetene.<\/p>\n<p><strong>NRK f\u00e5tt innsyn i et avh\u00f8r og innholdet fra et telefonbeslag av Det nasjonale statsadvokatembetet (Nast).<\/strong><\/p>\n<p>\u2013 Dette dreier seg om nye opplysninger som har fremkommet i etterforskningen etter tingrettens dom, sier statsadvokat Marit Formo til NRK.\n<\/p>\n<p><img decoding=\"async\"   src=\"data:image\/gif;base64,R0lGODlhAQABAIAAAAAAAP\/\/\/yH5BAEAAAAALAAAAAABAAEAAAIBRAA7\" loading=\"eager\" alt=\" Statsadvokat Marit Formo\" title=\"Foto: Heiko Junge \/ NTB\"\/><\/p>\n<p class=\"\">Marit Formo er statsadvokat i Det nasjonale statsadvokatembetet (Nast). Her avbildet under rettssaken mot s\u00f8strene i Oslo tingrett. <\/p>\n<p>Foto: Heiko Junge \/ NTB<\/p>\n<p>S\u00f8strenes forsvarere, advokatene Hilde Firman Fjells\u00e5 og Tor Omar Nyquist i advokatfirmaet Lippestad, vil ikke kommentere noen av de nye opplysningene.<\/p>\n<p>\u2013 Vi viser til v\u00e5re klienters begrunnelse for \u00e5 trekke ankene, utover det har vi ingen kommentarer, skriver Fjells\u00e5 i en SMS.<\/p>\n<p>S\u00f8strene trakk ankene sine like f\u00f8r saken skulle starte i Borgarting lagmannsrett av <a href=\"https:\/\/www.nrk.no\/norge\/terrordomt-soster-fra-baerum-trekker-anke-1.17592052\" ec-id=\"pp:article:1.17592052\" ec-name=\"hensyn til barna\" rel=\"nofollow noopener\" target=\"_blank\">hensyn til barna<\/a> og <a href=\"https:\/\/www.nrk.no\/stor-oslo\/den-yngste-av-de-terrordomte-sostrene-fra-baerum-trekker-anken-1.17593708\" ec-id=\"pp:article:1.17593708\" ec-name=\"belastningen\" rel=\"nofollow noopener\" target=\"_blank\">belastningen<\/a> saken har medf\u00f8rt. Kvinnene har hele tiden nektet straffskyld, og forklart at de dro til Syria for \u00e5 hjelpe sivile.<\/p>\n<p><img decoding=\"async\"   src=\"data:image\/gif;base64,R0lGODlhAQABAIAAAAAAAP\/\/\/yH5BAEAAAAALAAAAAABAAEAAAIBRAA7\" loading=\"eager\" alt=\"Rettssak mot de terrortiltalte s\u00f8strene fra B\u00e6rum\" title=\"Foto: NTB\"\/><\/p>\n<p class=\"\">Advokatene Hilde Firman Fjells\u00e5 (til venstre) og Tor Omar Nyquist da de var forsvarere for s\u00f8strene under rettssaken mot dem h\u00f8sten 2024. <\/p>\n<p>Foto: NTB<\/p>\n<p>Utropt som spion \u2013 s\u00e5 ble hun angrepet<\/p>\n<p><strong>I ankesaken skulle det bli f\u00f8rt bildebevis som viser alvorlighetsgraden av angrepet p\u00e5 en russisk IS-kvinne.<\/strong><\/p>\n<p>Den eldste s\u00f8steren er d\u00f8mt for \u00e5 ha v\u00e6rt involvert i prosessen som endte med at kvinnen ble angrepet.<\/p>\n<p>Det er ikke holdepunkter for at den eldste b\u00e6rumss\u00f8steren var med p\u00e5 selve angrepet.<\/p>\n<p><strong>Den russiske kvinnen, som vi velger \u00e5 kalle Umm Adam, var en av ytterste f\u00e5 som h\u00f8ylytt tok avstand til IS i Al Hol. <\/strong><\/p>\n<p><img decoding=\"async\"   src=\"data:image\/gif;base64,R0lGODlhAQABAIAAAAAAAP\/\/\/yH5BAEAAAAALAAAAAABAAEAAAIBRAA7\" loading=\"eager\" alt=\"Skadene i hodet til &quot;Umm Adam&quot;\" title=\"Foto: Privat \/ NRK\"\/><\/p>\n<p class=\"\">Stingene i hodet til Umm Adam etter at en gruppe kvinner kastet seg over henne i Al Hol-leiren. <\/p>\n<p>Foto: Privat \/ NRK<\/p>\n<p>\u2013 Jeg ble beskyldt for \u00e5 jobbe for kurderne. Men alle visste hvorfor jeg hadde blitt banket opp. Det var fordi jeg gikk \u00e5pent ut mot IS, sa Umm Adam da NRK var i kontakt med henne for noen m\u00e5neder siden.<\/p>\n<p>\u00c5 arbeide med leirledelsen eller milit\u00e6ret var ansett som \u00e5 spionere. I kalifatet var det <a href=\"https:\/\/www.brookings.edu\/wp-content\/uploads\/2016\/07\/Brookings-Analysis-Paper_Mara-Revkin_Web.pdf\" ec-id=\"https:\/\/www.brookings.edu\/wp-content\/uploads\/2016\/07\/Brookings-Analysis-Paper_Mara-Revkin_Web.pdf\" ec-name=\"d\u00f8dsstraff for spionasje\" rel=\"nofollow noopener\" target=\"_blank\">d\u00f8dsstraff for spionasje<\/a>.<\/p>\n<p>Hva er moralpolitet i leir?<\/p>\n<ul>\n<li>Da IS ble bekjempet i Syria og Irak ble titusenvis av kvinner som hadde levd i terrorgruppas omr\u00e5der internerte i store leire nord\u00f8st i Syria<\/li>\n<li>Leirene ble et fengsel, men ogs\u00e5 en kamparena for kvinnene. I leirene fors\u00f8kte de mest svorne IS-medlemmene \u00e5 opprettholde de brutale lovene og normene som gjaldt i kalifatet.<\/li>\n<li>Enkelte dannet et moralpoliti, som tidlig ble knyttet til <a href=\"https:\/\/documents.un.org\/doc\/undoc\/gen\/n19\/439\/92\/pdf\/n1943992.pdf?OpenElement\" ec-id=\"https:\/\/documents.un.org\/doc\/undoc\/gen\/n19\/439\/92\/pdf\/n1943992.pdf\" ec-name=\"d\u00f8delige angrep\" rel=\"nofollow noopener\" target=\"_blank\">d\u00f8delige angrep<\/a> i leiren.<\/li>\n<li>NRK har tidligere avsl\u00f8rt at s\u00f8strene ble regnet som en del av moralpolitiet av myndighetene i omr\u00e5det. Dette har de selv avvist.<\/li>\n<\/ul>\n<p>(Kilde: NRK)<\/p>\n<p>Skal ha blitt sydd 40 steder<\/p>\n<p>I mars 2021 skrev den eldste s\u00f8steren en melding om flere spioner som skulle bli \u00abtatt ut\u00bb, blant dem Umm Adam:<\/p>\n<p>\u00abVi gj\u00f8r ingenting akkurat n\u00e5\u00bb, skrev den norske kvinnen. \u00abVi venter bare p\u00e5 tillatelse til \u00e5 gj\u00f8re jobben\u00bb.<\/p>\n<p>Tillatelsen skulle komme fra en IS-dommer utenfor leiren.<\/p>\n<p>Noen m\u00e5neder senere skjedde angrepet mot Umm Adam. En varm og stille junidag samlet en gruppe kvinner seg bak russeren.<\/p>\n<p><strong>\u2013 Jeg snudde meg. S\u00e5 ble jeg angrepet med hammere og kniver. Det var mellom ti og tolv angripere. Alle var svartkledde, selvf\u00f8lgelig, sier Umm Adam.<\/strong>\n<\/p>\n<p><img decoding=\"async\"   src=\"data:image\/gif;base64,R0lGODlhAQABAIAAAAAAAP\/\/\/yH5BAEAAAAALAAAAAABAAEAAAIBRAA7\" loading=\"eager\" alt=\"Skadene til Umm Adam \" title=\"Foto: Privat \/ NRK\"\/><\/p>\n<p class=\"\">Bl\u00e5merkene p\u00e5 halsen til Umm Adam viser noen av skadene etter angrepet. <\/p>\n<p>Foto: Privat \/ NRK<\/p>\n<p>Umm Adam ble sl\u00e5tt og kuttet til hun l\u00e5 i en blodp\u00f8l p\u00e5 bakken.<\/p>\n<p>\u2013 De trodde jeg var d\u00f8d. S\u00e5 de lot meg v\u00e6re og gikk, sier hun til NRK.<\/p>\n<p>Hun klarte \u00e5 tilkalle hjelp og ble fraktet til et sykehus utenfor leiren. Umm Adam ansl\u00e5r at hun ble sydd rundt 40 steder i hodet.<\/p>\n<p><strong>NRK har f\u00e5tt flere bilder av skadene til den russiske kvinnen. Bildene viser en rekke s\u00e5rskader og et titalls sting i hodet hennes. <\/strong><\/p>\n<p>\u00abIkke glem eller sov\u00bb<\/p>\n<p>If\u00f8lge de nye opplysningene skal den eldste s\u00f8steren ogs\u00e5 ha hatt ribat, eller vakttjeneste, i leiren Al Hol.<\/p>\n<p>P\u00e5 denne tiden <a href=\"https:\/\/www.nrk.no\/urix\/xl\/_-jeg-angrer-_-vaer-sa-snill-og-hjelp-oss-1.14468069\" ec-id=\"pp:article:1.14468069\" ec-name=\"tryglet mange kvinner\" rel=\"nofollow noopener\" target=\"_blank\">tryglet mange kvinner<\/a> om at hjemlandene deres skulle ta dem tilbake. Samtidig mente IS at det var en stor synd \u00e5 be om repatriering. De \u00f8nsket at kvinnene skulle holde liv i kalifatet.<\/p>\n<p>\u2013 Fra IS sin side var det viktig at kvinnene opprettholdt ideen om kalifatet, sier forsker Truls T\u00f8nnessen. Han var aktoratets sakkyndige i tingrettssaken mot s\u00f8strene.<\/p>\n<p><img decoding=\"async\"   src=\"data:image\/gif;base64,R0lGODlhAQABAIAAAAAAAP\/\/\/yH5BAEAAAAALAAAAAABAAEAAAIBRAA7\" loading=\"eager\" alt=\"IS-kvinner i Al Hol i 2019\" title=\"Foto: Christine Svendsen \/ NRK\"\/><\/p>\n<p class=\"\">En gruppe IS-kvinner i Al Hol-leiren, som forsvarte terrorgruppas praksis med blant annet halshugginger. \u2013 Drapene var \u00e5 praktisere Allahs lover, de som har forlatt Allahs vei ble drept, sa en av kvinnene til NRK i 2019. <\/p>\n<p>Foto: Christine Svendsen \/ NRK<\/p>\n<p><strong>Form\u00e5let med vakttjenesten skal ha v\u00e6rt \u00e5 hindre at kvinner ble hentet ut av leiren.<\/strong><\/p>\n<p>Opplysningene ble funnet p\u00e5 telefonen til en britisk IS-kvinne. PST fikk innholdet i telefonen fra FBI noen uker f\u00f8r ankesaken skulle ha startet.<\/p>\n<p>I oktober 2020 sendte briten en melding i en gruppechat om hvor viktig patruljen var.<\/p>\n<p><strong>\u00abDe tobeinte hundene tar s\u00f8stre fra forskjellige land\u00bb, sto det i meldingen. \u00abVed at du gj\u00f8r ribat, kan du faktisk forhindre at en s\u00f8ster blir tatt\u00bb.<\/strong><\/p>\n<p>If\u00f8lge meldingen var det behov for at kvinner skulle ha vakt fra klokken 21 til daggry.<\/p>\n<p>I januar 2021 skal den eldste s\u00f8steren ha f\u00e5tt en melding om \u00e5 huske sin egen vakt: \u00abDin ribat er klokken 3.00. Ikke glem eller sov\u00bb.<\/p>\n<p>Forsker T\u00f8nnessen knytter ribat-aktiviteten i leiren til moralpolitiet.<\/p>\n<p>\u2013 Ja, i denne konteksten er det naturlig. Det virker som et indre vakthold i leiren. De ville passe p\u00e5 hverandre, og at ingen ble tatt eller overf\u00f8rt til en annen leir.<\/p>\n<p>Verdens farligste sted<\/p>\n<ul>\n<li>Etter april 2019 ble leiren stadig med utrygg, if\u00f8lge <a href=\"https:\/\/resourcecentre.savethechildren.net\/document\/remember-the-armed-men-who-wanted-to-kill-mum-the-hidden-toll-of-violence-in-al-hol-on-syrian-and-iraqi-children\" ec-id=\"https:\/\/resourcecentre.savethechildren.net\/document\/remember-the-armed-men-who-wanted-to-kill-mum-the-hidden-toll-of-violence-in-al-hol-on-syrian-and-iraqi-children\" ec-name=\"Redd Barna\" rel=\"nofollow noopener\" target=\"_blank\">Redd Barna<\/a>.<\/li>\n<li>I 2020 beskrev en <a href=\"https:\/\/www.securitycouncilreport.org\/atf\/cf\/%7B65BFCF9B-6D27-4E9C-8CD3-CF6E4FF96FF9%7D\/S_2021_655_E.pdf\" ec-id=\"https:\/\/www.securitycouncilreport.org\/atf\/cf\/%7B65BFCF9B-6D27-4E9C-8CD3-CF6E4FF96FF9%7D\/S_2021_655_E.pdf\" ec-name=\"rapport\" rel=\"nofollow noopener\" target=\"_blank\">rapport<\/a> fra FNs sikkerhetsr\u00e5d at ekstreme kvinner i leiren hadde dannet et moralpoliti, hisbah, og at to kvinner var drept av dem for umoralsk oppf\u00f8rsel.<\/li>\n<li>FNs h\u00f8ykommiss\u00e6r for menneskerettigheter opplyser til NRK at de har dokumentert 60 drap i leiren i 2021 og 36 i 2022.<\/li>\n<li>Tallene viser at Al Hol var et av verdens suverent farligste steder i 2021, med en mordrate p\u00e5 105. Til sammenligning hadde Irak \u2013 landet med h\u00f8yest mordrate i verden samme \u00e5r \u2013 en rate p\u00e5 83.<\/li>\n<li>If\u00f8lge Redd Barna skjedde de fleste drapene i delen av Al Hol som huset irakiske og syriske kvinner, menn og barn.<\/li>\n<\/ul>\n<p>(Kilder: FNs h\u00f8ykommis\u00e6r for menneskerettigheter, Redd Barna, FNs sikkerhetsr\u00e5d)<\/p>\n<p>Skal ha v\u00e6rt med p\u00e5 et ritual for \u00e5 rense \u00abspion\u00bb<\/p>\n<p>I det nye materialet er det ogs\u00e5 et vitneavh\u00f8r av en fransk kvinne. Avh\u00f8ret ble gjort i september i \u00e5r i Frankrike.<\/p>\n<p>39-\u00e5ringen har <a href=\"https:\/\/www.nrk.no\/norge\/vitne-om-is-tiltalte-sostre-i-syria_-_-de-truet-og-sk_emte-1.17125135\" ec-id=\"pp:article:1.17125135\" ec-name=\"knyttet s\u00f8strene til grupperingene som \u00abtruet og skremte\u00bb\" rel=\"nofollow noopener\" target=\"_blank\">knyttet s\u00f8strene til grupperingene som \u00abtruet og skremte\u00bb<\/a> andre i leir.<\/p>\n<p>I avh\u00f8ret svarer 39-\u00e5ringen \u00abja\u00bb p\u00e5 at den eldste s\u00f8steren var en del av IS og moralpolitiet i leir. Om den yngste sier hun at nordmannen var en del av Den islamske stat, men ikke moralpolitiet.<\/p>\n<p>\u2013 Hun var mindre voldsom.<\/p>\n<p>Kvinnen ble selv beskyldt for \u00e5 v\u00e6re en vantro forr\u00e6der, fordi hun jobbet for milit\u00e6ret og ledelsen i leiren.<\/p>\n<p><img decoding=\"async\"   src=\"data:image\/gif;base64,R0lGODlhAQABAIAAAAAAAP\/\/\/yH5BAEAAAAALAAAAAABAAEAAAIBRAA7\" loading=\"eager\" alt=\"Tre kvinner som alle var gift meg IS-krigere eskorteres av en sikkerhetsvakt inne i al-Hol-leiren. Bildet er tatt 23. juli i \u00e5r.\" title=\"Foto: DELIL SOULEIMAN\"\/><\/p>\n<p class=\"\">En soldat fra kurdisk-dominerte SDF st\u00e5r foran en gruppe IS-kvinner i Al Hol. Soldatene og vaktene var forhatt av mange. IS satt enkelte av dem p\u00e5 d\u00f8dslister, som ble sirkulert p\u00e5 sosiale medier. <\/p>\n<p>Foto: DELIL SOULEIMAN<\/p>\n<p>I avh\u00f8ret forteller 39-\u00e5ringen at hun opplevde d\u00f8dstrusler p\u00e5 grunn av dette.<\/p>\n<p>Arbeidet med leirledelsen skal ha v\u00e6rt bakgrunnen for at hun i slutten av 2020 ble innkalt til et slags renselsrituale. I det nye avh\u00f8ret hevder hun at den yngste s\u00f8steren var til stede.<\/p>\n<p><strong>\u2013 F\u00f8rst leste en av dem Koranen og varmet opp vann for angreritualet. De sto i sirkel. De forklarte meg, ved hjelp av religi\u00f8se bevis, at det var trosfrafall. At det jeg gjorde var alvorlig.<\/strong><\/p>\n<p>I islam finnes det et ritual som kalles salat al-tawba. Konseptet handler om \u00e5 be Gud om tilgivelse for sine synder.<\/p>\n<p>\u2013 Det er en seremoni hvor man kan inkludere vannritualet, forklarer FFI-forsker Truls T\u00f8nnessen.<\/p>\n<p><img decoding=\"async\"   src=\"data:image\/gif;base64,R0lGODlhAQABAIAAAAAAAP\/\/\/yH5BAEAAAAALAAAAAABAAEAAAIBRAA7\" loading=\"eager\" alt=\"Truls T\u00f8nnessen\" title=\"Foto: NRK\"\/><\/p>\n<p class=\"\">Truls T\u00f8nnessen er forsker ved Forsvarets forskningsinstitutt (FFI). <\/p>\n<p>Foto: NRK<\/p>\n<p>IS var opptatt av dette konseptet.<\/p>\n<p>\u2013 Det er en frist p\u00e5 hvor lang tid du kan bruke p\u00e5 \u00e5 angre deg. Hvis du ikke gjorde det innen den perioden, s\u00e5 var du sett p\u00e5 som vantro og kunne bli straffet, sier terrorforskeren.<\/p>\n<p>39-\u00e5ringen skal ha nektet \u00e5 fullf\u00f8re ritualet, og fortsatte arbeidet med kurderne.<\/p>\n<p>Skal ha blitt konfrontert av stores\u00f8ster f\u00f8r angrep<\/p>\n<p>I mai 2021 ble ogs\u00e5 den eldste s\u00f8steren flyttet til samme leir som den franske kvinnen og den yngste b\u00e6rumss\u00f8steren allerede var i.<\/p>\n<p>I avh\u00f8ret forteller 39-\u00e5ringen at ogs\u00e5 den eldste s\u00f8steren skal ha konfrontert den franske kvinnen:<\/p>\n<p>\u2013 Hun sa til meg at det p\u00e5 et tidspunkt ikke lenger ville v\u00e6re noen d\u00f8r til \u00e5 uttrykke anger.\n<\/p>\n<p><img decoding=\"async\"   src=\"data:image\/gif;base64,R0lGODlhAQABAIAAAAAAAP\/\/\/yH5BAEAAAAALAAAAAABAAEAAAIBRAA7\" loading=\"eager\" alt=\"to personer if\u00f8rt svarte kapper\" title=\"Foto: GUNNAR BRATTHAMMER \/ NRK\"\/><\/p>\n<p class=\"\">S\u00f8strene i leiren Roj. <\/p>\n<p>Foto: GUNNAR BRATTHAMMER \/ NRK<\/p>\n<p>I avh\u00f8ret ble kvinnen spurt om hva hun trodde den eldste s\u00f8steren mente med dette, og om det var en trussel.<\/p>\n<p><strong>\u2013 Ja, det er en del av deres ideologi. De oppfordrer til \u00e5 uttrykke anger ved \u00e5 fremlegge bevis for trosfrafall. Hvis kvinnen virkelig nekter, kommer d\u00f8den til f\u00f8lge.<\/strong><\/p>\n<p>Noen dager etter det angivelig m\u00f8tet med den eldste s\u00f8steren, skal 39-\u00e5ringen ha blitt angrepet i leiren.<\/p>\n<p>\u2013 Ved porten, f\u00f8r jeg n\u00e5dde utgangen, gikk de l\u00f8s p\u00e5 meg.<\/p>\n<p><strong>I avh\u00f8ret svarer den franske kvinnen \u00abvet ikke\u00bb p\u00e5 sp\u00f8rsm\u00e5l om angrepet hang sammen med at hun hadde blitt stoppet av b\u00e6rumss\u00f8steren noen dager tidligere.<\/strong><\/p>\n<p>I juli 2022 ble 39-\u00e5ringen hentet hjem til Frankrike. Hun er blant annet under etterforskning for deltagelse i et kriminelt forbund.<\/p>\n<p>\u2013 Ville v\u00e6rt av betydning for ankesaken<\/p>\n<p>Statsadvokat Marit Formo forteller at opplysningene fra vitneavh\u00f8ret, bildene og materialet fra telefonen var ment f\u00f8rt som bevis under ankeforhandlingen.<\/p>\n<p><strong>\u2013 V\u00e5r oppfatning var at dette var bevis som ville v\u00e6rt av betydning for ankesaken, for begge de to tiltalte. Fordi ankene n\u00e5 er trukket og bevisene ikke vil bli f\u00f8rt for retten s\u00e5 \u00f8nsker jeg ikke n\u00e6rmere \u00e5 kommentere innholdet i opplysningene, sier Formo.<\/strong><\/p>\n<p><img decoding=\"async\"   src=\"data:image\/gif;base64,R0lGODlhAQABAIAAAAAAAP\/\/\/yH5BAEAAAAALAAAAAABAAEAAAIBRAA7\" loading=\"eager\" alt=\"Rettssak mot de terrortiltalte s\u00f8strene fra B\u00e6rum\" title=\"Foto: NTB\"\/><\/p>\n<p class=\"\">Aktoratet i straffesaken mot s\u00f8strene. Politiadvokat Kathrine Tonstad til venstre, statsadvokatene Anne Karoline Bakken Staff og Marit Formo til h\u00f8yre. <\/p>\n<p>Foto: NTB<\/p>\n<p>Under rettssaken mot s\u00f8strene i fjor h\u00f8st, sa ogs\u00e5 statsadvokat Formo at det var fullt ut bevist at den eldste s\u00f8steren var en del av moralpolitiet. Aktoratet mente deltagelse i moralpolitiet var det alvorligste tiltalepunktet mot den eldste s\u00f8steren.<\/p>\n<p>S\u00f8steren medgikk i retten at hun var del av en gruppering, men <a href=\"https:\/\/www.nrk.no\/norge\/is-tiltalt-om-tida-i-interneringsleir_-_-_snitches-get-stiches_-1.17086698\" ec-id=\"pp:article:1.17086698\" ec-name=\"avvist\" rel=\"nofollow noopener\" target=\"_blank\">avvist<\/a>e at den hadde noe med IS \u00e5 gj\u00f8re.<\/p>\n<p>\u2013 I tiltalen st\u00e5r det at jeg har v\u00e6rt med p\u00e5 \u00e5 kontrollere folk som har v\u00e6rt med i IS, og at jeg har gjort ting for \u00e5 true dem eller v\u00e6re aggressiv mot dem. Men det har ingenting med IS \u00e5 gj\u00f8re, sa den eldste da hun forklarte seg i Oslo tingrett.<\/p>\n<p>Publisert<\/p>\n<p>20.11.2025, kl. 05.22<\/p>\n<p>Oppdatert<\/p>\n<p>20.11.2025, kl. 07.49<\/p>\n","protected":false},"excerpt":{"rendered":"Opplysningene ble samlet inn av PST og p\u00e5talemyndigheten etter at de norske s\u00f8strene fra B\u00e6rum anket dommen mot&hellip;\n","protected":false},"author":2,"featured_media":91743,"comment_status":"","ping_status":"","sticky":false,"template":"","format":"standard","meta":{"footnotes":""},"categories":[10],"tags":[20,21,24,25,15,22,23,13,30,28,29,14,16,26,27],"class_list":{"0":"post-91742","1":"post","2":"type-post","3":"status-publish","4":"format-standard","5":"has-post-thumbnail","7":"category-norge","8":"tag-breaking-news","9":"tag-breakingnews","10":"tag-featured-news","11":"tag-featurednews","12":"tag-headlines","13":"tag-latest-news","14":"tag-latestnews","15":"tag-news","16":"tag-no","17":"tag-norge","18":"tag-norway","19":"tag-nyheter","20":"tag-overskrifter","21":"tag-top-stories","22":"tag-topstories"},"share_on_mastodon":{"url":"https:\/\/pubeurope.com\/@no\/115581349148739007","error":""},"_links":{"self":[{"href":"https:\/\/www.europesays.com\/no\/wp-json\/wp\/v2\/posts\/91742","targetHints":{"allow":["GET"]}}],"collection":[{"href":"https:\/\/www.europesays.com\/no\/wp-json\/wp\/v2\/posts"}],"about":[{"href":"https:\/\/www.europesays.com\/no\/wp-json\/wp\/v2\/types\/post"}],"author":[{"embeddable":true,"href":"https:\/\/www.europesays.com\/no\/wp-json\/wp\/v2\/users\/2"}],"replies":[{"embeddable":true,"href":"https:\/\/www.europesays.com\/no\/wp-json\/wp\/v2\/comments?post=91742"}],"version-history":[{"count":0,"href":"https:\/\/www.europesays.com\/no\/wp-json\/wp\/v2\/posts\/91742\/revisions"}],"wp:featuredmedia":[{"embeddable":true,"href":"https:\/\/www.europesays.com\/no\/wp-json\/wp\/v2\/media\/91743"}],"wp:attachment":[{"href":"https:\/\/www.europesays.com\/no\/wp-json\/wp\/v2\/media?parent=91742"}],"wp:term":[{"taxonomy":"category","embeddable":true,"href":"https:\/\/www.europesays.com\/no\/wp-json\/wp\/v2\/categories?post=91742"},{"taxonomy":"post_tag","embeddable":true,"href":"https:\/\/www.europesays.com\/no\/wp-json\/wp\/v2\/tags?post=91742"}],"curies":[{"name":"wp","href":"https:\/\/api.w.org\/{rel}","templated":true}]}}