{"id":91746,"date":"2025-11-20T09:37:10","date_gmt":"2025-11-20T09:37:10","guid":{"rendered":"https:\/\/www.europesays.com\/no\/91746\/"},"modified":"2025-11-20T09:37:10","modified_gmt":"2025-11-20T09:37:10","slug":"fikk-nok-det-var-heftig","status":"publish","type":"post","link":"https:\/\/www.europesays.com\/no\/91746\/","title":{"rendered":"Fikk nok: &#8211; Det var heftig"},"content":{"rendered":"<p class=\"kicker \" style=\"\">Tordentale fra Siegfried Mazet<\/p>\n<p>  Inne i sin siste sesong som trener for de norske stjernene tok Siegfried Mazet (47) ordet: &#8211; Han var fly forbanna, sier Vetle Sj\u00e5stad Christiansen (33).\u00a0<\/p>\n<p>\n    VARIERENDE SESONG\u00c5PNING: Siegfried Mazet er inne i sin siste sesong som trener for det norske skiskytterlandslaget. P\u00e5 l\u00f8rdagens kveldsm\u00f8te fikk han nok. Foto: Geir Olsen \/ NTB\n  <\/p>\n<p>    Kort fortalt<\/p>\n<ul lang=\"nb-NO\">\n<li>Martin Uldal sikret eneste pallplass for de norske herrene i sesong\u00e5pningen p\u00e5 Geilo.<\/li>\n<li>Trener Siegfried Mazet uttrykte misn\u00f8ye med prestasjonene under et heftig kveldsm\u00f8te.<\/li>\n<li>Vetle Sj\u00e5stad Christiansen, Isak Frey og Johan-Olav Botn ble valgt til verdenscup\u00e5pningen i \u00d6stersund.<\/li>\n<li>Johannes Dale-Skjevdal m\u00e5 kjempe i IBU-cup etter \u00e5 ha blitt vraket til verdenscupen.<\/li>\n<\/ul>\n<p class=\"italic ai-disclaimer\" data-lab-italic=\"italic\">Sammendraget er laget av ChatGPT og godkjent av Dagbladet.<\/p>\n<p>      Vis mer<br \/>\n      Vis mindre<\/p>\n<p>GEILO (Dagbladet): Sesong\u00e5pningen for de norske herrene var midt p\u00e5 treet. Martin Uldals tredjeplass p\u00e5 fellesstarten var den eneste pallplassen elitegutta leverte. <\/p>\n<p>P\u00e5 l\u00f8rdagens sprint var Vetle Sj\u00e5stad Christiansen den eneste landslagsl\u00f8peren som kom innenfor topp ti.<\/p>\n<p class=\"font-weight-bold m-font-weight-bold\" data-lab-font_weight=\"font-weight-bold\">Da laget kom tilbake til hotellet, tok det fyr p\u00e5 kveldsm\u00f8tet. Trener Siegfried Mazet var alt annet enn forn\u00f8yd med resultatene.<\/p>\n<p>    Resultater for elitelandslaget p\u00e5 Geilo<\/p>\n<p class=\"font-weight-bold m-font-weight-bold\" data-lab-font_weight=\"font-weight-bold\">Sturla Holm L\u00e6greid:\u00a0<\/p>\n<ul>\n<li class=\"lab-bodytext-line\">Sprint: 17.- plass<\/li>\n<li class=\"lab-bodytext-line\">Fellesstart: 7.- plass<\/li>\n<\/ul>\n<p class=\"font-weight-bold m-font-weight-bold\" data-lab-font_weight=\"font-weight-bold\">Vetle Sj\u00e5stad Christiansen<\/p>\n<ul>\n<li class=\"lab-bodytext-line\">Sprint: 4.- plass<\/li>\n<li class=\"lab-bodytext-line\">Fellesstart: 5.- plass<\/li>\n<\/ul>\n<p class=\"font-weight-bold m-font-weight-bold\" data-lab-font_weight=\"font-weight-bold\">Endre Str\u00f8msheim<\/p>\n<ul>\n<li class=\"lab-bodytext-line\">Sprint: 36.- plass<\/li>\n<li class=\"lab-bodytext-line\">Fellesstart: 21.- plass<\/li>\n<\/ul>\n<p class=\"font-weight-bold m-font-weight-bold\" data-lab-font_weight=\"font-weight-bold\">Vebj\u00f8rn S\u00f8rum<\/p>\n<ul>\n<li class=\"lab-bodytext-line\">Sprint: 46.- plass<\/li>\n<li class=\"lab-bodytext-line\">Fellesstart: DNF<\/li>\n<\/ul>\n<p class=\"font-weight-bold m-font-weight-bold\" data-lab-font_weight=\"font-weight-bold\">Martin Uldal<\/p>\n<ul>\n<li class=\"lab-bodytext-line\">Sprint: 32.- plass<\/li>\n<li class=\"lab-bodytext-line\">Fellesstart: 3.- plass<\/li>\n<\/ul>\n<p class=\"font-weight-bold m-font-weight-bold no_italic m-no_italic\" data-lab-italic=\"\" data-lab-font_weight=\"font-weight-bold\">Johannes Dale-Skjevdal<\/p>\n<ul>\n<li class=\"lab-bodytext-line\">Sprint: 22.- plass<\/li>\n<li class=\"lab-bodytext-line\">Fellesstart: 6.- plass<\/li>\n<\/ul>\n<p>      Vis mer<br \/>\n      Vis mindre<\/p>\n<p>&#8211; Det var heftig, og Sturla pr\u00f8vde \u00e5 g\u00e5 inn i en diskusjon, men han la seg p\u00e5 rygg ganske fort. Det var h\u00e5pl\u00f8st, sier Sj\u00e5stad Christiansen og fortsetter:<\/p>\n<p>&#8211; Han var fly forbanna. De fleste av oss hadde ikke m\u00f8tt opp p\u00e5 jobb, og kanskje spesielt de som var forh\u00e5ndsuttatt. Han var skuffet over m\u00e5ten vi representerte det som skal v\u00e6re verdens beste landslag p\u00e5. Det h\u00f8rte ingen steds hjemme, og da kom det litt fransk aggresjon p\u00e5 m\u00f8tet. En liten 15-minutters monolog. Den var vel fortjent. Jeg er ikke vant til det, men jeg har h\u00f8rt det f\u00f8r. Dessverre, ler 33-\u00e5ringen som gikk sesong\u00e5pning p\u00e5 hjemmebane.<\/p>\n<p>Mazet &#8211; som er inne i sin siste sesong som trener for de norske gutta &#8211; dysser situasjon ned i prat med <a href=\"https:\/\/www.tv2.no\/sport\/vintersport\/raste-etter-fiasko-han-var-fly-forbanna\/18294611\/\" rel=\"nofollow noopener\" target=\"_blank\">TV 2<\/a>.\u00a0<\/p>\n<p>&#8211; Prestasjonen v\u00e5r var ikke bra. I g\u00e5r kveld sa jeg at vi m\u00e5tte ta et steg til verdenscup\u00e5pningen, sier franskmannen til kanalen.\u00a0<\/p>\n<p>        FARVEL: Verdenscupen i Holmenkollen blir et farvel til br\u00f8drene B\u00f8 i skiskyting, og det merket man p\u00e5 stemningen f\u00f8r pressekonferanse. Video: S\u00f8r\u00f8 Olsen\/With\/Dagbladet TV-sporten<\/p>\n<p>Blant elitel\u00f8perne var det fire ut\u00f8vere som allerede f\u00f8r Geilo hadde f\u00e5tt klarsignal til \u00e5 g\u00e5 verdenscup\u00e5pningen i \u00d6stersund.\u00a0<\/p>\n<p> For resten av ut\u00f8verne var sesong\u00e5pningen desto viktigere. Tre plasser sto p\u00e5 spill, og med OL i Anterselva i februar &#8211; der hver nasjon bare har fire plasser p\u00e5 hver distanse &#8211; er konkurransen knallhard. <\/p>\n<p>Kampen om \u00e5 komme til OL blir brutal for norske skiskyttere.<\/p>\n<p class=\"font-weight-bold m-font-weight-bold\" data-lab-font_weight=\"font-weight-bold\">Til slutt falt valget p\u00e5 Vetle Sj\u00e5stad Christiansen, Isak Leknes Frey og Johan-Olav Botn. De to sistnevnte tilh\u00f8rer rekruttlandslaget.<\/p>\n<p>Johannes Dale-Skjevdal er med det den eneste ut\u00f8veren p\u00e5 elitelandslaget som ikke f\u00e5r g\u00e5 verdenscup\u00e5pningen i \u00d6stersund.<\/p>\n<p>&#8211; R\u00e6va p\u00e5 sprinten, og i dag (s\u00f8ndag) var det mye god skiskyting. Det er noe \u00e5 bygge p\u00e5, sier Dale-Skjevdal til Dagbladet.\u00a0<\/p>\n<p> 28-\u00e5ringen ble vraket til VM i Lenzerheide og m\u00e5 n\u00e5 kjempe i IBU-cup. Hvis de uttatte verdenscupl\u00f8perne leverer gode resultater fram mot jul, kan OL-plassen ryke uten at Dale-Skjevdal f\u00e5r vise seg fram i verdenscupen. <\/p>\n<p class=\"italic m-italic\" data-lab-italic=\"italic\">&#8211; Hvor mye tenker du p\u00e5 det som skal skje framover?<\/p>\n<p>    <a itemprop=\"url\" href=\"https:\/\/www.dagbladet.no\/sport\/oppsokt-av-fourcade\/78766591\" rel=\"nofollow noopener\" target=\"_blank\"><\/p>\n<p>      <img loading=\"lazy\" decoding=\"async\" src=\"https:\/\/www.europesays.com\/no\/wp-content\/uploads\/2025\/11\/75625495.webp\" width=\"980\" height=\"441\" title=\"Opps\u00f8kt av Fourcade\" alt=\"\" class=\"lazyload\" style=\"--aspect-ratio-image: 2.22; \"\/><\/p>\n<p>        Opps\u00f8kt av Fourcade<\/p>\n<p>    <\/a><\/p>\n<p>&#8211; Det tenker jeg p\u00e5 hele tida. Det er en del av gamet. Hva skal man si? Jeg tar situasjonen for det den er. Man l\u00e6rer seg \u00e5 leve med dette. <\/p>\n<p class=\"italic m-italic\" data-lab-italic=\"italic\">&#8211; Du m\u00e5 sitte og h\u00e5pe p\u00e5 at kompisene dine ikke leverer i verdenscupen for at du skal f\u00e5 sjansen?<\/p>\n<p>&#8211; Ja, p\u00e5 en m\u00e5te. Men dette er vi vant til. Heldigvis er milj\u00f8et s\u00e5 bra at ingen sitter og h\u00e5per p\u00e5 s\u00e5nne ting. Vi klarer \u00e5 forholde oss til det p\u00e5 en litt spesiell m\u00e5te. <\/p>\n<p class=\"font-weight-bold m-font-weight-bold\" data-lab-font_weight=\"font-weight-bold\"> Verdenscupen starter i \u00d6stersund l\u00f8rdag 29. november med stafett for kvinner og menn. Se fullt program i faktaboksen under. <\/p>\n<p>    Verdenscup i \u00d6stersund<\/p>\n<p class=\"italic m-italic\" data-lab-italic=\"italic\">Slik ser programmet ut for verdenscup\u00e5pningen i \u00d6stersund. NRK sender p\u00e5 TV og radio.\u00a0<\/p>\n<p class=\"font-weight-bold m-font-weight-bold\" data-lab-font_weight=\"font-weight-bold\">L\u00f8rdag 29.11<\/p>\n<p>13.15: Stafett, kvinner<\/p>\n<p>16.55: Stafett, menn<\/p>\n<p class=\"font-weight-bold m-font-weight-bold\" data-lab-font_weight=\"font-weight-bold\">S\u00f8ndag 30.11<\/p>\n<p>14.00: Blandet parstafett<\/p>\n<p>16.40: Miksstafett<\/p>\n<p class=\"font-weight-bold m-font-weight-bold\" data-lab-font_weight=\"font-weight-bold\">Tirsdag 2.12<\/p>\n<p>15.30: Individuell, kvinner<\/p>\n<p class=\"font-weight-bold m-font-weight-bold\" data-lab-font_weight=\"font-weight-bold\">Onsdag 3.12<\/p>\n<p>15.30: Individuell, menn<\/p>\n<p class=\"font-weight-bold m-font-weight-bold\" data-lab-font_weight=\"font-weight-bold\">Fredag 5.12<\/p>\n<p>16.00: Sprint, kvinner<\/p>\n<p class=\"font-weight-bold m-font-weight-bold\" data-lab-font_weight=\"font-weight-bold\">L\u00f8rdag 6.12<\/p>\n<p>16.30: Sprint, menn<\/p>\n<p class=\"font-weight-bold m-font-weight-bold\" data-lab-font_weight=\"font-weight-bold\">S\u00f8ndag 7.12<\/p>\n<p>13.15: Jaktstart, kvinner<\/p>\n<p>15.20: Jaktstart, menn<\/p>\n<p>      Vis mer<br \/>\n      Vis mindre<\/p>\n","protected":false},"excerpt":{"rendered":"Tordentale fra Siegfried Mazet Inne i sin siste sesong som trener for de norske stjernene tok Siegfried Mazet&hellip;\n","protected":false},"author":2,"featured_media":91747,"comment_status":"","ping_status":"","sticky":false,"template":"","format":"standard","meta":{"footnotes":""},"categories":[59],"tags":[30,28,29,957,769,83,82,678,399],"class_list":{"0":"post-91746","1":"post","2":"type-post","3":"status-publish","4":"format-standard","5":"has-post-thumbnail","7":"category-sport","8":"tag-no","9":"tag-norge","10":"tag-norway","11":"tag-siegfried-mazet","12":"tag-skiskyting","13":"tag-sport","14":"tag-sports","15":"tag-vetle-sjastad-christiansen","16":"tag-vintersport"},"share_on_mastodon":{"url":"https:\/\/pubeurope.com\/@no\/115581356766778789","error":""},"_links":{"self":[{"href":"https:\/\/www.europesays.com\/no\/wp-json\/wp\/v2\/posts\/91746","targetHints":{"allow":["GET"]}}],"collection":[{"href":"https:\/\/www.europesays.com\/no\/wp-json\/wp\/v2\/posts"}],"about":[{"href":"https:\/\/www.europesays.com\/no\/wp-json\/wp\/v2\/types\/post"}],"author":[{"embeddable":true,"href":"https:\/\/www.europesays.com\/no\/wp-json\/wp\/v2\/users\/2"}],"replies":[{"embeddable":true,"href":"https:\/\/www.europesays.com\/no\/wp-json\/wp\/v2\/comments?post=91746"}],"version-history":[{"count":0,"href":"https:\/\/www.europesays.com\/no\/wp-json\/wp\/v2\/posts\/91746\/revisions"}],"wp:featuredmedia":[{"embeddable":true,"href":"https:\/\/www.europesays.com\/no\/wp-json\/wp\/v2\/media\/91747"}],"wp:attachment":[{"href":"https:\/\/www.europesays.com\/no\/wp-json\/wp\/v2\/media?parent=91746"}],"wp:term":[{"taxonomy":"category","embeddable":true,"href":"https:\/\/www.europesays.com\/no\/wp-json\/wp\/v2\/categories?post=91746"},{"taxonomy":"post_tag","embeddable":true,"href":"https:\/\/www.europesays.com\/no\/wp-json\/wp\/v2\/tags?post=91746"}],"curies":[{"name":"wp","href":"https:\/\/api.w.org\/{rel}","templated":true}]}}