{"id":91754,"date":"2025-11-20T09:50:10","date_gmt":"2025-11-20T09:50:10","guid":{"rendered":"https:\/\/www.europesays.com\/no\/91754\/"},"modified":"2025-11-20T09:50:10","modified_gmt":"2025-11-20T09:50:10","slug":"frp-foreslar-folkeavstemming-om-trafikkplan-i-trondheim-nrk-trondelag-lokale-nyheter-tv-og-radio","status":"publish","type":"post","link":"https:\/\/www.europesays.com\/no\/91754\/","title":{"rendered":"Frp foresl\u00e5r folkeavstemming om trafikkplan i Trondheim \u2013 NRK Tr\u00f8ndelag \u2013 Lokale nyheter, TV og radio"},"content":{"rendered":"<p><strong>\u2013 Vi opplever ein enorm motstand mot dette forslaget, seier Arild Bends\u00e5s Svendsli i Trondheim Frp.<\/strong><\/p>\n<p>Han snakkar om <a href=\"https:\/\/www.nrk.no\/trondelag\/byradet-i-trondheim-vil-gjore-store-trafikkendringer-i-trondheim-1.17638497\" ec-id=\"pp:article:1.17638497\" ec-name=\"byr\u00e5det sin plan\" rel=\"nofollow noopener\" target=\"_blank\">byr\u00e5det sin plan<\/a> om \u00e5 stenge sentrum for gjennomk\u00f8yringstrafikk.<\/p>\n<p><a href=\"https:\/\/www.nidaros.no\/vil-ha-folkeavstemning-om-kjoremonsteret-i-midtbyen-svart-inngripende\/s\/5-113-787094\" ec-id=\"https:\/\/www.nidaros.no\/vil-ha-folkeavstemning-om-kjoremonsteret-i-midtbyen-svart-inngripende\/s\/5-113-787094\" ec-name=\"Nidaros\" rel=\"nofollow noopener\" target=\"_blank\">Nidaros<\/a> omtala Frp sitt forslag f\u00f8rst.<\/p>\n<p><img decoding=\"async\"   src=\"data:image\/gif;base64,R0lGODlhAQABAIAAAAAAAP\/\/\/yH5BAEAAAAALAAAAAABAAEAAAIBRAA7\" loading=\"eager\" alt=\"arild bels\u00e5s svendsli\" title=\"Foto: Henning Levold \/ NRK\"\/><\/p>\n<p class=\"\">Arild Bends\u00e5s Svendsli i Frp<\/p>\n<p>Foto: Henning Levold \/ NRK<\/p>\n<p>\u2013 Kome over 80 h\u00f8yringsinnspel<\/p>\n<p>4. november la byr\u00e5det best\u00e5ande av H\u00f8gre, Venstre og MDG fram sitt forslag til ny samferdselsplan for Trondheim.<\/p>\n<p><strong>Planen g\u00e5r ut p\u00e5 \u00e5 dele sentrum inn i tre sonar. K\u00f8yrer ein inn i sentrum i ei sone, s\u00e5 m\u00e5 ein halde seg i same sone og kan ikkje krysse over i dei andre sonene.<\/strong><\/p>\n<p>M\u00e5let er \u00e5 stanse bilar fr\u00e5 \u00e5 k\u00f8yre gjennom sentrum.<\/p>\n<p><img decoding=\"async\"   src=\"data:image\/gif;base64,R0lGODlhAQABAIAAAAAAAP\/\/\/yH5BAEAAAAALAAAAAABAAEAAAIBRAA7\" loading=\"eager\" alt=\"Kart for inn og utkj\u00f8ring av Trondheim sentrum\" title=\"Foto: Byr\u00e5det i Trondheim\"\/><\/p>\n<p class=\"\">Planen delar Trondheim sentrum inn i tre soner.<\/p>\n<p>Foto: Byr\u00e5det i Trondheim<\/p>\n<p>Byr\u00e5dets forslag har ikkje berre blitt tatt godt imot.<\/p>\n<p>Denne veka samanlikna tidlegare H\u00f8gre-topp, Yngve Brox, den nye <a href=\"http:\/\/www.nrk.no\/trondelag\/yngve-brox-mener-planene-for-midtbyen-minner-om-berlin-etter-krigen-med-virtuelle-berlinmurer-1.17655618\" ec-id=\"pp:article:1.17655618\" ec-name=\"sentrumsplanen med Berlinmuren.\" rel=\"nofollow noopener\" target=\"_blank\">sentrumsplanen med Berlinmuren.<\/a><\/p>\n<p>\u2013 Vi er heilt klart imot denne planen. Den er sv\u00e6rt inngripande, seier Svendsli.<\/p>\n<p><strong>\u2013 Det har kome over 80 h\u00f8yringsinnspel til planen. Det er veldig mange.<\/strong><\/p>\n<p>Svendsli fortel at mange av innspela har kome fr\u00e5 n\u00e6ringslivet i byen.<\/p>\n<p>\u2013 Mange av dei kjem fr\u00e5 eit samla n\u00e6ringsliv som fortel at dette kan bli kroken p\u00e5 d\u00f8ra for dei i Midtbyen.<\/p>\n<p><img decoding=\"async\"   src=\"data:image\/gif;base64,R0lGODlhAQABAIAAAAAAAP\/\/\/yH5BAEAAAAALAAAAAABAAEAAAIBRAA7\" loading=\"eager\" alt=\"Arild Bends\u00e5s Svendsli\" title=\"Foto: Henning Levold \/ NRK\"\/><\/p>\n<p class=\"\">Onsdag bes\u00f8kte Svendsli Midtnytt for \u00e5 svare om Frp sitt forslag.<\/p>\n<p>Foto: Henning Levold \/ NRK<\/p>\n<p>Gruppeleiar for Frp i bystyret, Elin Marie Andreassen, har levert forslag om at saka m\u00e5 bli avgjort med folkeavstemming.<\/p>\n<p>Forslaget om folkeavstemming vil bli fremma p\u00e5 bystyrem\u00f8tet torsdag, men vil truleg ikkje bli behandla f\u00f8r i desember.<\/p>\n<p>Dette er forslaget:<\/p>\n<p>\u00abForslaget om innf\u00f8ring av sektorisert kj\u00f8rem\u00f8nster i Midtbyen fra 2026 engasjerer mange. Tiltaket er geografisk knyttet til Midtbyen, men vil kunne p\u00e5virke b\u00e5de nabolag i Midtbyens omland, og handels- og kj\u00f8rem\u00f8nster til sv\u00e6rt mange av kommunens innbyggere. Forslaget er dessuten sv\u00e6rt inngripende med tanke p\u00e5 fremkommelighet i Midtbyen, dersom man har behov for \u00e5 bes\u00f8ke ulike sektorer i l\u00f8pet av samme bilreise. P\u00e5 bakgrunn av dette er det viktig at kommunens innbyggere f\u00e5r v\u00e6re med p\u00e5 \u00e5 bestemme om tiltaket skal innf\u00f8res eller ikke.<\/p>\n<p>Forslag: Bystyret ber byr\u00e5det gjennomf\u00f8re en folkeavstemning om innf\u00f8ring av sektorisert kj\u00f8rem\u00f8nster i Midtbyen.\u00bb<\/p>\n<p>Kilde: Medlemsforslag &#8211; Folkeavstemning om sektorisert kj\u00f8rem\u00f8nster &#8211; Elin Marie Andreassen (FrP)<\/p>\n<p>\u2013 Har ikkje befolkninga allereie tatt stilling til dette gjennom lokalvalet i 2023?<\/p>\n<p>\u2013 Du kan jo seie det, men eg trur ikkje det var mange som trudde at ei stemme til H\u00f8gre var ei stemme for denne samferdselsplanen, seier Svendsli.<\/p>\n<p>Ei eventuell folkeavstemming foresl\u00e5 Frp at skal bli avvikla samstundes med lokalvalet i 2027.<\/p>\n<p>\u2013 P\u00e5 denne m\u00e5ten blir det b\u00e5de billig og enkelt.<\/p>\n<p><img decoding=\"async\"   src=\"data:image\/gif;base64,R0lGODlhAQABAIAAAAAAAP\/\/\/yH5BAEAAAAALAAAAAABAAEAAAIBRAA7\" loading=\"eager\" alt=\"Bilde av en byutsikt over en elv med bygninger langs bredden. Det er en bro i midten som forbinder de to sidene. Flere b\u00e5ter er synlige i vannet, samt en karusell bak bygningene. Omr\u00e5det har moderne og historiske bygninger, med tr\u00e6r synlige i bakgrunnen.\" title=\"Foto: Gorm Kallestad \/ NTB\"\/><\/p>\n<p>Foto: Gorm Kallestad \/ NTB<\/p>\n<p>\u2013 Feigt av Frp<\/p>\n<p>Gruppeleiar i Trondheim Arbeidarparti, J\u00f8rn Arve Fl\u00e5tt, er ikkje begeistra for forslaget om folkeavstemming.<\/p>\n<p>\u2013 Det er feigt av Frp. Dei kan jo berre seie at dei er imot samferdselsplanen, vi treng ikkje ei folkeavstemming.<\/p>\n<p>\u2013 Ein kan jo heller vere tydeleg p\u00e5 at ein seier nei.<\/p>\n<p>Frp har tidligere uttalt til NRK at de er uening i forslaget.<\/p>\n<p><strong>Fl\u00e5tt fortel at ogs\u00e5 Arbeidarpartiet er imot byr\u00e5det sitt forslag om ny samferdselsplan.<\/strong><\/p>\n<p>\u2013 Hovuddelen i planen seier ikkje noko s\u00e6rleg meir enn at ein vil dele sentrum inn i tre soner.<\/p>\n<p>\u2013 Og det saknar vi ein skikkeleg utgreiing av.<\/p>\n<p><img decoding=\"async\"   src=\"data:image\/gif;base64,R0lGODlhAQABAIAAAAAAAP\/\/\/yH5BAEAAAAALAAAAAABAAEAAAIBRAA7\" loading=\"eager\" alt=\"J\u00f8rn Arve Fl\u00e5tt\" title=\"Foto: Bjarte M. Johannesen \/ NRK\"\/><\/p>\n<p>Foto: Bjarte M. Johannesen \/ NRK<\/p>\n<p>Fl\u00e5tt meiner verken problemet eller l\u00f8ysinga er godt nok greia ut.<\/p>\n<p><strong>\u2013 Kor mykje gjennomgangstrafikk er det eigentleg? Og kva konsekvensar vil ein slik soneinndeling f\u00f8re med seg?<\/strong><\/p>\n<p>\u2013 Kva ser de for dykk i staden for ei slik soneinndeling?<\/p>\n<p>\u2013 Eit av tiltaka som kan bli vurdert er ei avgift p\u00e5 gjennomk\u00f8yring, utan at det dermed sagt av vi fell ned p\u00e5 det.<\/p>\n<p>\u2013 F\u00f8rst m\u00e5 ein identifisere kva som er problemet.<\/p>\n<p>Publisert<\/p>\n<p>20.11.2025, kl. 09.44<\/p>\n","protected":false},"excerpt":{"rendered":"\u2013 Vi opplever ein enorm motstand mot dette forslaget, seier Arild Bends\u00e5s Svendsli i Trondheim Frp. Han snakkar&hellip;\n","protected":false},"author":2,"featured_media":91755,"comment_status":"","ping_status":"","sticky":false,"template":"","format":"standard","meta":{"footnotes":""},"categories":[10],"tags":[20,21,24,25,15,22,23,13,30,28,29,14,16,26,27],"class_list":{"0":"post-91754","1":"post","2":"type-post","3":"status-publish","4":"format-standard","5":"has-post-thumbnail","7":"category-norge","8":"tag-breaking-news","9":"tag-breakingnews","10":"tag-featured-news","11":"tag-featurednews","12":"tag-headlines","13":"tag-latest-news","14":"tag-latestnews","15":"tag-news","16":"tag-no","17":"tag-norge","18":"tag-norway","19":"tag-nyheter","20":"tag-overskrifter","21":"tag-top-stories","22":"tag-topstories"},"share_on_mastodon":{"url":"https:\/\/pubeurope.com\/@no\/115581408149827079","error":""},"_links":{"self":[{"href":"https:\/\/www.europesays.com\/no\/wp-json\/wp\/v2\/posts\/91754","targetHints":{"allow":["GET"]}}],"collection":[{"href":"https:\/\/www.europesays.com\/no\/wp-json\/wp\/v2\/posts"}],"about":[{"href":"https:\/\/www.europesays.com\/no\/wp-json\/wp\/v2\/types\/post"}],"author":[{"embeddable":true,"href":"https:\/\/www.europesays.com\/no\/wp-json\/wp\/v2\/users\/2"}],"replies":[{"embeddable":true,"href":"https:\/\/www.europesays.com\/no\/wp-json\/wp\/v2\/comments?post=91754"}],"version-history":[{"count":0,"href":"https:\/\/www.europesays.com\/no\/wp-json\/wp\/v2\/posts\/91754\/revisions"}],"wp:featuredmedia":[{"embeddable":true,"href":"https:\/\/www.europesays.com\/no\/wp-json\/wp\/v2\/media\/91755"}],"wp:attachment":[{"href":"https:\/\/www.europesays.com\/no\/wp-json\/wp\/v2\/media?parent=91754"}],"wp:term":[{"taxonomy":"category","embeddable":true,"href":"https:\/\/www.europesays.com\/no\/wp-json\/wp\/v2\/categories?post=91754"},{"taxonomy":"post_tag","embeddable":true,"href":"https:\/\/www.europesays.com\/no\/wp-json\/wp\/v2\/tags?post=91754"}],"curies":[{"name":"wp","href":"https:\/\/api.w.org\/{rel}","templated":true}]}}