{"id":91758,"date":"2025-11-20T09:53:11","date_gmt":"2025-11-20T09:53:11","guid":{"rendered":"https:\/\/www.europesays.com\/no\/91758\/"},"modified":"2025-11-20T09:53:11","modified_gmt":"2025-11-20T09:53:11","slug":"zara-larsson-sa-nei-til-eurovision-pa-grunn-av-israel","status":"publish","type":"post","link":"https:\/\/www.europesays.com\/no\/91758\/","title":{"rendered":"Zara Larsson sa nei til Eurovision p\u00e5 grunn av Israel"},"content":{"rendered":"\n<p class=\"_lead_o9xde_2 _lead_xtcu6_50 layout-component text-serif-m layout-normal text-serif-l layout-component layout-wide layout-padded _wide_17hqh_1 layout-padded\">I en ny dokumentar \u00e5pner Larsson opp om hvordan hun mistet opptredener etter uttalelser om Gaza-krigen. <\/p>\n<p><img alt=\" Foto: LEONARDO MUNOZ \/ AFP \/ NTB\" class=\"_image_qp4xg_65 layout-component layout-wide\" data-fullscreen- data-track-element-type=\"Article image fullscreen\" data-track-name=\"ImageFullscreen\" fetchpriority=\"high\" decoding=\"sync\" loading=\"eager\" height=\"4686\" itemprop=\"image\"  src=\"https:\/\/www.europesays.com\/no\/wp-content\/uploads\/2025\/11\/2b7015c7-41a1-4ee6-96c3-2221a2ba477f\"  style=\"object-position:0% 0%\" width=\"7006\"\/> Foto: LEONARDO MUNOZ \/ AFP \/ NTB<\/p>\n<ul aria-hidden=\"true\" class=\"_images_18f0k_111\">\n<li><a class=\"_link_18f0k_116\" href=\"https:\/\/www.vg.no\/forfatter\/hannah-solstad-klepp\" style=\"z-index:1\" title=\"Hannah Solstad Klepp\" rel=\"nofollow noopener\" target=\"_blank\"><img alt=\"Bilde av Hannah Solstad Klepp\" class=\"_image_18f0k_93\" fetchpriority=\"low\" loading=\"lazy\" decoding=\"async\" itemprop=\"image\"  src=\"https:\/\/www.europesays.com\/no\/wp-content\/uploads\/2025\/11\/1763632390_862_f811f9c1-64f7-4c50-9133-b5735831a650\"  width=\"480\"\/><\/a><\/li>\n<\/ul>\n<p> Oppdatert torsdag 20. november kl. 10:29     <\/p>\n<p class=\"_paragraph_o9xde_4 _paragraph_xtcu6_10 layout-component text-serif-m layout-normal text-serif-m layout-padded\">Den svenske artisten <a href=\"https:\/\/www.vg.no\/tag\/zara-larsson?utm_source=vg-article&amp;utm_medium=auto-tagger&amp;utm_campaign=9plK99\" class=\"_link_o9xde_39\" rel=\"nofollow noopener\" target=\"_blank\">Zara Larsson<\/a> sto \u00f8verst p\u00e5 \u00f8nskelisten som pauseinnslag under Eurovision i Malm\u00f6 i 2024. Men hun takket nei til tilbudet p\u00e5 grunn av Israels deltagelse i konkurransen.<\/p>\n<p class=\"_paragraph_o9xde_4 _paragraph_xtcu6_10 layout-component text-serif-m layout-normal text-serif-m layout-padded\">Det avsl\u00f8rer hun i den nye dokumentaren \u00abZara Larsson \u2013 Up Close\u00bb.<\/p>\n<p class=\"_paragraph_o9xde_4 _paragraph_xtcu6_10 layout-component text-serif-m layout-normal text-serif-m layout-padded\">\u2013 Jeg f\u00f8lte ikke at jeg kunne g\u00e5 opp p\u00e5 den scenen den gangen og st\u00e5 for det, forteller hun i et intervju med P4 Extra.<\/p>\n<p class=\"_paragraph_o9xde_4 _paragraph_xtcu6_10 layout-component text-serif-m layout-normal text-serif-m layout-padded\">Larsson har tidligere uttalt sin st\u00f8tte til Palestina, blant annet i et omstridt innlegg dagen etter Hamas-angrepet 7. oktober. Hun beklaget senere innlegget.<\/p>\n<p class=\"_paragraph_o9xde_4 _paragraph_xtcu6_10 layout-component text-serif-m layout-normal text-serif-m layout-padded\">Uttalelsene fikk store konsekvenser for karrieren hennes.<\/p>\n<p class=\"_paragraph_o9xde_4 _paragraph_xtcu6_10 layout-component text-serif-m layout-normal text-serif-m layout-padded\">\u2013 Jeg har aldri blitt \u00abcancelled\u00bb p\u00e5 den m\u00e5ten f\u00f8r. Jeg har mistet spillejobber, ikke f\u00e5tt opptre p\u00e5 prisutdelinger og f\u00e5tt tilbud trukket tilbake, sier hun.<\/p>\n<p><img alt=\"Larsson under Slottsfjell 2023.  Foto: Sara Granheim \/ Sara Granheim\" class=\"_image_qp4xg_65 layout-component layout-normal\" data-fullscreen- data-track-element-type=\"Article image fullscreen\" data-track-name=\"ImageFullscreen\" decoding=\"async\" loading=\"lazy\" height=\"3648\" itemprop=\"image\"  src=\"https:\/\/www.europesays.com\/no\/wp-content\/uploads\/2025\/11\/760a81dc-771e-4243-b2a9-1147600c8ae2\"  style=\"object-position:0% 0%\" width=\"5472\"\/>Larsson under Slottsfjell 2023.  Foto: Sara Granheim \/ Sara Granheim<\/p>\n<p class=\"_paragraph_o9xde_4 _paragraph_xtcu6_10 layout-component text-serif-m layout-normal text-serif-m layout-padded\">I dokumentaren overveier hun likevel \u00e5 takke ja til Eurovision-oppdraget, til tross for sine personlige meninger.<\/p>\n<p class=\"_paragraph_o9xde_4 _paragraph_xtcu6_10 layout-component text-serif-m layout-normal text-serif-m layout-padded\">\u2013 Jeg har alltid v\u00e6rt en jente som mener og tror at jeg kan gj\u00f8re en forskjell. Jeg har aldri v\u00e6rt stille n\u00e5r jeg har sett noe urettferdig. Men det f\u00f8les som at jo eldre jeg blir, jo mer havner jeg i en kynisk \u00abhvem bryr seg?\u00bb, sier hun.<\/p>\n<p class=\"_paragraph_o9xde_4 _paragraph_xtcu6_10 layout-component text-serif-m layout-normal text-serif-m layout-padded\">\u2013 Det f\u00f8les som jeg tar avstand fra f\u00f8lelsen av \u00e5 kunne gj\u00f8re en forskjell. Kanskje jeg ikke kan det, kanskje jeg bare skal synge, sier hun.<\/p>\n<p class=\"_paragraph_o9xde_4 _paragraph_xtcu6_10 layout-component text-serif-m layout-normal text-serif-m layout-padded\">Dokumentaren hennes kan man se p\u00e5 Amazon Prime.<\/p>\n<p class=\"_paragraph_o9xde_4 _paragraph_xtcu6_10 layout-component text-serif-m layout-normal text-serif-m layout-padded\">27-\u00e5ringen er for tiden p\u00e5 turn\u00e9 med albumet \u00abMidnight Sun\u00bb. Hun har konsert p\u00e5 Unity Arena utenfor Oslo, fredag 21. november.<\/p>\n<p class=\"_paragraph_o9xde_4 _paragraph_xtcu6_10 layout-component text-serif-m layout-normal text-serif-m layout-padded\"><a href=\"https:\/\/www.vg.no\/i\/73zG1o\" data-track-element-type=\"Link\" data-track-id=\"link:73zG1o\" class=\"_link_o9xde_39\" rel=\"nofollow noopener\" target=\"_blank\">Turneen startet i M\u00fcnchen<\/a> i oktober. Artisten har v\u00e6rt innom flere storbyer f\u00f8r turneen avsluttes p\u00e5 hjemmebane p\u00e5 Avicii Arena i Stockholm.<\/p>\n<p>Les ogs\u00e5<\/p>\n","protected":false},"excerpt":{"rendered":"I en ny dokumentar \u00e5pner Larsson opp om hvordan hun mistet opptredener etter uttalelser om Gaza-krigen. Foto: LEONARDO&hellip;\n","protected":false},"author":2,"featured_media":91759,"comment_status":"","ping_status":"","sticky":false,"template":"","format":"standard","meta":{"footnotes":""},"categories":[58],"tags":[71,2513,30,28,29,72,10821],"class_list":{"0":"post-91758","1":"post","2":"type-post","3":"status-publish","4":"format-standard","5":"has-post-thumbnail","7":"category-underholdning","8":"tag-entertainment","9":"tag-eurovision","10":"tag-no","11":"tag-norge","12":"tag-norway","13":"tag-underholdning","14":"tag-zara-larsson"},"share_on_mastodon":{"url":"https:\/\/pubeurope.com\/@no\/115581420115534622","error":""},"_links":{"self":[{"href":"https:\/\/www.europesays.com\/no\/wp-json\/wp\/v2\/posts\/91758","targetHints":{"allow":["GET"]}}],"collection":[{"href":"https:\/\/www.europesays.com\/no\/wp-json\/wp\/v2\/posts"}],"about":[{"href":"https:\/\/www.europesays.com\/no\/wp-json\/wp\/v2\/types\/post"}],"author":[{"embeddable":true,"href":"https:\/\/www.europesays.com\/no\/wp-json\/wp\/v2\/users\/2"}],"replies":[{"embeddable":true,"href":"https:\/\/www.europesays.com\/no\/wp-json\/wp\/v2\/comments?post=91758"}],"version-history":[{"count":0,"href":"https:\/\/www.europesays.com\/no\/wp-json\/wp\/v2\/posts\/91758\/revisions"}],"wp:featuredmedia":[{"embeddable":true,"href":"https:\/\/www.europesays.com\/no\/wp-json\/wp\/v2\/media\/91759"}],"wp:attachment":[{"href":"https:\/\/www.europesays.com\/no\/wp-json\/wp\/v2\/media?parent=91758"}],"wp:term":[{"taxonomy":"category","embeddable":true,"href":"https:\/\/www.europesays.com\/no\/wp-json\/wp\/v2\/categories?post=91758"},{"taxonomy":"post_tag","embeddable":true,"href":"https:\/\/www.europesays.com\/no\/wp-json\/wp\/v2\/tags?post=91758"}],"curies":[{"name":"wp","href":"https:\/\/api.w.org\/{rel}","templated":true}]}}