{"id":91760,"date":"2025-11-20T09:56:09","date_gmt":"2025-11-20T09:56:09","guid":{"rendered":"https:\/\/www.europesays.com\/no\/91760\/"},"modified":"2025-11-20T09:56:09","modified_gmt":"2025-11-20T09:56:09","slug":"usa-russland-eus-utenrikssjef-avviser-fredsplan-for-ukraina-uten-europeisk-forankring","status":"publish","type":"post","link":"https:\/\/www.europesays.com\/no\/91760\/","title":{"rendered":"USA, Russland | EUs utenrikssjef avviser fredsplan for Ukraina uten europeisk forankring"},"content":{"rendered":"\n<p>Kallas uttalelse kommer i forbindelse med EUs utenriksministerm\u00f8te i Brussel torsdag.<\/p>\n<p>\u2013 Det vi som europeere alltid har st\u00f8ttet er en varig og rettferdig fred, og vi \u00f8nsker alle bidrag for \u00e5 oppn\u00e5 det velkommen. Selvf\u00f8lgelig, for at en plan skal fungere, s\u00e5 m\u00e5 ukrainere og europeere v\u00e6re med, sa Kallas.<\/p>\n<p><b>Les ogs\u00e5: <a class=\"simple-relation related-teaser article--c-eRUmMG article--c-eRUmMG-fZoQSp-design-nettavisen article--c-eRUmMG-gwthdJ-cv\" href=\"https:\/\/www.nettavisen.no\/usa-foreslar-at-ukraina-gir-fra-seg-land-og-reduserer-haren\/s\/5-95-2736349\" rel=\"nofollow noopener\" target=\"_blank\">USA foresl\u00e5r at Ukraina gir fra seg land og reduserer h\u00e6ren<\/a><\/b><\/p>\n<p>Krever europeisk involvering<\/p>\n<p>Da utenriksministrene ankom m\u00f8tet i Brussel, var de samstemte i budskapet om europeisk involvering.<\/p>\n<p>\u2013 Vi setter pris p\u00e5 fredsinnsatser i Ukraina, men vi i Europa forventer \u00e5 bli konsultert, sier Polens utenriksminister Rados\u0142aw Sikorski.<\/p>\n<p>\u2013 Det er Europas sikkerhet som er p\u00e5 spill, s\u00e5 vi forventer \u00e5 involveres, sier han videre.<\/p>\n<p>Spanias utenriksminister Jos\u00e9 Manuel Albares sier at en fredsavtale for Ukraina \u00abm\u00e5 garantere eksistensen av en suveren ukrainsk stat\u00bb.<\/p>\n<p>Samtidig sier den franske utenriksministeren at det er Russland som st\u00e5r i veien for fred i Ukraina. Det mener ogs\u00e5 Sveriges utenriksminister Maria Malmer Stenergard.<\/p>\n<p>\u2013 Det er klart at Russland ikke \u00f8nsker seri\u00f8se fredssamtaler, sier Stenergard.<\/p>\n<p>Ungarn uenige<\/p>\n<p>Ungarn, med sin mer Russland-vennlige holdning, hadde et annet syn p\u00e5 situasjonen enn de \u00f8vrige EU-landene.<\/p>\n<p>Utenriksminister Peter Szijjarto tok til orde for \u00e5 stoppe \u00e5 sende pengebidrag til Ukraina etter korrupsjonssaken den siste tiden.<\/p>\n<p>\u2013 Det er en krigsmafia og et korrupt system i sving i Ukraina. Og da vil EU-kommisjonens president heller enn \u00e5 stoppe utbetalingene og kreve umiddelbar finansiell opprydning, sende enda 100 milliarder til Ukraina. Det er galskap, sa Szijjarto p\u00e5 vei inn til m\u00f8tet.<\/p>\n<p>Nylig ble to ukrainske ministre sparket etter avsl\u00f8ringer i en omfattende korrupsjonsgranskning.<\/p>\n<p>Landets antikorrupsjonsbyr\u00e5 har etterforsket saken som involverer 100 millioner dollar og anskaffelseskontrakter hos det statlige kjernekraftselskapet Energoatom, som drives av energidepartementet.<\/p>\n<p>USA og Russland i hemmelige samtaler<\/p>\n<p>Flere amerikanske medier skrev onsdag at USA og Russland i hemmelighet har diskutert en mulig fredsplan. If\u00f8lge to kilder Reuters har snakket med inneb\u00e6rer den amerikanske planen blant annet at Ukraina m\u00e5 redusere sine v\u00e6pnede styrker.<\/p>\n<p>USA har if\u00f8lge Reuters signalisert til president Volodymyr Zelenskyj at Ukraina m\u00e5 akseptere det amerikanske utkastet som blant annet inneb\u00e6rer at Kyiv m\u00e5 gi slipp p\u00e5 b\u00e5de territorium og enkelte v\u00e5pensystemer.<\/p>\n<p>En kilde AFP har snakket med sier at Ukraina m\u00e5 redusere h\u00e6ren til 400.000 soldater, mot dagens rundt 900.000. Landet m\u00e5 if\u00f8lge planen ogs\u00e5 gi slipp p\u00e5 alle langtrekkende v\u00e5pen og anerkjenne Krim-halv\u00f8ya som russisk.<\/p>\n<p>Russland annekterte Krim i 2014. I 2022 annekterte de ogs\u00e5 Donetsk, Luhansk, Zaporizjzja og Kherson i Donbas-regionen, men har ikke full milit\u00e6r kontroll over disse fire fylkene.<\/p>\n<p>Trumps spesialutsending Steve Witkoff skal ha lagt fram planen for Zelenskyj, som misliker den, if\u00f8lge flere medier.<\/p>\n<p>Ogs\u00e5 utenriksminister Espen Barth Eide (Ap) er til stede p\u00e5 m\u00f8tet i EU-hovedstaden.<\/p>\n","protected":false},"excerpt":{"rendered":"Kallas uttalelse kommer i forbindelse med EUs utenriksministerm\u00f8te i Brussel torsdag. \u2013 Det vi som europeere alltid har&hellip;\n","protected":false},"author":2,"featured_media":91761,"comment_status":"","ping_status":"","sticky":false,"template":"","format":"standard","meta":{"footnotes":""},"categories":[12],"tags":[20,21,24,25,15,22,23,13,30,28,29,14,16,26,27,42,43,44,45],"class_list":{"0":"post-91760","1":"post","2":"type-post","3":"status-publish","4":"format-standard","5":"has-post-thumbnail","7":"category-verden","8":"tag-breaking-news","9":"tag-breakingnews","10":"tag-featured-news","11":"tag-featurednews","12":"tag-headlines","13":"tag-latest-news","14":"tag-latestnews","15":"tag-news","16":"tag-no","17":"tag-norge","18":"tag-norway","19":"tag-nyheter","20":"tag-overskrifter","21":"tag-top-stories","22":"tag-topstories","23":"tag-verden","24":"tag-world","25":"tag-world-news","26":"tag-worldnews"},"share_on_mastodon":{"url":"https:\/\/pubeurope.com\/@no\/115581431644949491","error":""},"_links":{"self":[{"href":"https:\/\/www.europesays.com\/no\/wp-json\/wp\/v2\/posts\/91760","targetHints":{"allow":["GET"]}}],"collection":[{"href":"https:\/\/www.europesays.com\/no\/wp-json\/wp\/v2\/posts"}],"about":[{"href":"https:\/\/www.europesays.com\/no\/wp-json\/wp\/v2\/types\/post"}],"author":[{"embeddable":true,"href":"https:\/\/www.europesays.com\/no\/wp-json\/wp\/v2\/users\/2"}],"replies":[{"embeddable":true,"href":"https:\/\/www.europesays.com\/no\/wp-json\/wp\/v2\/comments?post=91760"}],"version-history":[{"count":0,"href":"https:\/\/www.europesays.com\/no\/wp-json\/wp\/v2\/posts\/91760\/revisions"}],"wp:featuredmedia":[{"embeddable":true,"href":"https:\/\/www.europesays.com\/no\/wp-json\/wp\/v2\/media\/91761"}],"wp:attachment":[{"href":"https:\/\/www.europesays.com\/no\/wp-json\/wp\/v2\/media?parent=91760"}],"wp:term":[{"taxonomy":"category","embeddable":true,"href":"https:\/\/www.europesays.com\/no\/wp-json\/wp\/v2\/categories?post=91760"},{"taxonomy":"post_tag","embeddable":true,"href":"https:\/\/www.europesays.com\/no\/wp-json\/wp\/v2\/tags?post=91760"}],"curies":[{"name":"wp","href":"https:\/\/api.w.org\/{rel}","templated":true}]}}