{"id":91768,"date":"2025-11-20T10:04:08","date_gmt":"2025-11-20T10:04:08","guid":{"rendered":"https:\/\/www.europesays.com\/no\/91768\/"},"modified":"2025-11-20T10:04:08","modified_gmt":"2025-11-20T10:04:08","slug":"apner-til-helga-er-bedre-sikret-i-ar-andalsnes-avis-no","status":"publish","type":"post","link":"https:\/\/www.europesays.com\/no\/91768\/","title":{"rendered":"(+) \u00c5pner til helga: \u2013 Er bedre sikret i \u00e5r &#8211; andalsnes-avis.no"},"content":{"rendered":"<ol>\n<li><a href=\"https:\/\/news.google.com\/rss\/articles\/CBMijgFBVV95cUxQTmg0ZGg3STd6T19CeEVuTkFXLWs5RVJ4YjZhdVJtQ1dUWEk4b2Q1QnVjVmRCY2RMcjQ3X0NsWDZjTF9kSl80dVVjVjVUX1VUMThYV2hwTWhsVTNZQlJ4a2oyaTl3c3pZQ1g0cUpOWERKWXJocEJ5MUNXRGV1RzMtZnAyYlBCbzRLODJjM3hn?oc=5\" target=\"_blank\" rel=\"nofollow noopener\">(+) \u00c5pner til helga: \u2013 Er bedre sikret i \u00e5r<\/a>&nbsp;&nbsp;andalsnes-avis.no<\/li>\n<li><a href=\"https:\/\/news.google.com\/rss\/articles\/CBMijwFBVV95cUxNXzBWa2FSOVpSODlJUHpVRzkwb1RnV05mWUJCRURPaUc5Mm9pbThlZW1DTjI4eUF0SDhkTmlCS210MjZGZUlZNy11U3NJOE95Rk5rR2ZLX2NXUkhWN0tIR2ZoRC1qMDZYcExiN3dZMWluSlJhX3k4LVpYZDM1Rm5CaGRUMkZLUlhnVURLTi1vTQ?oc=5\" target=\"_blank\" rel=\"nofollow noopener\">Her produserer de sn\u00f8 i Kristiansand<\/a>&nbsp;&nbsp;fvn.no<\/li>\n<li><a href=\"https:\/\/news.google.com\/rss\/articles\/CBMisAFBVV95cUxQT1hCRGVMODdHajlMT0c5RjlkLWJEQ2xWcjR4cnZIWW5LWVN5SzdmNnA4eDdTdE5nN0tLVFQzcHB2alBrRkpZOFZGcmpYRWlmVUg3R3J0VjNFVGtyTEg5V1ItNDl3ZmJ3cjNETVZxOWNmR2x6Ny1zTUloc3VDWkNFUnlKTVB5cGhUOVpRNlkxMHZ0Q3RZUkViT2xLUDh0eG05N3pybVVwTnJhUTQySlFSWQ?oc=5\" target=\"_blank\" rel=\"nofollow noopener\">Sn\u00f8kanonene er i gang. To skianlegg har satt \u00e5pningsdato.<\/a>&nbsp;&nbsp;Bergens Tidende<\/li>\n<li><a href=\"https:\/\/news.google.com\/rss\/articles\/CBMingFBVV95cUxQYmJsM1cyUXJHSkNPbkp0cXpTbmVMUmtScFRVY29xVDBIaG02UTc0VE1pdjYtVU02dzNMdXh2TXZGY2prVThCYnhzcERZWFdTOTJwY2lreHh3dFFWLWdFR2ROdXZCemNydW0xcXRTMU9GTG5zR2h5VU5GdlZBaUdIOUJHNGRuZ0lWbkVpUFBjdjZtSnFVcG1HdnFCX1dVUQ?oc=5\" target=\"_blank\" rel=\"nofollow noopener\">Kongsberg, Nyheter | Sn\u00f8produksjonen er i gang: H\u00e5per \u00e5 \u00e5pne om 14 dager<\/a>&nbsp;&nbsp;Laagendalsposten<\/li>\n<li><a href=\"https:\/\/news.google.com\/rss\/articles\/CBMisgFBVV95cUxPdU5HZnlMbW5KWl82SV85akxGT2xfSV9JX2M5MWYyVE9MNkQ2R3gtaXhRY0QwbGZXeXJkZkNHc25PeUxPZlNQZWlFT2x5NEFNTmtnOW1TU2VicmxnUXBFV2syak1MaVNOTkc3Sk5kb19XLTZmSFZ0bDFaZVpiNHJic0ZtTWpiQnNTSmw3Y3JpWks3RlYtanRVZVI1TThWM3lSVXNkckQ4Z2FkeXQ3NjlTaUpR?oc=5\" target=\"_blank\" rel=\"nofollow noopener\">Langeland, Ski | \u2013 Det er ein grunn til at vi har hetter p\u00e5 oss. Elles hadde vi vore heilt kvite<\/a>&nbsp;&nbsp;Firda<\/li>\n<\/ol>\n","protected":false},"excerpt":{"rendered":"(+) \u00c5pner til helga: \u2013 Er bedre sikret i \u00e5r&nbsp;&nbsp;andalsnes-avis.no Her produserer de sn\u00f8 i Kristiansand&nbsp;&nbsp;fvn.no Sn\u00f8kanonene er&hellip;\n","protected":false},"author":2,"featured_media":91769,"comment_status":"","ping_status":"","sticky":false,"template":"","format":"standard","meta":{"footnotes":""},"categories":[10],"tags":[11994,20,21,24,25,9363,15,22,23,13,30,28,29,14,16,11995,11996,26,27],"class_list":{"0":"post-91768","1":"post","2":"type-post","3":"status-publish","4":"format-standard","5":"has-post-thumbnail","7":"category-norge","8":"tag-alpinanlegg","9":"tag-breaking-news","10":"tag-breakingnews","11":"tag-featured-news","12":"tag-featurednews","13":"tag-friluftslivets-ar","14":"tag-headlines","15":"tag-latest-news","16":"tag-latestnews","17":"tag-news","18":"tag-no","19":"tag-norge","20":"tag-norway","21":"tag-nyheter","22":"tag-overskrifter","23":"tag-rauma-skisenter","24":"tag-skorgedalen","25":"tag-top-stories","26":"tag-topstories"},"share_on_mastodon":{"url":"https:\/\/pubeurope.com\/@no\/115581462968522245","error":""},"_links":{"self":[{"href":"https:\/\/www.europesays.com\/no\/wp-json\/wp\/v2\/posts\/91768","targetHints":{"allow":["GET"]}}],"collection":[{"href":"https:\/\/www.europesays.com\/no\/wp-json\/wp\/v2\/posts"}],"about":[{"href":"https:\/\/www.europesays.com\/no\/wp-json\/wp\/v2\/types\/post"}],"author":[{"embeddable":true,"href":"https:\/\/www.europesays.com\/no\/wp-json\/wp\/v2\/users\/2"}],"replies":[{"embeddable":true,"href":"https:\/\/www.europesays.com\/no\/wp-json\/wp\/v2\/comments?post=91768"}],"version-history":[{"count":0,"href":"https:\/\/www.europesays.com\/no\/wp-json\/wp\/v2\/posts\/91768\/revisions"}],"wp:featuredmedia":[{"embeddable":true,"href":"https:\/\/www.europesays.com\/no\/wp-json\/wp\/v2\/media\/91769"}],"wp:attachment":[{"href":"https:\/\/www.europesays.com\/no\/wp-json\/wp\/v2\/media?parent=91768"}],"wp:term":[{"taxonomy":"category","embeddable":true,"href":"https:\/\/www.europesays.com\/no\/wp-json\/wp\/v2\/categories?post=91768"},{"taxonomy":"post_tag","embeddable":true,"href":"https:\/\/www.europesays.com\/no\/wp-json\/wp\/v2\/tags?post=91768"}],"curies":[{"name":"wp","href":"https:\/\/api.w.org\/{rel}","templated":true}]}}