{"id":91770,"date":"2025-11-20T10:06:07","date_gmt":"2025-11-20T10:06:07","guid":{"rendered":"https:\/\/www.europesays.com\/no\/91770\/"},"modified":"2025-11-20T10:06:07","modified_gmt":"2025-11-20T10:06:07","slug":"vise-at-ekspertens-slakt-er-direkte-feil-nrk-sport-sportsnyheter-resultater-og-sendeplan","status":"publish","type":"post","link":"https:\/\/www.europesays.com\/no\/91770\/","title":{"rendered":"Vise at ekspertens \u00abslakt\u00bb er direkte feil \u2013 NRK Sport \u2013 Sportsnyheter, resultater og sendeplan"},"content":{"rendered":"<p>Lilles\u00f8ster Kari \u00e5pner d\u00f8ra, og Astrid \u00d8yre Slind \u00e5ler seg ut fra baksetet. Sammen med den tredje s\u00f8steren, Silje, skal de samle kilometer p\u00e5 Valdresflye inn mot helgens sesong\u00e5pning p\u00e5 Beitost\u00f8len.<\/p>\n<p>Gradestokken viser minus 17 og sola er akkurat kommet opp. Det knirker og gnistrer.<\/p>\n<p><img decoding=\"async\"   src=\"data:image\/gif;base64,R0lGODlhAQABAIAAAAAAAP\/\/\/yH5BAEAAAAALAAAAAABAAEAAAIBRAA7\" loading=\"eager\" alt=\"Astrid \u00d8yre Slind p\u00e5 Valdresflya\" title=\"Foto: Anders Skjerdingstad \/ NRK\"\/><\/p>\n<p class=\"\">GNISTRENDE \u00d8KT: Det var vinter p\u00e5 sitt aller vakreste da Astrid \u00d8yre Slind staket rundt p\u00e5 Valdresflye i tre timer onsdag morgen.<\/p>\n<p>Foto: Anders Skjerdingstad \/ NRK<\/p>\n<p>Og Astrid m\u00e5 samtidig komme med en innr\u00f8mmelse: Den vonde akillesen hun slet med tidligere i h\u00f8st er blitt vond igjen.<\/p>\n<p><strong>\u00c5 g\u00e5 diagonalgang er problematisk. L\u00f8rdagens klassiske distanserenn er i fare.<\/strong><\/p>\n<p>\u2013 Det er litt vurderinger enn\u00e5. Det skulle gjerne v\u00e6rt bedre. Men sk\u00f8yting g\u00e5r uansett bra, beroliger hun.<\/p>\n<p>Derfor er ikke ambisjonene for sesongen endret. Og de er h\u00f8ye, kunne Slind avsl\u00f8re da NRK m\u00f8tte henne hjemme i Trondheim under Toppidrettsveka i august.<\/p>\n<p>Se sesongstarten fra Beitost\u00f8len<a href=\"https:\/\/tv.nrk.no\/serie\/langrenn\/sesong\/2025\/episode\/ISPO30720125\" ec-id=\"tv:episode:ISPO30720125\" ec-name=\"i morgen fra kl. 11.00\" rel=\"nofollow noopener\" target=\"_blank\"> i morgen fra kl. 11.00<\/a> p\u00e5 NRK1 og i NRK TV. <\/p>\n<p>M\u00e5l: OL-gull<\/p>\n<p><strong>\u2013 M\u00e5let er \u00e5 vinne OL-gull. Jeg vet at jeg er ikke den st\u00f8rste favoritten, og det er liksom ikke et sannsynlig m\u00e5l, men det er fortsatt det som er m\u00e5let. <\/strong><\/p>\n<p>Det er et ambisi\u00f8st, men ikke oppsiktsvekkende, m\u00e5l for kvinnen som tok sine tre f\u00f8rste verdenscupseire sist vinter.<\/p>\n<p>N\u00e5r hun skal svare p\u00e5 hva hun anser som den st\u00f8rste sjansen i OL, tar intervjuet en interessant vending:<\/p>\n<p>\u2013 S\u00e5nn som det var i fjor, s\u00e5 var jo kanskje femmil klassisk i Lahti noe av det beste jeg gjorde. Tror jeg, da. Det var et veldig solid renn. S\u00e5 s\u00e5nn sett er det jo det som er enklest \u00e5 si, svarer hun riktig nok innledningsvis.<\/p>\n<p><strong>Det er del to som er p\u00e5 grensa til \u00e5 v\u00e6re oppsiktsvekkende:<\/strong><\/p>\n<p>\u2013 Men det hadde nesten v\u00e6rt st\u00f8rre \u00e5 ta en 10 km fri. Bare for \u00e5 komplettere litt. Da har jeg v\u00e6rt veldig god i langl\u00f8p, og jeg har klart \u00e5 omskolere meg til ti sk\u00f8yting. Det er egentlig den st\u00f8rste dr\u00f8mmen. \u00c5 mestre det som ingen har trodd jeg skulle klare, p\u00e5 en m\u00e5te. <\/p>\n<p><img decoding=\"async\"   src=\"data:image\/gif;base64,R0lGODlhAQABAIAAAAAAAP\/\/\/yH5BAEAAAAALAAAAAABAAEAAAIBRAA7\" loading=\"eager\" alt=\"Astrid \u00d8yre Slind p\u00e5 Valdresflya\" title=\"Foto: Anders Skjerdingstad \/ NRK\"\/><\/p>\n<p class=\"\">NORSK OL-H\u00c5P: 14 ganger var Astrid \u00d8yre Slind p\u00e5 pallen i verdenscupen sist vinter. Med Therese Johaug borte, er hun kanskje Norges st\u00f8rste gullh\u00e5p i kvinnelangrenn i OL.<\/p>\n<p>Foto: Anders Skjerdingstad \/ NRK<\/p>\n<p>Motiveres at Bj\u00f8rn-kritikk<\/p>\n<p>At 10 km fristil torsdag 12. februar er distansen Slind har aller mest lyst til \u00e5 vinne i OL-l\u00f8ypene i Val di Fiemme, skyldes nemlig ogs\u00e5 en ytre motivasjonsfaktor.<\/p>\n<p>\u2013 Jeg har f\u00e5tt litt slakt av eksperter, og det har v\u00e6rt litt sjansel\u00f8st. Og da er det ekstra artig \u00e5 f\u00e5 til det, sier hun.<\/p>\n<p>\u2013 Er det noe spesielt slakt du har bitt deg merke ifra eksperter? <\/p>\n<p>\u2013 Ja, det er jo det. <\/p>\n<p>\u2013 Kan du nevne det?<\/p>\n<p><strong>\u2013 Jeg syns Torgeir Bj\u00f8rn er veldig flink til \u00e5 si at jeg staker n\u00e5r jeg dobler. Jeg syns han sier det uansett hvor bra jeg g\u00e5r. Noen ganger kan jeg se poenget, og noen ganger syns jeg det er direkte feil, sier Slind.<\/strong><\/p>\n<p>Staking er alts\u00e5 klassiskteknikken Slind har brukt for \u00e5 h\u00f8ste store triumfer i langl\u00f8p, som hun prioriterte foran tradisjonelt langrenn i flere sesonger. Med \u00abn\u00e5r jeg dobler\u00bb mener hun \u00abn\u00e5r jeg g\u00e5r dobbeltdans\u00bb \u2013 sk\u00f8yteteknikken der ut\u00f8verne tar et stavtak for hvert skyv med skiene.<\/p>\n<p>\u2013 Stor forskjell, samme merkelapp<\/p>\n<p>\u2013 N\u00e5r jeg kommer rett fra langl\u00f8p og begynner \u00e5 sk\u00f8yte, s\u00e5 ser jeg at jeg har veldig strake bein og bruker overkroppen mye. Men s\u00e5 har jeg jobba mye med teknikk og egentlig utvikla meg ganske mye de tre siste \u00e5rene, men det blir fortsatt samme merkelapp p\u00e5 det jeg gj\u00f8r, sier Slind.<\/p>\n<p><img decoding=\"async\"   src=\"data:image\/gif;base64,R0lGODlhAQABAIAAAAAAAP\/\/\/yH5BAEAAAAALAAAAAABAAEAAAIBRAA7\" loading=\"eager\" alt=\"NRK sin ekspertkommentator Torgeir Bj\u00f8rn \" title=\"Foto: Geir Olsen \/ NTB\"\/><\/p>\n<p class=\"\">BRENSEL FOR SLIND: Torgeir Bj\u00f8rns kritikk har satt fyr p\u00e5 Astrid \u00d8yre Slinds vinnerlyst.<\/p>\n<p>Foto: Geir Olsen \/ NTB<\/p>\n<p>NRKs langrennsekspert gjennom mange \u00e5r drar litt p\u00e5 smileb\u00e5ndet n\u00e5r han h\u00f8rer Slinds uttalelser, og mener selv han ikke har v\u00e6rt s\u00e5 kritisk.<\/p>\n<p>\u2013 Hun har hatt fin framgang i sk\u00f8yting. Hun har jo vunnet sk\u00f8yterenn i verdenscupen, s\u00e5 det er klart hun er en god l\u00f8per, sier Torgeir Bj\u00f8rn.<\/p>\n<p><strong>Men det kommer ogs\u00e5 et men.<\/strong><\/p>\n<p>\u2013 Fortsatt har hun levert best i klassisk. Vi ser jo ogs\u00e5 under flere l\u00f8p at hun er veldig god i staking, og det drar hun nok med seg inn i sk\u00f8yting. Det er mye bra med det, men beinarbeidet m\u00e5 ogs\u00e5 v\u00e6re tilsvarende bra, sier Bj\u00f8rn, og p\u00e5peker at han slett ikke ser p\u00e5 Slinds gulldr\u00f8m som uoppn\u00e5elig.<\/p>\n<p><strong>\u2013 Jeg liker innstillingen til Astrid. Hun tar utfordringen, og jeg satser p\u00e5 at hun vinner gull p\u00e5 ti fri i OL, sier han.<\/strong><\/p>\n<p><img decoding=\"async\"   src=\"data:image\/gif;base64,R0lGODlhAQABAIAAAAAAAP\/\/\/yH5BAEAAAAALAAAAAABAAEAAAIBRAA7\" loading=\"eager\" alt=\"Astrid \u00d8yre Slind\" title=\"Foto: Anders Skjerdingstad \/ NRK\"\/><\/p>\n<p class=\"\">FLAU: Astrid \u00d8yre Slind syntes det var sm\u00e5tt pinlig \u00e5 oppleve sympatiheiing fra publikum under VM-femmila i Gran\u00e5sen.\n<\/p>\n<p>Foto: Anders Skjerdingstad \/ NRK<\/p>\n<p>\u2013 Aldri v\u00e6rt mer deprimert<\/p>\n<p>Astrid \u00d8yre Slind \u2013 som fyller 38 \u00e5r to dager etter \u00e5pningsdistansen i Val di Fiemme \u2013 er i hvert fall full av revansjelyst etter at VM p\u00e5 hjemmebane i Gran\u00e5sen sist vinter ble alt annet enn det hun dr\u00f8mte om.<\/p>\n<p>Et s\u00f8lv fra stafetten ble hele beholdningen, og den avsluttende femmila ble et mareritt allerede f\u00f8r start.<\/p>\n<p><strong>\u2013 Jeg tror aldri jeg har v\u00e6rt mer deprimert f\u00f8r start enn da jeg kom opp og s\u00e5 hvordan forholdene var, sier Slind.<\/strong><\/p>\n<p>\u2013 For det f\u00f8rste hadde vi sett p\u00e5 guttene dagen f\u00f8r, og det var full kok i l\u00f8ypene, det var ganske fint v\u00e6r, og det var i hvert fall brukbart \u00e5 g\u00e5. S\u00e5 kommer vi opp, og s\u00e5 er det bunnl\u00f8st, og det er pisseregn, og det er nachspiel ute i skogen. Det var s\u00e5 nitrist.<\/p>\n<p><strong>Hun falt tre ganger, og ble nummer ti i l\u00f8pet \u2013 over ni og et halvt minutt bak verdensmester Frida Karlsson.<\/strong><\/p>\n<p>\u2013 Litt flaut, var det, \u00e5 g\u00e5 s\u00e5 d\u00e5rlig p\u00e5 ski foran folk som heier, sier Slind. <\/p>\n<p>TRAGIKOMISKE SCENER: Det var skrekkelige forhold under kvinnenes historiske VM-femmil i Gran\u00e5sen.<\/p>\n<p>Stengte seg inne i 24 timer<\/p>\n<p>Etter l\u00f8pet dro hun rett p\u00e5 hotellrommet og l\u00e5ste d\u00f8ra. Der ble hun i 24 timer uten \u00e5 snakke med noen. Da ga trener Chris Jespersen beskjed om at sutretida var ute og at de skulle ut p\u00e5 ski.<\/p>\n<p>\u2013 Vi gikk bare en tur til Elgsethytta og satt der og spiste boller. Vi f\u00f8lte litt p\u00e5 tomhetsf\u00f8lelsen begge to, tror jeg, sier Slind.<\/p>\n<p>I l\u00f8pet av samtalen kom de fram til at det var p\u00e5 tide \u00e5 sette et m\u00e5l.<\/p>\n<p><strong>M\u00e5let er alts\u00e5 \u00e5 vise at Torgeir Bj\u00f8rn tar feil. N\u00e5 har alts\u00e5 en skade gjort at Slind til og med har m\u00e5tte prioritere sk\u00f8yting ufrivillig mye.<\/strong><\/p>\n<p>\u2013 Plutselig er det 10 km fri jeg har st\u00f8rst sjanse p\u00e5, smiler hun etter tre timer i sola p\u00e5 Valdresflye.<\/p>\n<p>Publisert<\/p>\n<p>20.11.2025, kl. 10.37<\/p>\n<p>Oppdatert<\/p>\n<p>20.11.2025, kl. 10.44<\/p>\n","protected":false},"excerpt":{"rendered":"Lilles\u00f8ster Kari \u00e5pner d\u00f8ra, og Astrid \u00d8yre Slind \u00e5ler seg ut fra baksetet. Sammen med den tredje s\u00f8steren,&hellip;\n","protected":false},"author":2,"featured_media":91771,"comment_status":"","ping_status":"","sticky":false,"template":"","format":"standard","meta":{"footnotes":""},"categories":[59],"tags":[30,28,29,83,82],"class_list":{"0":"post-91770","1":"post","2":"type-post","3":"status-publish","4":"format-standard","5":"has-post-thumbnail","7":"category-sport","8":"tag-no","9":"tag-norge","10":"tag-norway","11":"tag-sport","12":"tag-sports"},"share_on_mastodon":{"url":"https:\/\/pubeurope.com\/@no\/115581470984723792","error":""},"_links":{"self":[{"href":"https:\/\/www.europesays.com\/no\/wp-json\/wp\/v2\/posts\/91770","targetHints":{"allow":["GET"]}}],"collection":[{"href":"https:\/\/www.europesays.com\/no\/wp-json\/wp\/v2\/posts"}],"about":[{"href":"https:\/\/www.europesays.com\/no\/wp-json\/wp\/v2\/types\/post"}],"author":[{"embeddable":true,"href":"https:\/\/www.europesays.com\/no\/wp-json\/wp\/v2\/users\/2"}],"replies":[{"embeddable":true,"href":"https:\/\/www.europesays.com\/no\/wp-json\/wp\/v2\/comments?post=91770"}],"version-history":[{"count":0,"href":"https:\/\/www.europesays.com\/no\/wp-json\/wp\/v2\/posts\/91770\/revisions"}],"wp:featuredmedia":[{"embeddable":true,"href":"https:\/\/www.europesays.com\/no\/wp-json\/wp\/v2\/media\/91771"}],"wp:attachment":[{"href":"https:\/\/www.europesays.com\/no\/wp-json\/wp\/v2\/media?parent=91770"}],"wp:term":[{"taxonomy":"category","embeddable":true,"href":"https:\/\/www.europesays.com\/no\/wp-json\/wp\/v2\/categories?post=91770"},{"taxonomy":"post_tag","embeddable":true,"href":"https:\/\/www.europesays.com\/no\/wp-json\/wp\/v2\/tags?post=91770"}],"curies":[{"name":"wp","href":"https:\/\/api.w.org\/{rel}","templated":true}]}}