{"id":91778,"date":"2025-11-20T10:14:10","date_gmt":"2025-11-20T10:14:10","guid":{"rendered":"https:\/\/www.europesays.com\/no\/91778\/"},"modified":"2025-11-20T10:14:10","modified_gmt":"2025-11-20T10:14:10","slug":"banana-airlines-vokalist-kai-kiil-er-dod-altaposten-no","status":"publish","type":"post","link":"https:\/\/www.europesays.com\/no\/91778\/","title":{"rendered":"(+) Banana Airlines-vokalist Kai Kiil er d\u00f8d &#8211; altaposten.no"},"content":{"rendered":"<ol>\n<li><a href=\"https:\/\/news.google.com\/rss\/articles\/CBMijAFBVV95cUxNbnljaUdJQ2VMMkI5b085V3R2dVJVeUhkLURBWTdqU2owb1JxcFZaYWFMc2EzQWI0M1R5cXdOYnducVd5X0N0NFM0UGFzUXRvbHRwVm1FVEx4Vlo3T0w2NVNuSUhOSnhMSFVEeFJndHZKREZwcjNLM19hRHNmOWlfM21VekVYU00tSTh2Wg?oc=5\" target=\"_blank\" rel=\"nofollow noopener\">(+) Banana Airlines-vokalist Kai Kiil er d\u00f8d<\/a>&nbsp;&nbsp;altaposten.no<\/li>\n<li><a href=\"https:\/\/news.google.com\/rss\/articles\/CBMigwFBVV95cUxOc1hWSU9wVE9EQ19tQjZmWVhFOWU2TmdDVjlXTjRZdWJwblNKb2g3MEpYZGhsSU5IbXJFN3JBUFVHaXpRZXB3Nktod2didXF6TzFrZ2lva2pySUprbF9aWUt5YnF4T2ZsWE5XN0xkOW5XVjQ5RW1ZN3dVMzU2eENlX2hHVQ?oc=5\" target=\"_blank\" rel=\"nofollow noopener\">Banana Airlines-vokalist Kai Kiil er d\u00f8d<\/a>&nbsp;&nbsp;VG<\/li>\n<li><a href=\"https:\/\/news.google.com\/rss\/articles\/CBMiY0FVX3lxTE11OGY3ay1GdUdqSkk5aTNmOWV2Z1FSbXFxRm1mTVltQVJVYlQwbkpkN3lxX09McVV6RUlvc1NVdUYzOVJqaEFNSWF5NmRuNll1NHdBQlpERDdISmlEUU9FVXVrZw?oc=5\" target=\"_blank\" rel=\"nofollow noopener\">Kai Kiil er d\u00f8d<\/a>&nbsp;&nbsp;Nordlys<\/li>\n<li><a href=\"https:\/\/news.google.com\/rss\/articles\/CBMihgFBVV95cUxPTVhCUEMzRE5FYmhwSlJVWnMzWHY4MTlOa3FUQmxfYS1oeDhCWUh2TC1ScDRyNW9YUW9lTHBLUF81SFZsMFJMeXk1eWJaQXM1enVIM1N1bFJpVzZzZURiUFFLdm1acDdYLW5tQ0tEdFVfMDY0NExDSTNvSGZsbTMtTFdVRnRuQQ?oc=5\" target=\"_blank\" rel=\"nofollow noopener\">Banana Airlines-vokalist Kai Kiil er d\u00f8d: \u2013 En positiv og familiekj\u00e6r mann som tok s\u00e5 godt vare p\u00e5 alle rundt seg<\/a>&nbsp;&nbsp;Rana Blad<\/li>\n<li><a href=\"https:\/\/news.google.com\/rss\/articles\/CBMiX0FVX3lxTE85Rjc4Mk5HWEVBdS10ajR2NXVqa2FVR3Y4UVlNQnBRajVPOEJBVTN4MXAzZjN1NkZUTVNnQXdiamhGOXR3ajZmYUh5bklnVUJjSEJjTUlYUURlZkd2ZjMw?oc=5\" target=\"_blank\" rel=\"nofollow noopener\">D\u00f8dsfall, Musikk | VG: Kai Kiil er d\u00f8d<\/a>&nbsp;&nbsp;Bladet Vester\u00e5len<\/li>\n<\/ol>\n","protected":false},"excerpt":{"rendered":"(+) Banana Airlines-vokalist Kai Kiil er d\u00f8d&nbsp;&nbsp;altaposten.no Banana Airlines-vokalist Kai Kiil er d\u00f8d&nbsp;&nbsp;VG Kai Kiil er d\u00f8d&nbsp;&nbsp;Nordlys Banana&hellip;\n","protected":false},"author":2,"featured_media":91779,"comment_status":"","ping_status":"","sticky":false,"template":"","format":"standard","meta":{"footnotes":""},"categories":[58],"tags":[71,30,28,29,72],"class_list":{"0":"post-91778","1":"post","2":"type-post","3":"status-publish","4":"format-standard","5":"has-post-thumbnail","7":"category-underholdning","8":"tag-entertainment","9":"tag-no","10":"tag-norge","11":"tag-norway","12":"tag-underholdning"},"share_on_mastodon":{"url":"https:\/\/pubeurope.com\/@no\/115581502281979598","error":""},"_links":{"self":[{"href":"https:\/\/www.europesays.com\/no\/wp-json\/wp\/v2\/posts\/91778","targetHints":{"allow":["GET"]}}],"collection":[{"href":"https:\/\/www.europesays.com\/no\/wp-json\/wp\/v2\/posts"}],"about":[{"href":"https:\/\/www.europesays.com\/no\/wp-json\/wp\/v2\/types\/post"}],"author":[{"embeddable":true,"href":"https:\/\/www.europesays.com\/no\/wp-json\/wp\/v2\/users\/2"}],"replies":[{"embeddable":true,"href":"https:\/\/www.europesays.com\/no\/wp-json\/wp\/v2\/comments?post=91778"}],"version-history":[{"count":0,"href":"https:\/\/www.europesays.com\/no\/wp-json\/wp\/v2\/posts\/91778\/revisions"}],"wp:featuredmedia":[{"embeddable":true,"href":"https:\/\/www.europesays.com\/no\/wp-json\/wp\/v2\/media\/91779"}],"wp:attachment":[{"href":"https:\/\/www.europesays.com\/no\/wp-json\/wp\/v2\/media?parent=91778"}],"wp:term":[{"taxonomy":"category","embeddable":true,"href":"https:\/\/www.europesays.com\/no\/wp-json\/wp\/v2\/categories?post=91778"},{"taxonomy":"post_tag","embeddable":true,"href":"https:\/\/www.europesays.com\/no\/wp-json\/wp\/v2\/tags?post=91778"}],"curies":[{"name":"wp","href":"https:\/\/api.w.org\/{rel}","templated":true}]}}