{"id":91780,"date":"2025-11-20T10:16:07","date_gmt":"2025-11-20T10:16:07","guid":{"rendered":"https:\/\/www.europesays.com\/no\/91780\/"},"modified":"2025-11-20T10:16:07","modified_gmt":"2025-11-20T10:16:07","slug":"norges-bank-undersokelse-partene-i-arbeidslivet-venter-hoyere-lonnsvekst-bedriftslederne-venter-lavere-e24","status":"publish","type":"post","link":"https:\/\/www.europesays.com\/no\/91780\/","title":{"rendered":"Norges Bank-unders\u00f8kelse: Partene i arbeidslivet venter h\u00f8yere l\u00f8nnsvekst \u2013 bedriftslederne venter lavere &#8211; E24"},"content":{"rendered":"<ol>\n<li><a href=\"https:\/\/news.google.com\/rss\/articles\/CBMi3AFBVV95cUxOajZJYXlRcENVODJ2c2c1TEJmekZpTU5UX0g4eUxJUmxyUDdIUTBXVWtMdlUzdnZ4TVpnT0IxYzZUTVJyOV9JeXdaNzN3MlhIejd6dEctVlpldlV4QjRaQWxaYlF6T3NiNTFoQnJTXzFaSUtqVXpEXzg3cVlNLUYyRHU2OWxMYlFiRG5HbWo4S1JGWW96RERGT3ZjNlhrZTVUX09ucmY3a1hMckEtYk5EUDZ6c3ZGc2hRaElrV252YWxfbDRKVVFOd2hDME1qVjlkX0VQNVlXQUlGUUtK?oc=5\" target=\"_blank\" rel=\"nofollow noopener\">Norges Bank-unders\u00f8kelse: Partene i arbeidslivet venter h\u00f8yere l\u00f8nnsvekst \u2013 bedriftslederne venter lavere<\/a>&nbsp;&nbsp;E24<\/li>\n<li><a href=\"https:\/\/news.google.com\/rss\/articles\/CBMimAFBVV95cUxNeFp3YzZQaXFUZW40dFIwd09vbG54dkpkNXFoR1NfaC1GMDh0dVJkcnNWdHktNnFNUlZyVTBrOS15Q1BNT2RkSmJZV2xOT3JhalhwclJzTGhUdlRLMzlWMkFVTHpyQUF1aDBRSjI3NzVYRVdJSUxDQ1VDTzlQdUI5aGNsYkRqZW1kWUpSQWE2bWtBTjJ6YWhjWQ?oc=5\" target=\"_blank\" rel=\"nofollow noopener\">Norges Bank-unders\u00f8kelse: Sprik i l\u00f8nnsforventningene<\/a>&nbsp;&nbsp;E24<\/li>\n<li><a href=\"https:\/\/news.google.com\/rss\/articles\/CBMivwFBVV95cUxQYnRPa3g2WnVwTkVMVmdRRUVRWTRGcUsyS0hVN0gyS3dVeDFIUHl1UnlBc3ItQ1lUN0lZdWNtWjlRRDFHaFZqelNDQkROQ1dleXg2RUJMdzBfMW9udzVCVVRlVzZLMjBNTjJHMWplSmxTX2JYTVp5VHNYX3k0XzRCOEQxczItZlVQaFUwMk93TzJfLWRNcmVXTEIzOGp1R0ZINEpVMHdUZ2NVZWpMWDczN1FBTWlNdVROTXE1ZlNrYw?oc=5\" target=\"_blank\" rel=\"nofollow noopener\">Norges Bank: Venter \u00f8kt reall\u00f8nnsvekst<\/a>&nbsp;&nbsp;Dagens N\u00e6ringsliv<\/li>\n<li><a href=\"https:\/\/news.google.com\/rss\/articles\/CBMimgFBVV95cUxOdGxzb19KTXQwM0xuak5BZ2lyVDNKUXVLZVRweFl2QklEYUpZWmJOZDJpMXhReEJfblVWRmtuNGhWMWl2LThhb09QSkdnalNQbFZTN2h2N0RnR09IM0xhdXBLOWhHbXlpVGduV1NmOU9EdDNkQTdsNkR4UkhkS2lDakJWQlNpa3JmR253V3lIT05DRkdldzVhcGZn?oc=5\" target=\"_blank\" rel=\"nofollow noopener\">Pressemelding: Forventningsunders\u00f8kelsen for Norges Bank 4. kvartal 2025<\/a>&nbsp;&nbsp;Ipsos<\/li>\n<li><a href=\"https:\/\/news.google.com\/rss\/articles\/CBMinAFBVV95cUxPWnlCSFB4bGR0bllqamxscnkzZDV4eE9DX29mcUs0LTVndGJ4VEN0b0FWQk1sRnIxRzBKLXpyTlRRU3o4YTUxLWFRYks3OHdLcXZWUHhnV2IwOFVrMDM5Nk14anJTZ3dKYl84NFZEYVRFMDB2bXBrYVJaN24tcGVYZFR2VHppZXUxZFd3bDRuOFZfckV6dDhkN2NRWlo?oc=5\" target=\"_blank\" rel=\"nofollow noopener\">Rapport og data: Forventningsunders\u00f8kelsen for Norges Bank 4. kvartal 2025<\/a>&nbsp;&nbsp;Ipsos<\/li>\n<\/ol>\n","protected":false},"excerpt":{"rendered":"Norges Bank-unders\u00f8kelse: Partene i arbeidslivet venter h\u00f8yere l\u00f8nnsvekst \u2013 bedriftslederne venter lavere&nbsp;&nbsp;E24 Norges Bank-unders\u00f8kelse: Sprik i l\u00f8nnsforventningene&nbsp;&nbsp;E24 Norges&hellip;\n","protected":false},"author":2,"featured_media":91781,"comment_status":"","ping_status":"","sticky":false,"template":"","format":"standard","meta":{"footnotes":""},"categories":[56],"tags":[60,61,62,30,28,29],"class_list":{"0":"post-91780","1":"post","2":"type-post","3":"status-publish","4":"format-standard","5":"has-post-thumbnail","7":"category-naeringsliv","8":"tag-business","9":"tag-economy","10":"tag-naeringsliv","11":"tag-no","12":"tag-norge","13":"tag-norway"},"share_on_mastodon":{"url":"https:\/\/pubeurope.com\/@no\/115581510340961696","error":""},"_links":{"self":[{"href":"https:\/\/www.europesays.com\/no\/wp-json\/wp\/v2\/posts\/91780","targetHints":{"allow":["GET"]}}],"collection":[{"href":"https:\/\/www.europesays.com\/no\/wp-json\/wp\/v2\/posts"}],"about":[{"href":"https:\/\/www.europesays.com\/no\/wp-json\/wp\/v2\/types\/post"}],"author":[{"embeddable":true,"href":"https:\/\/www.europesays.com\/no\/wp-json\/wp\/v2\/users\/2"}],"replies":[{"embeddable":true,"href":"https:\/\/www.europesays.com\/no\/wp-json\/wp\/v2\/comments?post=91780"}],"version-history":[{"count":0,"href":"https:\/\/www.europesays.com\/no\/wp-json\/wp\/v2\/posts\/91780\/revisions"}],"wp:featuredmedia":[{"embeddable":true,"href":"https:\/\/www.europesays.com\/no\/wp-json\/wp\/v2\/media\/91781"}],"wp:attachment":[{"href":"https:\/\/www.europesays.com\/no\/wp-json\/wp\/v2\/media?parent=91780"}],"wp:term":[{"taxonomy":"category","embeddable":true,"href":"https:\/\/www.europesays.com\/no\/wp-json\/wp\/v2\/categories?post=91780"},{"taxonomy":"post_tag","embeddable":true,"href":"https:\/\/www.europesays.com\/no\/wp-json\/wp\/v2\/tags?post=91780"}],"curies":[{"name":"wp","href":"https:\/\/api.w.org\/{rel}","templated":true}]}}