{"id":91782,"date":"2025-11-20T10:17:11","date_gmt":"2025-11-20T10:17:11","guid":{"rendered":"https:\/\/www.europesays.com\/no\/91782\/"},"modified":"2025-11-20T10:17:11","modified_gmt":"2025-11-20T10:17:11","slug":"kan-fa-skjeggkre-pa-doren","status":"publish","type":"post","link":"https:\/\/www.europesays.com\/no\/91782\/","title":{"rendered":"Kan f\u00e5 skjeggkre p\u00e5 d\u00f8ren"},"content":{"rendered":"\n<p class=\"_lead_o9xde_2 _lead_xtcu6_50 layout-component text-serif-m layout-normal text-serif-l layout-component layout-wide layout-padded _wide_17hqh_1 layout-padded\">Det n\u00e6rmer seg h\u00f8ysesong for pakker som vi f\u00e5r levert eller tar med oss hjem. \u2013 Skjeggkre kommer ofte inn via pappesker, advarer biologen.<\/p>\n<p><img alt=\" Foto: Lise \u00c5serud \/ NTB\" class=\"_image_qp4xg_65 layout-component layout-wide\" data-fullscreen- data-track-element-type=\"Article image fullscreen\" data-track-name=\"ImageFullscreen\" fetchpriority=\"high\" decoding=\"sync\" loading=\"eager\" height=\"1133\" itemprop=\"image\"  src=\"https:\/\/www.europesays.com\/no\/wp-content\/uploads\/2025\/11\/d1b79318-88fc-4caf-9ef2-496d1f184332\"  style=\"object-position:0% 0%\" width=\"1700\"\/> Foto: Lise \u00c5serud \/ NTB<\/p>\n<ul aria-hidden=\"true\" class=\"_images_18f0k_111\">\n<li><a class=\"_link_18f0k_116\" href=\"https:\/\/www.vg.no\/forfatter\/ntb\" style=\"z-index:1\" title=\"NTB\" rel=\"nofollow noopener\" target=\"_blank\"><img alt=\"Bilde av NTB\" class=\"_image_18f0k_93\" fetchpriority=\"low\" loading=\"lazy\" decoding=\"async\" itemprop=\"image\"  src=\"https:\/\/www.europesays.com\/no\/wp-content\/uploads\/2025\/11\/1763633830_864_c33980b0-5d07-4027-84a1-813f90a7c8d6\"  width=\"480\"\/><\/a><\/li>\n<\/ul>\n<p> Oppdatert torsdag 20. november kl. 10:58     <\/p>\n<p class=\"_paragraph_o9xde_4 _paragraph_xtcu6_10 layout-component text-serif-m layout-normal text-serif-m layout-padded\">\u2013 Skjeggkre kommer ofte inn i boliger gjennom pappesker, m\u00f8bler og andre materialer. Derfor l\u00f8nner det seg \u00e5 ta noen enkle grep n\u00e5, s\u00e6rlig n\u00e5r b\u00e5de black friday og julehandelen n\u00e6rmer seg, sier biolog Maren Trones Christiansen i VIS Forsikring i en pressemelding.<\/p>\n<p class=\"_paragraph_o9xde_4 _paragraph_xtcu6_10 layout-component text-serif-m layout-normal layout-padded\"><strong class=\"_strong_o9xde_25\">Les ogs\u00e5:<\/strong> <a href=\"https:\/\/www.vg.no\/i\/4BmK7V\" data-track-element-type=\"Link\" data-track-id=\"link:4BmK7V\" class=\"_link_o9xde_39\" rel=\"nofollow noopener\" target=\"_blank\">Skadedyr i boligen? Slik blir du kvitt dem<\/a><\/p>\n<p class=\"_paragraph_o9xde_4 _paragraph_xtcu6_10 layout-component text-serif-m layout-normal text-serif-m layout-padded\">Hun forteller at insektene gjemmer seg i riller og folder i pappen. De d\u00f8r i kulden, men trives veldig godt i varme hus. Ofte vil man ikke oppdage skjeggkre n\u00e5r man f\u00f8rst \u00e5pner pappesken for \u00e5 inspisere varene.<\/p>\n<p><img alt=\"Foto: Lise \u00c5serud \/ NTB\" class=\"_image_qp4xg_65 layout-component layout-normal\" data-fullscreen- data-track-element-type=\"Article image fullscreen\" data-track-name=\"ImageFullscreen\" decoding=\"async\" loading=\"lazy\" height=\"1461\" itemprop=\"image\"  src=\"https:\/\/www.europesays.com\/no\/wp-content\/uploads\/2025\/11\/bacdf2da-795c-40fb-b251-69554b2149f3\"  style=\"object-position:0% 0%\" width=\"2040\"\/>Foto: Lise \u00c5serud \/ NTB<\/p>\n<p class=\"_paragraph_o9xde_4 _paragraph_xtcu6_10 layout-component text-serif-m layout-normal text-serif-m layout-padded\">\u2013 Vi h\u00f8rer likevel at folk ser kreene pile av sted n\u00e5r de \u00e5pner pakker, og skjeggkreene er s\u00e5 kjappe at det er vanskelig \u00e5 f\u00e5 tak i dem, sier hun.<\/p>\n<ul class=\"_list_o9xde_3 _list_xtcu6_9 _unordered_o9xde_106 layout-component text-serif-m layout-normal text-serif-m layout-padded\">\n<li class=\"_item_o9xde_30\"><strong class=\"_strong_o9xde_25\">Har du f\u00e5tt bes\u00f8k av skjeggkre? Da vil vi snakke med deg \u2013\u00a0<a href=\"https:\/\/www.vg.no\/tips-oss\" class=\"_link_o9xde_39\" rel=\"nofollow noopener\" target=\"_blank\">kontakt oss<\/a>!<\/strong><\/li>\n<\/ul>\n<p class=\"_paragraph_o9xde_4 _paragraph_xtcu6_10 layout-component text-serif-m layout-normal text-serif-m layout-padded\">Insektet skjeggkre er ikke farlig og gj\u00f8r lite skade, men de oppleves som sjenerende n\u00e5r man stadig ser dem i huset. De kan v\u00e6re vanskelige \u00e5 bli kvitt. En metode er \u00e5 bruke feller.<\/p>\n<p class=\"_paragraph_o9xde_4 _paragraph_xtcu6_10 layout-component text-serif-m layout-normal text-serif-m layout-padded\">\u2013 Men det finnes i dag gode bekjempelsesmetoder mot skjeggkre, dersom skadedyrfirmaet p\u00e5viser at du har det i boligen, tr\u00f8ster forsikringsselskapet.<\/p>\n<p class=\"_paragraph_o9xde_4 _paragraph_xtcu6_10 layout-component text-serif-m layout-normal text-serif-m layout-padded\">Tipset er \u00e5 sjekke pakken utend\u00f8rs f\u00f8r du tar den inn. Kast papp og plast raskt. St\u00f8vsug store m\u00f8bler som kommer fra lagrene til varehuset, og kast st\u00f8vsugerposen.<\/p>\n<p>Les ogs\u00e5<\/p>\n","protected":false},"excerpt":{"rendered":"Det n\u00e6rmer seg h\u00f8ysesong for pakker som vi f\u00e5r levert eller tar med oss hjem. \u2013 Skjeggkre kommer&hellip;\n","protected":false},"author":2,"featured_media":91783,"comment_status":"","ping_status":"","sticky":false,"template":"","format":"standard","meta":{"footnotes":""},"categories":[12],"tags":[20,21,24,25,15,22,23,13,30,28,29,14,16,2566,11998,26,27,42,43,44,45],"class_list":{"0":"post-91782","1":"post","2":"type-post","3":"status-publish","4":"format-standard","5":"has-post-thumbnail","7":"category-verden","8":"tag-breaking-news","9":"tag-breakingnews","10":"tag-featured-news","11":"tag-featurednews","12":"tag-headlines","13":"tag-latest-news","14":"tag-latestnews","15":"tag-news","16":"tag-no","17":"tag-norge","18":"tag-norway","19":"tag-nyheter","20":"tag-overskrifter","21":"tag-skadedyr","22":"tag-skjeggkre","23":"tag-top-stories","24":"tag-topstories","25":"tag-verden","26":"tag-world","27":"tag-world-news","28":"tag-worldnews"},"share_on_mastodon":{"url":"https:\/\/pubeurope.com\/@no\/115581514484644993","error":""},"_links":{"self":[{"href":"https:\/\/www.europesays.com\/no\/wp-json\/wp\/v2\/posts\/91782","targetHints":{"allow":["GET"]}}],"collection":[{"href":"https:\/\/www.europesays.com\/no\/wp-json\/wp\/v2\/posts"}],"about":[{"href":"https:\/\/www.europesays.com\/no\/wp-json\/wp\/v2\/types\/post"}],"author":[{"embeddable":true,"href":"https:\/\/www.europesays.com\/no\/wp-json\/wp\/v2\/users\/2"}],"replies":[{"embeddable":true,"href":"https:\/\/www.europesays.com\/no\/wp-json\/wp\/v2\/comments?post=91782"}],"version-history":[{"count":0,"href":"https:\/\/www.europesays.com\/no\/wp-json\/wp\/v2\/posts\/91782\/revisions"}],"wp:featuredmedia":[{"embeddable":true,"href":"https:\/\/www.europesays.com\/no\/wp-json\/wp\/v2\/media\/91783"}],"wp:attachment":[{"href":"https:\/\/www.europesays.com\/no\/wp-json\/wp\/v2\/media?parent=91782"}],"wp:term":[{"taxonomy":"category","embeddable":true,"href":"https:\/\/www.europesays.com\/no\/wp-json\/wp\/v2\/categories?post=91782"},{"taxonomy":"post_tag","embeddable":true,"href":"https:\/\/www.europesays.com\/no\/wp-json\/wp\/v2\/tags?post=91782"}],"curies":[{"name":"wp","href":"https:\/\/api.w.org\/{rel}","templated":true}]}}