{"id":91784,"date":"2025-11-20T10:18:15","date_gmt":"2025-11-20T10:18:15","guid":{"rendered":"https:\/\/www.europesays.com\/no\/91784\/"},"modified":"2025-11-20T10:18:15","modified_gmt":"2025-11-20T10:18:15","slug":"algard-dirdal-og-gilja-dette-burde-du-tenke-pa-nar-det-er-glatt-pa-veiene-gjesdalbuen","status":"publish","type":"post","link":"https:\/\/www.europesays.com\/no\/91784\/","title":{"rendered":"\u00c5lg\u00e5rd, Dirdal og Gilja | Dette burde du tenke p\u00e5 n\u00e5r det er glatt p\u00e5 veiene &#8211; Gjesdalbuen"},"content":{"rendered":"<ol>\n<li><a href=\"https:\/\/news.google.com\/rss\/articles\/CBMikAFBVV95cUxPUFVhejRFUnNJNDlodXI3LUJta2JWZGpINmdOWGhZYzB0Z1liM2I5T1hYcVNjOG92VldJUVJGNHIwVlZ2NDRWd3VCbVVmVTFwb21mbmp5WGhqRVd2Rlh4UFd3WnRkdWdTN2pLU1FTYzlhQ1dkVnlNbU1IV2poX2xUdmx0aV8zWmp4b0tpdFI0cUE?oc=5\" target=\"_blank\" rel=\"nofollow noopener\">\u00c5lg\u00e5rd, Dirdal og Gilja | Dette burde du tenke p\u00e5 n\u00e5r det er glatt p\u00e5 veiene<\/a>&nbsp;&nbsp;Gjesdalbuen<\/li>\n<li><a href=\"https:\/\/news.google.com\/rss\/articles\/CBMie0FVX3lxTE53T2lZT3RKNy1IMURIODdDbHRuamZSVHpPVUtlVV9WV2ZNcUwyNlNGZU80ZWxNUkMzQUxLMVBpMEpSQ1NpN1VuOGhYS2hmTFRxR1VkdFZGdmdHbWQ0UDVxYW9ZTERJaEVnM3ByaFg2MmVSTnBWV1drZENWaw?oc=5\" target=\"_blank\" rel=\"nofollow noopener\">Glatte veier: &#8211; Den store feilen<\/a>&nbsp;&nbsp;Dagbladet<\/li>\n<li><a href=\"https:\/\/news.google.com\/rss\/articles\/CBMihgFBVV95cUxQSlZSRmIxcTJsMUx2R3VMYVBJbmdOX1RtaUotOUdJM19zOG5aRzBJck52cGF3eEo5SWRZbDFmeTdyV1RfbHhURWJOcjAtcTlwZ1M3RnNQU040Yl9JTllVemdVLVRFSWs3akloWHIyMmxJRHBFMG9kUEtIbGVBekJ5WGo2YzVCQQ?oc=5\" target=\"_blank\" rel=\"nofollow noopener\">\u2013 Ikkje like mange meldingar om glatt f\u00f8re i dag<\/a>&nbsp;&nbsp;Bergens Tidende<\/li>\n<li><a href=\"https:\/\/news.google.com\/rss\/articles\/CBMiWEFVX3lxTE5RdXFzV0VPUXE4LUY3dnpiOVpPakNOeUNJZHRJZGxWZzdpSDRjR1BrUkZrRk45SGJESEtsWjBjdFFJZ19POEx1dEpsSXVWMEY5WU01SUpBRUw?oc=5\" target=\"_blank\" rel=\"nofollow noopener\">Nyheter, Trafikk | Ulykke p\u00e5 E6: \u2013 Det er glatt<\/a>&nbsp;&nbsp;Romerikes Blad<\/li>\n<li><a href=\"https:\/\/news.google.com\/rss\/articles\/CBMirAFBVV95cUxORFBjVFFNQld2ZkVFRHBlNW5vdUZrNXpDajlHemRsak9tZnFMNEFyZlM4SWJ0ZWl0R3Q0OFFsbkRLS3F3d2NQMFNYOUlmMGZYbE1XbHkxekhYQ3p5QmdlNmxyNEVPWjJjT1Y2RjV6bWlHSGxGRFFyWm0yaEZKWW5FQjEzTHJYb2VDS1FRU0JKRkRxVHFlWXVSTTZKMjFOclNwenVxSEhzOVZOWE5u?oc=5\" target=\"_blank\" rel=\"nofollow noopener\">Trafikken direkte &#8211; \u2013 Vi begynner \u00e5 salte i 3-tiden for \u00e5 v\u00e6re klar til morgenrushet<\/a>&nbsp;&nbsp;Stavanger Aftenblad<\/li>\n<\/ol>\n","protected":false},"excerpt":{"rendered":"\u00c5lg\u00e5rd, Dirdal og Gilja | Dette burde du tenke p\u00e5 n\u00e5r det er glatt p\u00e5 veiene&nbsp;&nbsp;Gjesdalbuen Glatte veier:&hellip;\n","protected":false},"author":2,"featured_media":91785,"comment_status":"","ping_status":"","sticky":false,"template":"","format":"standard","meta":{"footnotes":""},"categories":[10],"tags":[20,21,24,25,15,22,23,13,30,28,29,14,16,26,27],"class_list":{"0":"post-91784","1":"post","2":"type-post","3":"status-publish","4":"format-standard","5":"has-post-thumbnail","7":"category-norge","8":"tag-breaking-news","9":"tag-breakingnews","10":"tag-featured-news","11":"tag-featurednews","12":"tag-headlines","13":"tag-latest-news","14":"tag-latestnews","15":"tag-news","16":"tag-no","17":"tag-norge","18":"tag-norway","19":"tag-nyheter","20":"tag-overskrifter","21":"tag-top-stories","22":"tag-topstories"},"share_on_mastodon":{"url":"https:\/\/pubeurope.com\/@no\/115581518070598022","error":""},"_links":{"self":[{"href":"https:\/\/www.europesays.com\/no\/wp-json\/wp\/v2\/posts\/91784","targetHints":{"allow":["GET"]}}],"collection":[{"href":"https:\/\/www.europesays.com\/no\/wp-json\/wp\/v2\/posts"}],"about":[{"href":"https:\/\/www.europesays.com\/no\/wp-json\/wp\/v2\/types\/post"}],"author":[{"embeddable":true,"href":"https:\/\/www.europesays.com\/no\/wp-json\/wp\/v2\/users\/2"}],"replies":[{"embeddable":true,"href":"https:\/\/www.europesays.com\/no\/wp-json\/wp\/v2\/comments?post=91784"}],"version-history":[{"count":0,"href":"https:\/\/www.europesays.com\/no\/wp-json\/wp\/v2\/posts\/91784\/revisions"}],"wp:featuredmedia":[{"embeddable":true,"href":"https:\/\/www.europesays.com\/no\/wp-json\/wp\/v2\/media\/91785"}],"wp:attachment":[{"href":"https:\/\/www.europesays.com\/no\/wp-json\/wp\/v2\/media?parent=91784"}],"wp:term":[{"taxonomy":"category","embeddable":true,"href":"https:\/\/www.europesays.com\/no\/wp-json\/wp\/v2\/categories?post=91784"},{"taxonomy":"post_tag","embeddable":true,"href":"https:\/\/www.europesays.com\/no\/wp-json\/wp\/v2\/tags?post=91784"}],"curies":[{"name":"wp","href":"https:\/\/api.w.org\/{rel}","templated":true}]}}