{"id":91788,"date":"2025-11-20T10:21:21","date_gmt":"2025-11-20T10:21:21","guid":{"rendered":"https:\/\/www.europesays.com\/no\/91788\/"},"modified":"2025-11-20T10:21:21","modified_gmt":"2025-11-20T10:21:21","slug":"eminem-saksoker-australsk-badetoysmerke","status":"publish","type":"post","link":"https:\/\/www.europesays.com\/no\/91788\/","title":{"rendered":"Eminem saks\u00f8ker australsk badet\u00f8ysmerke"},"content":{"rendered":"\n<p class=\"_lead_o9xde_2 _lead_xtcu6_50 layout-component text-serif-m layout-normal text-serif-l layout-component layout-wide layout-padded _wide_17hqh_1 layout-padded\">Han mener navnet er for likt hans eget varemerke.<\/p>\n<p><img alt=\" Foto: LEON BENNETT \/ AFP \/ NTB\" class=\"_image_qp4xg_65 layout-component layout-wide\" data-fullscreen- data-track-element-type=\"Article image fullscreen\" data-track-name=\"ImageFullscreen\" fetchpriority=\"high\" decoding=\"sync\" loading=\"eager\" height=\"1762\" itemprop=\"image\"  src=\"https:\/\/www.europesays.com\/no\/wp-content\/uploads\/2025\/11\/20cba4e2-a77a-43ff-bd93-91ee5de9a973\"  style=\"object-position:0% 0%\" width=\"2643\"\/> Foto: LEON BENNETT \/ AFP \/ NTB<\/p>\n<ul aria-hidden=\"true\" class=\"_images_18f0k_111\">\n<li><a class=\"_link_18f0k_116\" href=\"https:\/\/www.vg.no\/forfatter\/hannah-solstad-klepp\" style=\"z-index:1\" title=\"Hannah Solstad Klepp\" rel=\"nofollow noopener\" target=\"_blank\"><img alt=\"Bilde av Hannah Solstad Klepp\" class=\"_image_18f0k_93\" fetchpriority=\"low\" loading=\"lazy\" decoding=\"async\" itemprop=\"image\"  src=\"https:\/\/www.europesays.com\/no\/wp-content\/uploads\/2025\/11\/1763634080_759_f811f9c1-64f7-4c50-9133-b5735831a650\"  width=\"480\"\/><\/a><\/li>\n<\/ul>\n<p> Oppdatert torsdag 20. november kl. 00:40     <\/p>\n<p class=\"_paragraph_o9xde_4 _paragraph_xtcu6_10 layout-component text-serif-m layout-normal text-serif-m layout-padded\">I september sendte <a href=\"https:\/\/www.vg.no\/tag\/eminem?utm_source=vg-article&amp;utm_medium=auto-tagger&amp;utm_campaign=xmxxQX\" class=\"_link_o9xde_39\" rel=\"nofollow noopener\" target=\"_blank\">Eminems<\/a> advokater inn en klage til det amerikanske patent- og varemerkekontoretamerikanske patent- og varemerkekontoretDet er et amerikansk f\u00f8deralt forvaltningsorgan som tildeler patenter og varemerkebeskyttelse for forretnings- og produktoppfinnelser., der han ber om at det australske badet\u00f8ysmerke, Swim Shady, blir opphevet.<\/p>\n<p class=\"_paragraph_o9xde_4 _paragraph_xtcu6_10 layout-component text-serif-m layout-normal text-serif-m layout-padded\">Han mener navnet er for likt hans eget varemerke Slim Shady, melder\u00a0<a href=\"https:\/\/www.bbc.com\/news\/articles\/ckgkr13lnp1o\" class=\"_link_o9xde_39\" rel=\"nofollow noopener\" target=\"_blank\">BBC<\/a>.<\/p>\n<p class=\"_paragraph_o9xde_4 _paragraph_xtcu6_10 layout-component text-serif-m layout-normal text-serif-m layout-padded\">Advokatene hevder at det Sydney-baserte merket skaper en \u00abfalsk tilknytning\u00bb til rapperen. Selskapet har frist til neste uke med \u00e5 svare p\u00e5 klagen.<\/p>\n<p class=\"_paragraph_o9xde_4 _paragraph_xtcu6_10 layout-component text-serif-m layout-normal layout-padded\"><strong class=\"_strong_o9xde_25\">Les ogs\u00e5:<\/strong> <a href=\"https:\/\/www.vg.no\/i\/MnbRgm\" data-track-element-type=\"Link\" data-track-id=\"link:MnbRgm\" class=\"_link_o9xde_39\" rel=\"nofollow noopener\" target=\"_blank\">Eminem har blitt bestefar <\/a><\/p>\n<p class=\"_paragraph_o9xde_4 _paragraph_xtcu6_10 layout-component text-serif-m layout-normal text-serif-m layout-padded\">Swim Shady ble registrert i september 2023 og lanserte opprinnelig under navnet Slim Shade. Selskapet selger b\u00e6rbare strandparaplyer, strandvesker, h\u00e5ndkl\u00e6r og badeshortser.<\/p>\n<p class=\"_paragraph_o9xde_4 _paragraph_xtcu6_10 layout-component text-serif-m layout-normal text-serif-m layout-padded\">\u2013 Swim Shady er et \u00abgrass fed Australian company\u00bb\u00abgrass fed Australian company\u00bbEt firma som vokst fram nedenfra. Ofte uavhengig, ekte, og ikke styrt av store investorer. som ble startet for \u00e5 lage stilige og effektive solskjermer og andre produkter for \u00e5 beskytte mot den sterke australske solen, sier selskapet.<\/p>\n<p class=\"_paragraph_o9xde_4 _paragraph_xtcu6_10 layout-component text-serif-m layout-normal text-serif-m layout-padded\">De legger til at de ikke kan kommentere saken ytterligere s\u00e5 lenge den er under behandling, if\u00f8lge BBC.<\/p>\n<p class=\"_paragraph_o9xde_4 _paragraph_xtcu6_10 layout-component text-serif-m layout-normal text-serif-m layout-padded\">Eminem registrerte varemerket Slim Shady i USA i 1999, samme \u00e5r som han ga ut albumet med samme navn. <\/p>\n<p class=\"_paragraph_o9xde_4 _paragraph_xtcu6_10 layout-component text-serif-m layout-normal text-serif-m layout-padded\">Advokatene hans hevder navnet n\u00e5 er \u00abs\u00e6regent og kjent\u00bb og utelukkende knyttet til hans rapkarriere.<\/p>\n<p class=\"_paragraph_o9xde_4 _paragraph_xtcu6_10 layout-component text-serif-m layout-normal text-serif-m layout-padded\">Den 53 \u00e5r gamle rapperen ble verdenskjent i \u00e5r 2000 med hiten \u00abThe Real Slim Shady\u00bb, som ga ham en Grammy for \u00abBeste Rap Solo\u00bb. <\/p>\n<p class=\"_paragraph_o9xde_4 _paragraph_xtcu6_10 layout-component text-serif-m layout-normal text-serif-m layout-padded\">Til sammen har han n\u00e5 <a href=\"https:\/\/www.grammy.com\/artists\/eminem\/8580\" class=\"_link_o9xde_39\" rel=\"nofollow noopener\" target=\"_blank\">vunnet 15 Grammyer<\/a>, og v\u00e6rt nominert 47 ganger. <\/p>\n<p><img alt=\"Eminem mottok en Grammy for \u00abBeste Rapalbum\u00bb i 2001.  Foto: GARY HERSHORN \/ Reuters \/ NTB\" class=\"_image_qp4xg_65 layout-component layout-normal\" data-fullscreen- data-track-element-type=\"Article image fullscreen\" data-track-name=\"ImageFullscreen\" decoding=\"async\" loading=\"lazy\" height=\"2048\" itemprop=\"image\"  src=\"https:\/\/www.europesays.com\/no\/wp-content\/uploads\/2025\/11\/7d07616a-02fa-4193-808d-07430ba11dd6\"  style=\"object-position:0% 0%\" width=\"1513\"\/>Eminem mottok en Grammy for \u00abBeste Rapalbum\u00bb i 2001.  Foto: GARY HERSHORN \/ Reuters \/ NTB<\/p>\n<p class=\"_paragraph_o9xde_4 _paragraph_xtcu6_10 layout-component text-serif-m layout-normal text-serif-m layout-padded\">I fjor ble en tidligere dom opphevet i en lignende australsk varemerkesak, der popstjernen Katy Perry ble anklaget for \u00e5 ha krenket varemerket til den australske designeren Katie Perry.<\/p>\n<p class=\"_paragraph_o9xde_4 _paragraph_xtcu6_10 layout-component text-serif-m layout-normal text-serif-m layout-padded\">Designeren, som solgte kl\u00e6r under sitt eget navn, mente Katy Perry br\u00f8t varemerkeloven da hun solgte merch under turneen sin i Australia i 2014.<\/p>\n<p>Les ogs\u00e5<\/p>\n","protected":false},"excerpt":{"rendered":"Han mener navnet er for likt hans eget varemerke. Foto: LEON BENNETT \/ AFP \/ NTB Oppdatert torsdag&hellip;\n","protected":false},"author":2,"featured_media":91789,"comment_status":"","ping_status":"","sticky":false,"template":"","format":"standard","meta":{"footnotes":""},"categories":[58],"tags":[11999,71,30,28,29,1713,72],"class_list":{"0":"post-91788","1":"post","2":"type-post","3":"status-publish","4":"format-standard","5":"has-post-thumbnail","7":"category-underholdning","8":"tag-eminem","9":"tag-entertainment","10":"tag-no","11":"tag-norge","12":"tag-norway","13":"tag-soksmal","14":"tag-underholdning"},"share_on_mastodon":{"url":"https:\/\/pubeurope.com\/@no\/115581530362422695","error":""},"_links":{"self":[{"href":"https:\/\/www.europesays.com\/no\/wp-json\/wp\/v2\/posts\/91788","targetHints":{"allow":["GET"]}}],"collection":[{"href":"https:\/\/www.europesays.com\/no\/wp-json\/wp\/v2\/posts"}],"about":[{"href":"https:\/\/www.europesays.com\/no\/wp-json\/wp\/v2\/types\/post"}],"author":[{"embeddable":true,"href":"https:\/\/www.europesays.com\/no\/wp-json\/wp\/v2\/users\/2"}],"replies":[{"embeddable":true,"href":"https:\/\/www.europesays.com\/no\/wp-json\/wp\/v2\/comments?post=91788"}],"version-history":[{"count":0,"href":"https:\/\/www.europesays.com\/no\/wp-json\/wp\/v2\/posts\/91788\/revisions"}],"wp:featuredmedia":[{"embeddable":true,"href":"https:\/\/www.europesays.com\/no\/wp-json\/wp\/v2\/media\/91789"}],"wp:attachment":[{"href":"https:\/\/www.europesays.com\/no\/wp-json\/wp\/v2\/media?parent=91788"}],"wp:term":[{"taxonomy":"category","embeddable":true,"href":"https:\/\/www.europesays.com\/no\/wp-json\/wp\/v2\/categories?post=91788"},{"taxonomy":"post_tag","embeddable":true,"href":"https:\/\/www.europesays.com\/no\/wp-json\/wp\/v2\/tags?post=91788"}],"curies":[{"name":"wp","href":"https:\/\/api.w.org\/{rel}","templated":true}]}}