{"id":91796,"date":"2025-11-20T10:37:08","date_gmt":"2025-11-20T10:37:08","guid":{"rendered":"https:\/\/www.europesays.com\/no\/91796\/"},"modified":"2025-11-20T10:37:08","modified_gmt":"2025-11-20T10:37:08","slug":"raskere-lading-pa-vei-i-samsungs-neste-ultra-modell","status":"publish","type":"post","link":"https:\/\/www.europesays.com\/no\/91796\/","title":{"rendered":"Raskere lading p\u00e5 vei i Samsungs neste Ultra-modell"},"content":{"rendered":"<p>Samsungs kommende Ultra-generasjon n\u00e6rmer seg lansering, og stadig flere lekkasjer peker i samme retning: ladingen blir raskere enn f\u00f8r. Det gjelder b\u00e5de via kabel og tr\u00e5dl\u00f8st, noe som betyr at Samsung for f\u00f8rste gang p\u00e5 flere \u00e5r kan heve grensen for hvor fort toppmodellen kan lades.<\/p>\n<p>Betydelig h\u00f8yere ladehastighet med kabel<\/p>\n<p>If\u00f8lge interne kilder skal Ultra-modellen kunne n\u00e5 opptil 60 watt n\u00e5r den kobles til en lader. Selv om enkelte kinesiske produsenter fortsatt tilbyr langt h\u00f8yere effekter, vil dette likevel gi en tydelig forbedring for brukere av Samsungs flaggskip.<\/p>\n<p><strong>Les ogs\u00e5: <\/strong><a href=\"https:\/\/teksiden.no\/nyheter\/svindel-pa-e-post-falsk-melding-fra-vygruppen\/\" rel=\"nofollow noopener\" target=\"_blank\">Svindel p\u00e5 e-post \u2013 falsk melding fra \u00abVygruppen\u00bb<\/a><\/p>\n<p>Samtidig ser det ut til at selskapet ogs\u00e5 l\u00f8fter tempoet p\u00e5 tr\u00e5dl\u00f8s lading. En rapport fra S\u00f8r-Korea antyder at Ultra-varianten kan oppn\u00e5 opptil 25 watt tr\u00e5dl\u00f8st, mens de mindre modellene vil ligge rundt 20 watt. Dagens Galaxy-enheter st\u00f8tter maksimalt 15 watt, s\u00e5 et l\u00f8ft til 20\u201325 watt vil markere et stort steg opp.<\/p>\n<p>Mulige magnetringer og Qi2-st\u00f8tte<\/p>\n<p>Det er forel\u00f8pig uklart om Samsung vil bruke Qi2-standarden med sitt 25-watts tak. Likevel finnes det tegn til at de nye modellene f\u00e5r innebygde magnetringer, inspirert av l\u00f8sninger fra blant annet Googles Pixel-serie. Det skriver <a href=\"https:\/\/www.chip.de\/news\/handy\/samsung-legt-den-turbo-ein-warum-das-aufladen-kuenftig-deutlich-schneller-werden-duerfte_4dd7b95c-4d75-45b0-b861-90f229b289c7.html\" target=\"_blank\" rel=\"noopener nofollow\">chip.<\/a><\/p>\n<p>Samsung har nylig lansert egne magnetiske ladere, og kombinasjonen av magnetisk festing og Qi2 kan gi b\u00e5de raskere og mer stabil tr\u00e5dl\u00f8s lading. Dette vil ogs\u00e5 \u00e5pne d\u00f8ren for flere typer tilbeh\u00f8r.<\/p>\n<p>Flere detaljer om den nye generasjonen<\/p>\n<p>De siste ukene har det dukket opp mange nye opplysninger om den kommende serien. Lanseringen ser n\u00e5 ut til \u00e5 peke mot slutten av januar, tidligere antatt \u00e5 v\u00e6re i februar. Det meldes ogs\u00e5 at Samsung vurderer \u00e5 legge bort Edge-konseptet for godt og heller styrke Plus-modellen, siden kantdesignene tidligere ikke solgte som forventet.<\/p>\n<p>Sakte, men sikkert begynner bildet av den nye Galaxy-serien \u00e5 bli tydeligere. Fortsatt gjenst\u00e5r noen sp\u00f8rsm\u00e5l, men lekkasjene viser at Samsung jobber for \u00e5 gj\u00f8re ladeopplevelsen raskere og mer praktisk i det daglige.<\/p>\n<p>Det finnes ogs\u00e5 antydninger om det som trolig blir Galaxy S27 Ultra. If\u00f8lge kilder som Enter.co skal Samsung teste en teknologi kalt Polar ID, men detaljer om hva dette inneb\u00e6rer er enn\u00e5 uklare.<\/p>\n<p><strong>Les ogs\u00e5: <\/strong><a href=\"https:\/\/teksiden.no\/nyheter\/slik-ble-mosen-vitne-i-en-drapssak\/\" rel=\"nofollow noopener\" target=\"_blank\">Slik ble mosen vitne i en drapssak<\/a><\/p>\n","protected":false},"excerpt":{"rendered":"Samsungs kommende Ultra-generasjon n\u00e6rmer seg lansering, og stadig flere lekkasjer peker i samme retning: ladingen blir raskere enn&hellip;\n","protected":false},"author":2,"featured_media":40265,"comment_status":"","ping_status":"","sticky":false,"template":"","format":"standard","meta":{"footnotes":""},"categories":[57],"tags":[30,28,29,65,63,64,66,70,69,67,68],"class_list":{"0":"post-91796","1":"post","2":"type-post","3":"status-publish","4":"format-standard","5":"has-post-thumbnail","7":"category-vitenskap-og-teknologi","8":"tag-no","9":"tag-norge","10":"tag-norway","11":"tag-science","12":"tag-science-and-technology","13":"tag-scienceandtechnology","14":"tag-technology","15":"tag-teknologi","16":"tag-vitenskap","17":"tag-vitenskap-og-teknologi","18":"tag-vitenskapteknologi"},"share_on_mastodon":{"url":"https:\/\/pubeurope.com\/@no\/115581593074976740","error":""},"_links":{"self":[{"href":"https:\/\/www.europesays.com\/no\/wp-json\/wp\/v2\/posts\/91796","targetHints":{"allow":["GET"]}}],"collection":[{"href":"https:\/\/www.europesays.com\/no\/wp-json\/wp\/v2\/posts"}],"about":[{"href":"https:\/\/www.europesays.com\/no\/wp-json\/wp\/v2\/types\/post"}],"author":[{"embeddable":true,"href":"https:\/\/www.europesays.com\/no\/wp-json\/wp\/v2\/users\/2"}],"replies":[{"embeddable":true,"href":"https:\/\/www.europesays.com\/no\/wp-json\/wp\/v2\/comments?post=91796"}],"version-history":[{"count":0,"href":"https:\/\/www.europesays.com\/no\/wp-json\/wp\/v2\/posts\/91796\/revisions"}],"wp:featuredmedia":[{"embeddable":true,"href":"https:\/\/www.europesays.com\/no\/wp-json\/wp\/v2\/media\/40265"}],"wp:attachment":[{"href":"https:\/\/www.europesays.com\/no\/wp-json\/wp\/v2\/media?parent=91796"}],"wp:term":[{"taxonomy":"category","embeddable":true,"href":"https:\/\/www.europesays.com\/no\/wp-json\/wp\/v2\/categories?post=91796"},{"taxonomy":"post_tag","embeddable":true,"href":"https:\/\/www.europesays.com\/no\/wp-json\/wp\/v2\/tags?post=91796"}],"curies":[{"name":"wp","href":"https:\/\/api.w.org\/{rel}","templated":true}]}}