{"id":91811,"date":"2025-11-20T10:50:11","date_gmt":"2025-11-20T10:50:11","guid":{"rendered":"https:\/\/www.europesays.com\/no\/91811\/"},"modified":"2025-11-20T10:50:11","modified_gmt":"2025-11-20T10:50:11","slug":"forfang-preget-av-beskjed-fra-faren-det-var-sterkt-for-meg","status":"publish","type":"post","link":"https:\/\/www.europesays.com\/no\/91811\/","title":{"rendered":"Forfang preget av beskjed fra faren: \u2013 Det var sterkt for meg"},"content":{"rendered":"<p>\u2013 Det er utrolig hvor mye alt annet kan g\u00e5 til helvete, og n\u00e5r han er der, klarer du likevel \u00e5 smile og ha det bra, sier Forfang som m\u00f8ter NTB p\u00e5 et pressetreff i Nydalen i Oslo.<\/p>\n<p>30-\u00e5ringen med OL-gull og VM-gull sitter med s\u00f8nnen Herman (5 m\u00e5neder) p\u00e5 fanget.<\/p>\n<p>\u2013 Det har v\u00e6rt han som har holdt meg oppe det siste halve \u00e5ret, sier Forfang.<\/p>\n<p>Hoppstjernen er tilbake etter \u00e5 ha v\u00e6rt utestengt av Det internasjonale skiforbundet (FIS). Han og Marius Lindvik inngikk et forlik med FIS etter VM-jukset i Gran\u00e5sen. P\u00e5 hjemmebane har det ogs\u00e5 v\u00e6rt store kontraster for Forfang.<\/p>\n<p>Hans far har f\u00e5tt kreft, og 30-\u00e5ringen har midt oppi dette blitt far selv.<\/p>\n<p>\u2013 Det har v\u00e6rt dype daler. Og s\u00e5 er det h\u00f8ye topper n\u00e5r man kan se Herman og pappa sammen. Jeg ser hvor mye glede han gir til faderen, forteller Forfang.<\/p>\n<p>\u2013 Det betyr utrolig mye, og det setter alt annet i et perspektiv at det blir mindre viktig. Det har jeg virkelig kjent p\u00e5 og l\u00e6rt de siste \u00e5rene. Hoppingen er tross alt ikke det viktigste i livet mitt.<\/p>\n<p><img decoding=\"async\" src=\"data:image\/gif;base64,R0lGODlhEAAJAIAAAP\/\/\/wAAACH5BAEAAAAALAAAAAAQAAkAAAIKhI+py+0Po5yUFQA7\" alt=\"\"\/><br \/>\n  Johann Andr\u00e9 Forfang og Hugo Forfang i Gr\u00f8nn\u00e5sen hoppsenter i forbindelse med \u00e5pningen av verdens nordligste sommerhoppbakke<br \/>\n  <strong>Foto:<\/strong> Steffen Todal LyksethBeskjed fra faren<\/p>\n<p>\u00c9n episode har festet seg spesielt i samtale med sin alvorlig syke far, forteller Forfang.<\/p>\n<p>\u2013 Som han sier: Dette er hans toppidrett. Man bruker jo mye av de samme verkt\u00f8yene som man gj\u00f8r for \u00e5 prestere som idrettsut\u00f8ver.<\/p>\n<p>\u2013 Det var sterkt for meg da han fortalte meg at han skulle benytte seg av de verkt\u00f8yene han har l\u00e6rt gjennom toppidretten med meg og broderen (Daniel Forfang). Det synes jeg han h\u00e5ndterer p\u00e5 mesterlig vis.<\/p>\n<p>30-\u00e5ringen peker p\u00e5 det mentale, og disiplinen rundt ting som handler om kosthold og hvile.<\/p>\n<p>\u2013 Det har v\u00e6rt imponerende \u00e5 se hvordan han har tatt det.<\/p>\n<p>Herman begynner \u00e5 bli litt ut\u00e5lmodig p\u00e5 fanget. Da er det ikke langt til samboer Kristin Solberg, som tar over. Solberg har reist mye med Forfang og v\u00e6rt en stor st\u00f8tte.<\/p>\n<p>\u2013 Jeg er utrolig takknemlig og heldig, sier Forfang.<\/p>\n<p>P\u00e5 hjemmebane har det ogs\u00e5 g\u00e5tt mye tid til \u00e5 renovere familiens hjem.<\/p>\n<p>Klar for Lillehammer<\/p>\n<p>Etter diskvalifiseringen i VM i Trondheim har det v\u00e6rt en voldsom mediestorm rundt det norske laget og spesielt Forfang og Lindvik.<\/p>\n<p>If\u00f8lge FIS erkjente duoen at de har et objektivt ansvar for \u00e5 ha brukt dresset som br\u00f8t med regelverket.<\/p>\n<p>\u2013 De er ogs\u00e5 enige i at de burde ha sjekket og stilt sp\u00f8rsm\u00e5l om de nattlige justeringene, skrev FIS i sin pressemelding.<\/p>\n<p>N\u00e5 er begge tatt ut p\u00e5 det norske laget som skal i aksjon i helgens verdenscup\u00e5pning p\u00e5 Lillehammer.<\/p>\n<p>Forfang erkjenner at det er vanskelig \u00e5 si hvordan den helgen skal g\u00e5.<\/p>\n<p>\u2013 Men toppniv\u00e5et mitt er fortsatt h\u00f8yt, sier han.<\/p>\n<p>\u2013 F\u00e5r se<\/p>\n<p>Sportssjef Jan Erik Aalbu er optimist.<\/p>\n<p>\u2013 Jeg er sikker p\u00e5 at vi har gjort et godt stykke arbeid, og s\u00e5 f\u00e5r vi se om resultatene er gode nok, sier Aalbu om helgen.<\/p>\n<p>Det norske laget stiller med et helt nytt st\u00f8tteapparat med Rune Velta i spissen som landslagssjef.<\/p>\n<p>Helgen p\u00e5 Lillehammer starter med mixed lagkonkurranse fredag. Deretter er det individuelle renn.<\/p>\n","protected":false},"excerpt":{"rendered":"\u2013 Det er utrolig hvor mye alt annet kan g\u00e5 til helvete, og n\u00e5r han er der, klarer&hellip;\n","protected":false},"author":2,"featured_media":91812,"comment_status":"","ping_status":"","sticky":false,"template":"","format":"standard","meta":{"footnotes":""},"categories":[59],"tags":[1489,30,28,29,83,82],"class_list":{"0":"post-91811","1":"post","2":"type-post","3":"status-publish","4":"format-standard","5":"has-post-thumbnail","7":"category-sport","8":"tag-johann-andre-forfang","9":"tag-no","10":"tag-norge","11":"tag-norway","12":"tag-sport","13":"tag-sports"},"share_on_mastodon":{"url":"https:\/\/pubeurope.com\/@no\/115581643852038687","error":""},"_links":{"self":[{"href":"https:\/\/www.europesays.com\/no\/wp-json\/wp\/v2\/posts\/91811","targetHints":{"allow":["GET"]}}],"collection":[{"href":"https:\/\/www.europesays.com\/no\/wp-json\/wp\/v2\/posts"}],"about":[{"href":"https:\/\/www.europesays.com\/no\/wp-json\/wp\/v2\/types\/post"}],"author":[{"embeddable":true,"href":"https:\/\/www.europesays.com\/no\/wp-json\/wp\/v2\/users\/2"}],"replies":[{"embeddable":true,"href":"https:\/\/www.europesays.com\/no\/wp-json\/wp\/v2\/comments?post=91811"}],"version-history":[{"count":0,"href":"https:\/\/www.europesays.com\/no\/wp-json\/wp\/v2\/posts\/91811\/revisions"}],"wp:featuredmedia":[{"embeddable":true,"href":"https:\/\/www.europesays.com\/no\/wp-json\/wp\/v2\/media\/91812"}],"wp:attachment":[{"href":"https:\/\/www.europesays.com\/no\/wp-json\/wp\/v2\/media?parent=91811"}],"wp:term":[{"taxonomy":"category","embeddable":true,"href":"https:\/\/www.europesays.com\/no\/wp-json\/wp\/v2\/categories?post=91811"},{"taxonomy":"post_tag","embeddable":true,"href":"https:\/\/www.europesays.com\/no\/wp-json\/wp\/v2\/tags?post=91811"}],"curies":[{"name":"wp","href":"https:\/\/api.w.org\/{rel}","templated":true}]}}