{"id":91858,"date":"2025-11-20T11:46:13","date_gmt":"2025-11-20T11:46:13","guid":{"rendered":"https:\/\/www.europesays.com\/no\/91858\/"},"modified":"2025-11-20T11:46:13","modified_gmt":"2025-11-20T11:46:13","slug":"einar-gelius-rammet-av-foflekkreft-prestens-kamp-mot-sykdommen","status":"publish","type":"post","link":"https:\/\/www.europesays.com\/no\/91858\/","title":{"rendered":"Einar Gelius rammet av f\u00f8flekkreft: Prestens kamp mot sykdommen"},"content":{"rendered":"<p class=\"kicker \" style=\"\">Einar Gelius hadde prostatakreft<\/p>\n<p>  Den popul\u00e6re presten ble friskmeldt fra kreften \u2013 n\u00e5 er han rammet igjen. Av en annen type kreft.<\/p>\n<p>\n    KLAR OPPFORDRING: I h\u00f8st er Einar Gelius en av Kreftforeningens Movember-ambassad\u00f8rer. \u2013 Det er viktig at menn g\u00e5r til lege og f\u00e5r sjekket seg, sier Gelius som tidligere har hatt prostatakreft. Foto: Morten Eik\n  <\/p>\n<p><a href=\"https:\/\/www.seher.no\/kjendis\/dette-synes-jeg-var-over-kanten\/64629236\" rel=\"nofollow noopener\" target=\"_blank\">Einar Gelius <\/a>(66) har alltid v\u00e6rt en mann med livsglede og overskudd. N\u00e5 er forfatteren, og presten i S\u00f8r-Odal rammet av alvorlig sykdom. Dette skjer samtidig som han er engasjert som Movember-ambassad\u00f8r \u2013 en kampanje der menn oppfordres til \u00e5 sjekke seg for prostatakreft.<\/p>\n<p>        TAR OVER TIKTOK: Emilie Enger Mehl r\u00f8per hva hun syns om de virale \u00abSkal vi danse\u00bb-videoene av seg selv. Reporter: Sanne Holt\/ Karolina G. Rusov-Hansen. Video: TV 2\/ Tiktok @hallastalker\/ @lmd20055\/ @aylinbraathen<\/p>\n<p>\u2013 Selv fikk jeg prostatakreft for fire \u00e5r siden. Jeg ble operert, og det har g\u00e5tt ganske bra etter det. Men i h\u00f8st fikk jeg f\u00f8flekkreft. N\u00e5 er jeg sykmeldt, skal inn til behandling, forteller han til Se og H\u00f8r.<\/p>\n<p>          <img loading=\"lazy\" decoding=\"async\" src=\"https:\/\/www.europesays.com\/no\/wp-content\/uploads\/2025\/11\/83864296.webp\" width=\"980\" height=\"559\" title=\"FOLKELIG: Einar har viet en rekke norske kjendispar \u2013 blant annet da P4s Michael Andreassen fikk ja fra sin Eva i Fagerborg Kirke i 2023. Foto: Andreas Fadum\" alt=\"\" class=\"\" style=\"--aspect-ratio-image: 1.75; \"\/><\/p>\n<p>\n          FOLKELIG: Einar har viet en rekke norske kjendispar \u2013 blant annet da P4s Michael Andreassen fikk ja fra sin Eva i Fagerborg Kirke i 2023. Foto: Andreas Fadum\n      <\/p>\n<p>F\u00f8flekken som skulle vise seg \u00e5 v\u00e6re ondartet, satt i tinningen.<\/p>\n<p>\u2013 Jeg har g\u00e5tt og sett p\u00e5 den lenge, og ba fastlegen fjerne den. Etter en tid kom svaret \u2013 og den var ondartet, sier Einar.<\/p>\n<p>    <a itemprop=\"url\" href=\"https:\/\/www.seher.no\/kjendis\/kjell-kaspersen-er-dod\/83863024\" rel=\"nofollow noopener\" target=\"_blank\"><\/p>\n<p>      <img loading=\"lazy\" decoding=\"async\" src=\"https:\/\/www.europesays.com\/no\/wp-content\/uploads\/2025\/11\/1763639172_400_83863050.webp\" width=\"980\" height=\"441\" title=\"Kjell Kaspersen er d\u00f8d\" alt=\"\" class=\"lazyload\" style=\"--aspect-ratio-image: 2.22; \"\/><\/p>\n<p>        Kjell Kaspersen er d\u00f8d<\/p>\n<p>    <\/a><\/p>\n<p>N\u00e5 skal han p\u00e5 sykehuset for videre behandling.<\/p>\n<p>\u2013 De skal sette inn kontrastv\u00e6ske for \u00e5 se om den har utviklet seg i forhold til lymfe-knuter. S\u00e5 vil de p\u00e5 bakgrunn av det foreta en operasjon, sier han.<\/p>\n<p>Han tror ikke det er noen sammenheng mellom de to krefttypene.<\/p>\n<p>          <img loading=\"lazy\" decoding=\"async\" src=\"https:\/\/www.europesays.com\/no\/wp-content\/uploads\/2025\/11\/83864299.webp\" width=\"686\" height=\"700\" title=\"SPORTY: I 2010 deltok Einar i TV 2s \u00abSkal vi danse\u00bb med dansepartner Olga Divakova. Det gjorde den tidligere V\u00e5lerenga-presten for alvor kjent for nordmenn. Foto: Tor Lindseth\" alt=\"\" class=\"\" style=\"--aspect-ratio-image: 0.98; \"\/><\/p>\n<p>\n          SPORTY: I 2010 deltok Einar i TV 2s \u00abSkal vi danse\u00bb med dansepartner Olga Divakova. Det gjorde den tidligere V\u00e5lerenga-presten for alvor kjent for nordmenn. Foto: Tor Lindseth\n      <\/p>\n<p>\u2013 Jeg spurte legen om det, men det er det ikke. F\u00f8flekken skyldes nok sol og soling \u2013 jeg er jo p\u00e5 S\u00f8rlandet hele sommeren.<\/p>\n<p>Den popul\u00e6re presten legger ikke skjul p\u00e5 at beskjeden traff ham hardt. <\/p>\n<p class=\"font-weight-bold m-font-weight-bold\" data-lab-font_weight=\"font-weight-bold\">\u2013 Det har g\u00e5tt bra etter prostatakreften, men dette var en liten nedtur. Du f\u00e5r deg noen ekstra tanker n\u00e5r du st\u00e5r midt oppi det, sier Einar \u00e6rlig.<\/p>\n<p>    <a itemprop=\"url\" href=\"https:\/\/www.seher.no\/kjendis\/bekrefter-flyttet-ikke\/83863145\" rel=\"nofollow noopener\" target=\"_blank\"><\/p>\n<p>      <img loading=\"lazy\" decoding=\"async\" src=\"https:\/\/www.europesays.com\/no\/wp-content\/uploads\/2025\/11\/83863228.webp\" width=\"980\" height=\"441\" title=\"Bekrefter: - Flyttet ikke\" alt=\"\" class=\"lazyload\" style=\"--aspect-ratio-image: 2.22; \"\/><\/p>\n<p>        Bekrefter: &#8211; Flyttet ikke<\/p>\n<p>    <\/a><\/p>\n<p>\u2013 Jeg vet ikke hvor lenge jeg blir sykmeldt, men planen er \u00e5 bli pensjonist n\u00e5 til sommeren. Jeg h\u00e5per jeg kan jobbe litt som en siste avslutning f\u00f8r det, sier Einar oppriktig.<\/p>\n<p>\u00a0Neste \u00e5r er det 40 \u00e5r siden han ble vigslet som prest \u2013 et liv han ser tilbake p\u00e5 med takknemlighet. <\/p>\n<p class=\"font-weight-bold m-font-weight-bold\" data-lab-font_weight=\"font-weight-bold\">\u2013 Det har v\u00e6rt en flott tid. Jeg f\u00e5r mange hyggelige tilbakemeldinger fra folk, og det er veldig koselig, sier han til Se og H\u00f8r.<\/p>\n","protected":false},"excerpt":{"rendered":"Einar Gelius hadde prostatakreft Den popul\u00e6re presten ble friskmeldt fra kreften \u2013 n\u00e5 er han rammet igjen. Av&hellip;\n","protected":false},"author":2,"featured_media":91859,"comment_status":"","ping_status":"","sticky":false,"template":"","format":"standard","meta":{"footnotes":""},"categories":[5],"tags":[20,21,11869,4104,24,25,15,19,479,4789,22,23,17,18,13,30,28,29,14,16,26,27],"class_list":{"0":"post-91858","1":"post","2":"type-post","3":"status-publish","4":"format-standard","5":"has-post-thumbnail","7":"category-overskrifter","8":"tag-breaking-news","9":"tag-breakingnews","10":"tag-einar-gelius","11":"tag-eksklusivt","12":"tag-featured-news","13":"tag-featurednews","14":"tag-headlines","15":"tag-hovedoppslag","16":"tag-kjendis","17":"tag-kreftsyk","18":"tag-latest-news","19":"tag-latestnews","20":"tag-main-news","21":"tag-mainnews","22":"tag-news","23":"tag-no","24":"tag-norge","25":"tag-norway","26":"tag-nyheter","27":"tag-overskrifter","28":"tag-top-stories","29":"tag-topstories"},"share_on_mastodon":{"url":"https:\/\/pubeurope.com\/@no\/115581864625643535","error":""},"_links":{"self":[{"href":"https:\/\/www.europesays.com\/no\/wp-json\/wp\/v2\/posts\/91858","targetHints":{"allow":["GET"]}}],"collection":[{"href":"https:\/\/www.europesays.com\/no\/wp-json\/wp\/v2\/posts"}],"about":[{"href":"https:\/\/www.europesays.com\/no\/wp-json\/wp\/v2\/types\/post"}],"author":[{"embeddable":true,"href":"https:\/\/www.europesays.com\/no\/wp-json\/wp\/v2\/users\/2"}],"replies":[{"embeddable":true,"href":"https:\/\/www.europesays.com\/no\/wp-json\/wp\/v2\/comments?post=91858"}],"version-history":[{"count":0,"href":"https:\/\/www.europesays.com\/no\/wp-json\/wp\/v2\/posts\/91858\/revisions"}],"wp:featuredmedia":[{"embeddable":true,"href":"https:\/\/www.europesays.com\/no\/wp-json\/wp\/v2\/media\/91859"}],"wp:attachment":[{"href":"https:\/\/www.europesays.com\/no\/wp-json\/wp\/v2\/media?parent=91858"}],"wp:term":[{"taxonomy":"category","embeddable":true,"href":"https:\/\/www.europesays.com\/no\/wp-json\/wp\/v2\/categories?post=91858"},{"taxonomy":"post_tag","embeddable":true,"href":"https:\/\/www.europesays.com\/no\/wp-json\/wp\/v2\/tags?post=91858"}],"curies":[{"name":"wp","href":"https:\/\/api.w.org\/{rel}","templated":true}]}}