{"id":91860,"date":"2025-11-20T11:47:14","date_gmt":"2025-11-20T11:47:14","guid":{"rendered":"https:\/\/www.europesays.com\/no\/91860\/"},"modified":"2025-11-20T11:47:14","modified_gmt":"2025-11-20T11:47:14","slug":"naboene-maper","status":"publish","type":"post","link":"https:\/\/www.europesays.com\/no\/91860\/","title":{"rendered":"Naboene m\u00e5per"},"content":{"rendered":"<p>  Svenske Martin har tatt verdensrekord med 81 fyrstikker i nesa.<\/p>\n<p>\n    NOE FOR SEG SELV: Martin Str\u00f6by har plass til en god del fyrstikker i neseborene. Foto: Guinness World Records\n  <\/p>\n<p>    Kort fortalt<\/p>\n<ul lang=\"nb-NO\">\n<li>Svenske Martin Str\u00f6by har satt Guinness-rekord med 81 fyrstikker i nesa.<\/li>\n<li>Rekorden ble inspirert av barna hans, som ville at han skulle pr\u00f8ve.<\/li>\n<li>Str\u00f6by oppdaget et talent for \u00e5 strekke neseborene og ignorere smerte.<\/li>\n<li>Han er usikker p\u00e5 om han vil pr\u00f8ve en ny rekord, men barna kan overtale ham.<\/li>\n<\/ul>\n<p class=\"italic ai-disclaimer\" data-lab-italic=\"italic\">Sammendraget er laget av ChatGPT og godkjent av Dagbladet.<\/p>\n<p>      Vis mer<br \/>\n      Vis mindre<\/p>\n<p>Svenske Martin Str\u00f6bys (42) barn er i ekstase.<\/p>\n<p>\u00c5rsaken er at han har satt verdensrekorden for flest fyrstikker i nesa.\u00a0<\/p>\n<p>Han presset inn utrolige 81 fyrstikker &#8211; noe som er langt over den tidligere rekorden p\u00e5 68, opplyser <a href=\"https:\/\/www.guinnessworldrecords.com\/news\/2025\/11\/devoted-dad-shoves-81-matches-up-his-nose-after-kids-beg-him-to-break-a-world-record\" rel=\"nofollow noopener\" target=\"_blank\">Guinness World Records<\/a>.<\/p>\n<p>    <a itemprop=\"url\" href=\"https:\/\/www.dagbladet.no\/nyheter\/forste-dodsfall-bekreftet\/83861497\" rel=\"nofollow noopener\" target=\"_blank\"><\/p>\n<p>      <img loading=\"lazy\" decoding=\"async\" src=\"https:\/\/www.europesays.com\/no\/wp-content\/uploads\/2025\/11\/83862137.webp\" width=\"147\" height=\"98\" title=\"F\u00f8rste d\u00f8dsfall bekreftet\" alt=\"\" class=\"lazyload\" style=\"--aspect-ratio-image: 1.50; \"\/><\/p>\n<p>        F\u00f8rste d\u00f8dsfall bekreftet<\/p>\n<p>    <\/a><\/p>\n<p>Str\u00f6by forteller at ideen kom hjemme ved kj\u00f8kkenbordet, etter at barna bladde i rekordboka.<\/p>\n<p class=\"font-weight-bold m-font-weight-bold\" data-lab-font_weight=\"font-weight-bold\">&#8211; F\u00f8rst tenkte jeg at jeg ikke var god nok til \u00e5 v\u00e6re best i verden, sier han til rekordnettstedet.<\/p>\n<p>          <img loading=\"lazy\" decoding=\"async\" src=\"https:\/\/www.europesays.com\/no\/wp-content\/uploads\/2025\/11\/83876895.webp\" width=\"686\" height=\"995\" title=\"PRESSET INN: Her knuser Martin Str\u00f6by verdensrekorden. Foto: Guinness World Records\" alt=\"\" class=\"\" style=\"--aspect-ratio-image: 0.69; \"\/><\/p>\n<p>\n          PRESSET INN: Her knuser Martin Str\u00f6by verdensrekorden. Foto: Guinness World Records\n      <\/p>\n<p>Hadde testrunde\t<\/p>\n<p>Barna ga seg ikke, og faren begynte \u00e5 se etter en rekord han faktisk kunne klare.<\/p>\n<p>Etter en testrunde p\u00e5 ett nesebor fant han ut at han har et h\u00f8yst uvanlig talent.<\/p>\n<p class=\"font-weight-bold m-font-weight-bold\" data-lab-font_weight=\"font-weight-bold\">&#8211; Jeg oppdaget at jeg b\u00e5de kunne strekke neseborene mye og ignorere smerten, sier han.\u00a0<\/p>\n<p>    <a itemprop=\"url\" href=\"https:\/\/www.dagbladet.no\/nyheter\/meksikanere-havnet-midt-i-lysloypa\/83876426\" rel=\"nofollow noopener\" target=\"_blank\"><\/p>\n<p>      <img loading=\"lazy\" decoding=\"async\" src=\"https:\/\/www.europesays.com\/no\/wp-content\/uploads\/2025\/11\/83876432.webp\" width=\"980\" height=\"441\" title=\"Meksikanere havnet midt i lysl\u00f8ypa\" alt=\"\" class=\"lazyload\" style=\"--aspect-ratio-image: 2.22; \"\/><\/p>\n<p>        Meksikanere havnet midt i lysl\u00f8ypa<\/p>\n<p>    <\/a><\/p>\n<p>Det vanskeligste var likevel teknikken. Hver gang han satte inn tre fyrstikker, falt \u00e9n eller to ut.\u00a0<\/p>\n<p>Etter mange fors\u00f8k fant han en m\u00e5te \u00e5 holde dem p\u00e5 plass i neseborene.<\/p>\n<p>          <img loading=\"lazy\" decoding=\"async\" src=\"https:\/\/www.europesays.com\/no\/wp-content\/uploads\/2025\/11\/83876897.webp\" width=\"686\" height=\"392\" title=\"NYSGJERRIGE: Naboene str\u00f8mmet til under rekordfors\u00f8ket. Foto: Guinness World Records\" alt=\"\" class=\"\" style=\"--aspect-ratio-image: 1.75; \"\/><\/p>\n<p>\n          NYSGJERRIGE: Naboene str\u00f8mmet til under rekordfors\u00f8ket. Foto: Guinness World Records\n      <\/p>\n<p>Da han utf\u00f8rte selve rekordfors\u00f8ket, samlet naboene seg m\u00e5pende rundt ham.\u00a0\u00a0<\/p>\n<p>Det var likevel barna han helst ville imponere, og at han fors\u00f8ker \u00e5 l\u00e6re dem naturens og matematikkens undre &#8211; men ogs\u00e5 vennlighet og omtanke.<\/p>\n<p>&#8211; Jeg ville at barna skulle synes jeg er en kul pappa, sier han.<\/p>\n<p>        VERDENSREKORD: Hvor mange ganger klarer du \u00e5 hoppe med hoppetau p\u00e5 30 sekunder? Cen Xiaolin klarer 228. Video: Guinness World Records<\/p>\n<p>D\u00f8ra p\u00e5 gl\u00f8tt\t<\/p>\n<p>Barna ble imponert &#8211; men ogs\u00e5 litt forvirret.<\/p>\n<p>&#8211; De skj\u00f8nte ikke helt hvordan jeg fikk plass til s\u00e5 mange i vanlige nesebor, sier han.<\/p>\n<p>Str\u00f6by er usikker p\u00e5 om han skal pr\u00f8ve seg p\u00e5 en ny rekord, men \u00e5pner d\u00f8ra p\u00e5 gl\u00f8tt.<\/p>\n<p>&#8211; Jeg er ganske sikker p\u00e5 at barna klarer \u00e5 overtale meg, avslutter han.<\/p>\n","protected":false},"excerpt":{"rendered":"Svenske Martin har tatt verdensrekord med 81 fyrstikker i nesa. NOE FOR SEG SELV: Martin Str\u00f6by har plass&hellip;\n","protected":false},"author":2,"featured_media":91861,"comment_status":"","ping_status":"","sticky":false,"template":"","format":"standard","meta":{"footnotes":""},"categories":[59],"tags":[30,28,29,14,83,82,412],"class_list":{"0":"post-91860","1":"post","2":"type-post","3":"status-publish","4":"format-standard","5":"has-post-thumbnail","7":"category-sport","8":"tag-no","9":"tag-norge","10":"tag-norway","11":"tag-nyheter","12":"tag-sport","13":"tag-sports","14":"tag-utenriks"},"share_on_mastodon":{"url":"https:\/\/pubeurope.com\/@no\/115581868072771412","error":""},"_links":{"self":[{"href":"https:\/\/www.europesays.com\/no\/wp-json\/wp\/v2\/posts\/91860","targetHints":{"allow":["GET"]}}],"collection":[{"href":"https:\/\/www.europesays.com\/no\/wp-json\/wp\/v2\/posts"}],"about":[{"href":"https:\/\/www.europesays.com\/no\/wp-json\/wp\/v2\/types\/post"}],"author":[{"embeddable":true,"href":"https:\/\/www.europesays.com\/no\/wp-json\/wp\/v2\/users\/2"}],"replies":[{"embeddable":true,"href":"https:\/\/www.europesays.com\/no\/wp-json\/wp\/v2\/comments?post=91860"}],"version-history":[{"count":0,"href":"https:\/\/www.europesays.com\/no\/wp-json\/wp\/v2\/posts\/91860\/revisions"}],"wp:featuredmedia":[{"embeddable":true,"href":"https:\/\/www.europesays.com\/no\/wp-json\/wp\/v2\/media\/91861"}],"wp:attachment":[{"href":"https:\/\/www.europesays.com\/no\/wp-json\/wp\/v2\/media?parent=91860"}],"wp:term":[{"taxonomy":"category","embeddable":true,"href":"https:\/\/www.europesays.com\/no\/wp-json\/wp\/v2\/categories?post=91860"},{"taxonomy":"post_tag","embeddable":true,"href":"https:\/\/www.europesays.com\/no\/wp-json\/wp\/v2\/tags?post=91860"}],"curies":[{"name":"wp","href":"https:\/\/api.w.org\/{rel}","templated":true}]}}